{"id":80116,"date":"2019-01-16T22:43:12","date_gmt":"2019-01-16T20:43:12","guid":{"rendered":"http:\/\/www.tucomarca.com\/wordpress\/segunda\/?p=80116"},"modified":"2019-01-16T22:43:12","modified_gmt":"2019-01-16T20:43:12","slug":"el-ple-de-lajuntament-de-xest-aprova-una-mocio-perque-la-nova-normativa-del-parc-del-turia-sigui-menys-restrictiva-amb-lus-per-part-de-ciclistes-i-genets","status":"publish","type":"post","link":"https:\/\/tucomarca.whitekongsoftware.com\/ca\/el-ple-de-lajuntament-de-xest-aprova-una-mocio-perque-la-nova-normativa-del-parc-del-turia-sigui-menys-restrictiva-amb-lus-per-part-de-ciclistes-i-genets\/","title":{"rendered":"El Ple de l&#8217;Ajuntament de Xest aprova una moci\u00f3 perqu\u00e8 la nova normativa del Parc del T\u00faria sigui menys restrictiva amb l&#8217;\u00fas per part de ciclistes i genets"},"content":{"rendered":"<figure id=\"attachment_80113\" aria-describedby=\"caption-attachment-80113\" style=\"width: 342px\" class=\"wp-caption alignleft\"><img loading=\"lazy\" decoding=\"async\" class=\" wp-image-80113\" src=\"http:\/\/www.tucomarca.com\/wordpress\/segunda\/wp-content\/uploads\/2019\/01\/PlenoextraoRCHESTE.jpg\" alt=\"Pleno extraordinario por el Plan de Ordenaci\u00f3n de los Recursos Naturales (PORN) del Turia.\" width=\"342\" height=\"256\" srcset=\"https:\/\/tucomarca.whitekongsoftware.com\/wp-content\/uploads\/2019\/01\/PlenoextraoRCHESTE.jpg 4872w, https:\/\/tucomarca.whitekongsoftware.com\/wp-content\/uploads\/2019\/01\/PlenoextraoRCHESTE-300x225.jpg 300w, https:\/\/tucomarca.whitekongsoftware.com\/wp-content\/uploads\/2019\/01\/PlenoextraoRCHESTE-768x575.jpg 768w, https:\/\/tucomarca.whitekongsoftware.com\/wp-content\/uploads\/2019\/01\/PlenoextraoRCHESTE-1024x767.jpg 1024w\" sizes=\"auto, (max-width: 342px) 100vw, 342px\" \/><figcaption id=\"caption-attachment-80113\" class=\"wp-caption-text\">Ple extraordinari pel Pla d&#8217;Ordenaci\u00f3 dels Recursos Naturals (PORN) del T\u00faria.<\/figcaption><\/figure>\n<p>Dijous passat, 10 de gener, va tenir lloc un ple extraordinari, convocat d&#8217;urg\u00e8ncia a petici\u00f3 del Partit Popular, per tractar dues mocions relacionades amb el nou Pla d&#8217;Ordenaci\u00f3 dels Recursos Naturals (PORN) del T\u00faria, en el qual est\u00e0 incl\u00f2s Xest , i que es troba en aquests moments en tr\u00e0mit d&#8217;exposici\u00f3 p\u00fablica despr\u00e9s de mesos en proc\u00e9s de redacci\u00f3. La primera d&#8217;elles instava a l&#8217;administraci\u00f3 a qu\u00e8 flexibilitzi les limitacions per a ciclistes i genets que la nova redacci\u00f3 preveu, tenint en compte les al\u00b7legacions presentades per ajuntaments i associacions. A trav\u00e9s de la segona moci\u00f3 es sol\u00b7licitava ampliar el termini per a presentar aquestes al\u00b7legacions, en principi obert fins al 6 de febrer. Totes dues van ser aprovades per unanimitat.<\/p>\n<p>&#8220;Nosaltres el que volem remarcar \u00e9s que aquesta moci\u00f3 \u00e9s d&#8217;una associaci\u00f3 i hem decidit portar-la a ple com altres ajuntaments afectats pel mateix tema; nosaltres fem de transmissors estant d&#8217;acord amb aquestes peticions &#8220;, explicava Jos\u00e9 Sec, portaveu del Partit Popular. &#8220;El problema que ens traslladen dues associacions que utilitzen el parc \u00e9s que la nova redacci\u00f3 dificulta i, en molts casos, fins i tot impedeix la seva activitat&#8221;. Aquestes entitats s\u00f3n l&#8217;associaci\u00f3 internacional que agrupa ciclistes de muntanya (IMBA) i l&#8217;Associaci\u00f3 de Criadors de Cavalls de Pura Ra\u00e7a Espanyola de la Comunitat Valenciana (PRECVAL).<\/p>\n<p>&#8220;A aquest pla cal donar-li coher\u00e8ncia i coordinaci\u00f3 perqu\u00e8 elements importants com s\u00f3n la ciutadania i com s\u00f3n les activitats rurals que poden n\u00e9ixer o que ja s&#8217;estan desenvolupant com a activitats sostenibles i respectuoses amb el medi ambient, es puguin seguir desenvolupant amb tot el respecte que es requereixi &#8220;, assenyalava Sec.<\/p>\n<p>Per la seva banda, l&#8217;alcalde de Xest, Jos\u00e9 Morell, va justificar el vot a favor del Partit Socialista, assenyalant que des del seu grup &#8220;s&#8217;est\u00e0 a favor de fer compatibles els usos recreatius i l\u00fadics de les zones dels parcs naturals i que no siguin nom\u00e9s un santuari, tret que els experts determinin que aix\u00ed \u00e9s millor i que necessiten una protecci\u00f3 m\u00e9s forta &#8220;.<\/p>\n<p>En aquest l\u00ednia es va pronunciar tamb\u00e9 el regidor de Comprom\u00eds, insistint que \u00e9s necess\u00e0ria una regulaci\u00f3 per fer compatible protecci\u00f3 i conservaci\u00f3 del parc natural amb el seu gaudi per part d&#8217;esportistes i ciutadania en general, per\u00f2 matisant que &#8220;aquesta compatibilitat deu treballar en un document posterior al que est\u00e0 en proc\u00e9s d&#8217;exposici\u00f3 p\u00fablica i presentaci\u00f3 d&#8217;al\u00b7legacions en aquests moments &#8220;.<\/p>\n<p><strong>Territori del Pla d&#8217;Ordenaci\u00f3<\/strong><\/p>\n<p>L&#8217;\u00e0mbit territorial del PORN del T\u00faria inclour\u00e0 els municipis de Benaguasil, Bugarra, Xest, Xulilla, Gestalgar, l&#8217;Eliana, Ll\u00edria, Manises, Mislata, Paterna, Pedralba, Quart de Poblet, Riba-roja de T\u00faria, San Antonio de Benag\u00e9ber , Vilamarxant i Val\u00e8ncia, amb una superf\u00edcie total de 16.777 hect\u00e0rees, sent declarades com a Parc Natural 8.104 hect\u00e0rees d&#8217;elles.<\/p>\n<p>En el cas de Xest, la zona inclosa dins el Pla se situa al nord-est del terme, sent lim\u00edtrof amb Vilamarxant i Riba-roja de T\u00faria.<\/p>\n","protected":false},"excerpt":{"rendered":"<div class=\"mh-excerpt\">Dijous passat, 10 de gener, va tenir lloc un ple extraordinari, convocat d&#8217;urg\u00e8ncia a petici\u00f3 del Partit Popular, per tractar dues mocions relacionades amb el nou Pla d&#8217;Ordenaci\u00f3 dels Recursos Naturals (PORN) del T\u00faria, en <a class=\"mh-excerpt-more\" href=\"https:\/\/tucomarca.whitekongsoftware.com\/ca\/el-ple-de-lajuntament-de-xest-aprova-una-mocio-perque-la-nova-normativa-del-parc-del-turia-sigui-menys-restrictiva-amb-lus-per-part-de-ciclistes-i-genets\/\" title=\"El Ple de l&#8217;Ajuntament de Xest aprova una moci\u00f3 perqu\u00e8 la nova normativa del Parc del T\u00faria sigui menys restrictiva amb l&#8217;\u00fas per part de ciclistes i genets\">[+] <\/a><\/div>\n","protected":false},"author":2,"featured_media":80114,"comment_status":"open","ping_status":"open","sticky":false,"template":"","format":"standard","meta":{"footnotes":""},"categories":[10952,10898,10912,10893,11025,10947,10906,10896,10974],"tags":[11222,10914],"class_list":["post-80116","post","type-post","status-publish","format-standard","has-post-thumbnail","category-benaguasil-ca","category-ventana-ca","category-la-hoya-ca","category-leliana-ca","category-pedralba-ca","category-politica","category-riba-roja-ca","category-seccion-ca","category-cheste-ca","tag-ayuntamiento-de-cheste-ca","tag-la-hoya-de-bunol-chiva-ca"],"_links":{"self":[{"href":"https:\/\/tucomarca.whitekongsoftware.com\/ca\/wp-json\/wp\/v2\/posts\/80116","targetHints":{"allow":["GET"]}}],"collection":[{"href":"https:\/\/tucomarca.whitekongsoftware.com\/ca\/wp-json\/wp\/v2\/posts"}],"about":[{"href":"https:\/\/tucomarca.whitekongsoftware.com\/ca\/wp-json\/wp\/v2\/types\/post"}],"author":[{"embeddable":true,"href":"https:\/\/tucomarca.whitekongsoftware.com\/ca\/wp-json\/wp\/v2\/users\/2"}],"replies":[{"embeddable":true,"href":"https:\/\/tucomarca.whitekongsoftware.com\/ca\/wp-json\/wp\/v2\/comments?post=80116"}],"version-history":[{"count":0,"href":"https:\/\/tucomarca.whitekongsoftware.com\/ca\/wp-json\/wp\/v2\/posts\/80116\/revisions"}],"wp:featuredmedia":[{"embeddable":true,"href":"https:\/\/tucomarca.whitekongsoftware.com\/ca\/wp-json\/wp\/v2\/media\/80114"}],"wp:attachment":[{"href":"https:\/\/tucomarca.whitekongsoftware.com\/ca\/wp-json\/wp\/v2\/media?parent=80116"}],"wp:term":[{"taxonomy":"category","embeddable":true,"href":"https:\/\/tucomarca.whitekongsoftware.com\/ca\/wp-json\/wp\/v2\/categories?post=80116"},{"taxonomy":"post_tag","embeddable":true,"href":"https:\/\/tucomarca.whitekongsoftware.com\/ca\/wp-json\/wp\/v2\/tags?post=80116"}],"curies":[{"name":"wp","href":"https:\/\/api.w.org\/{rel}","templated":true}]}}