{"id":79951,"date":"2019-01-14T10:11:21","date_gmt":"2019-01-14T08:11:21","guid":{"rendered":"http:\/\/www.tucomarca.com\/wordpress\/segunda\/?p=79951"},"modified":"2019-01-14T10:11:21","modified_gmt":"2019-01-14T08:11:21","slug":"andilla-reuneix-grans-xefs-en-el-seu-segon-concurs-gastronomic-valencia-de-la-tofona","status":"publish","type":"post","link":"https:\/\/tucomarca.whitekongsoftware.com\/ca\/andilla-reuneix-grans-xefs-en-el-seu-segon-concurs-gastronomic-valencia-de-la-tofona\/","title":{"rendered":"Andilla reuneix grans xefs en el seu segon Concurs Gastron\u00f2mic Valenci\u00e0 de la T\u00f2fona"},"content":{"rendered":"<figure id=\"attachment_79947\" aria-describedby=\"caption-attachment-79947\" style=\"width: 301px\" class=\"wp-caption alignleft\"><img loading=\"lazy\" decoding=\"async\" class=\" wp-image-79947\" src=\"http:\/\/www.tucomarca.com\/wordpress\/segunda\/wp-content\/uploads\/2019\/01\/TrufaAndilla.jpg\" alt=\"Cartel dela iniciativa.\" width=\"301\" height=\"425\" srcset=\"https:\/\/tucomarca.whitekongsoftware.com\/wp-content\/uploads\/2019\/01\/TrufaAndilla.jpg 848w, https:\/\/tucomarca.whitekongsoftware.com\/wp-content\/uploads\/2019\/01\/TrufaAndilla-212x300.jpg 212w, https:\/\/tucomarca.whitekongsoftware.com\/wp-content\/uploads\/2019\/01\/TrufaAndilla-768x1086.jpg 768w, https:\/\/tucomarca.whitekongsoftware.com\/wp-content\/uploads\/2019\/01\/TrufaAndilla-724x1024.jpg 724w\" sizes=\"auto, (max-width: 301px) 100vw, 301px\" \/><figcaption id=\"caption-attachment-79947\" class=\"wp-caption-text\">Cartel dela iniciativa.<\/figcaption><\/figure>\n<blockquote class=\"\">\n<div class=\"\">\n<div class=\"\" dir=\"ltr\">\n<div class=\"gmail_quote\">\n<div class=\"\" dir=\"ltr\">\n<div class=\"m_942725123732575960gmail-content\">\n<p class=\"\">L&#8217;edifici Veles e Vents, situat a La Marina de Val\u00e8ncia,\u00a0acull aquest dilluns 14 de gener la celebraci\u00f3 de la segona edici\u00f3 del Concurs Gastron\u00f2mic Valenci\u00e0 de la T\u00f2fona d&#8217;Andilla, que reunir\u00e0 una important selecci\u00f3 de xefs nacionals per a oferir les seues creacions culin\u00e0ries a partir de la t\u00f2fona negra d&#8217;hivern (tuber melanosporum) com a principal ingredient.<\/p>\n<p class=\"\">Una aposta gastron\u00f2mica que ve de la m\u00e0 de l&#8217;Ajuntament d&#8217;Andilla, municipi de la Serrania valenciana que ha decidit posar en valor a tots els nivells la t\u00f2fona negra, un producte aut\u00f2cton i un dels grans tresors de la localitat.<\/p>\n<p class=\"\">El Patronat de Turisme de Val\u00e8ncia i el programa tur\u00edstic i gastron\u00f2mic \u201cDel Tros al Plat\u201d recolzen un any m\u00e9s el certamen, que valora la t\u00f2fona d&#8217;Andilla com a element dinamitzador i promotor de desenvolupament d&#8217;aquest territori de l&#8217;interior valenci\u00e0.<\/p>\n<p class=\"\">Un total de sis cuiners professionals procedents del sector de la gastronomia i l&#8217;hostaleria de tota Espanya, seleccionats com a finalistes de m\u00e9s d&#8217;una trentena d&#8217;inscrits, oferiran a convidats i jurat les seues receptes exclusives elaborades amb la t\u00f2fona com a ingredient principal.<\/p>\n<p class=\"\"><strong>Els finalistes s\u00f3n:<\/strong><\/p>\n<p class=\"\">Aitor Mart\u00ednez Ros, del Restaurante Can Ros, Burriana<\/p>\n<p class=\"\">Juan Ram\u00f3n Sau Ceitegui, de Caf\u00e9 del Marques, Zaragoza<\/p>\n<p class=\"\">N\u00e9stor Oreiro Campos, del Restaurante Esencia de Beneferri, Valencia<\/p>\n<p class=\"\">Rosa G\u00f3mez Mart\u00ednez, del Restaurante San Vicente de Villar del Arzobispo, Valencia<\/p>\n<p class=\"\">Fernando Ferrero, de La Mar\u00edtima &#8221; Grupo La Sucursal&#8221;, Valencia<\/p>\n<p class=\"\">Kiko L\u00e1zaro, del Restaurante Belvedere, Benidorm<\/p>\n<p class=\"\">Tot ells mostraran no solament el millor de les seues creacions culin\u00e0ries sin\u00f3 que lluitaran, a m\u00e9s, per aconseguir algun dels tres premis que l&#8217;organitzaci\u00f3 ha preparat per a l&#8217;esdeveniment, que sumen fins a 1.700 euros per als tres primers classificats (1000\u20ac, 500\u20ac i 200\u20ac). A m\u00e9s, el guanyador del certamen podr\u00e0 participar amb una pon\u00e8ncia sobre la T\u00f2fona Negra i un showcooking en \u2018Gastr\u00f3noma 2019\u2019.<\/p>\n<p class=\"\">El jurat estar\u00e0 compost per alguns dels grans experts de la cuina valenciana: Bego\u00f1a Rodrigo, de la Salita Restaurant; els cr\u00edtics gastron\u00f2mics Sants Ruiz i Pedro Garc\u00eda Mochol\u00ed; la cronista gastron\u00f2mica Michelle Bensadon i Evarist Caselles, director del Patronat de Turisme de Val\u00e8ncia.<\/p>\n<p class=\"\">El II Concurs Gastron\u00f2mic Valenci\u00e0 de la T\u00f2fona d&#8217;Andilla permetr\u00e0, a m\u00e9s, assaborir maridatges especials de t\u00f2fona amb diversos elements culinaris, com la cervesa (Amstel Oro), formatge (Solaz), pernil (Redondo Iglesias) o cava (Brut Nature de Vegamar).<\/p>\n<p class=\"\">El certamen comptar\u00e0 amb la pres\u00e8ncia tamb\u00e9 de representants Turisme Comunitat Valenciana, de la Generalitat Valenciana i del Patronat de Turisme de la Diputaci\u00f3 de Val\u00e8ncia.<\/p>\n<p class=\"\">L&#8217;esdeveniment ser\u00e0 el preludi d&#8217;una altra de les grans cites que aquest mes de gener ofereix el municipi d&#8217;Andilla: la II Fira Valenciana de la T\u00f2fona-Fivatruf, que se celebrar\u00e0 en la localitat serrana els dies 26 i 27 de gener de 2019.<\/p>\n<\/div>\n<\/div>\n<\/div>\n<\/div>\n<\/div>\n<\/blockquote>\n","protected":false},"excerpt":{"rendered":"<div class=\"mh-excerpt\">L&#8217;edifici Veles e Vents, situat a La Marina de Val\u00e8ncia,\u00a0acull aquest dilluns 14 de gener la celebraci\u00f3 de la segona edici\u00f3 del Concurs Gastron\u00f2mic Valenci\u00e0 de la T\u00f2fona d&#8217;Andilla, que reunir\u00e0 una important selecci\u00f3 de <a class=\"mh-excerpt-more\" href=\"https:\/\/tucomarca.whitekongsoftware.com\/ca\/andilla-reuneix-grans-xefs-en-el-seu-segon-concurs-gastronomic-valencia-de-la-tofona\/\" title=\"Andilla reuneix grans xefs en el seu segon Concurs Gastron\u00f2mic Valenci\u00e0 de la T\u00f2fona\">[+] <\/a><\/div>\n","protected":false},"author":1,"featured_media":79948,"comment_status":"open","ping_status":"open","sticky":false,"template":"","format":"standard","meta":{"footnotes":""},"categories":[11019,11043,11046,10904,11007,10896,11029],"tags":[11188],"class_list":["post-79951","post","type-post","status-publish","format-standard","has-post-thumbnail","category-agenda-ca","category-andilla-ca","category-los-serranos-ca","category-sin-categorizar-ca","category-ocio-y-cultura-ca","category-seccion-ca","category-villar-del-arzobispo-ca","tag-andilla-ca"],"_links":{"self":[{"href":"https:\/\/tucomarca.whitekongsoftware.com\/ca\/wp-json\/wp\/v2\/posts\/79951","targetHints":{"allow":["GET"]}}],"collection":[{"href":"https:\/\/tucomarca.whitekongsoftware.com\/ca\/wp-json\/wp\/v2\/posts"}],"about":[{"href":"https:\/\/tucomarca.whitekongsoftware.com\/ca\/wp-json\/wp\/v2\/types\/post"}],"author":[{"embeddable":true,"href":"https:\/\/tucomarca.whitekongsoftware.com\/ca\/wp-json\/wp\/v2\/users\/1"}],"replies":[{"embeddable":true,"href":"https:\/\/tucomarca.whitekongsoftware.com\/ca\/wp-json\/wp\/v2\/comments?post=79951"}],"version-history":[{"count":0,"href":"https:\/\/tucomarca.whitekongsoftware.com\/ca\/wp-json\/wp\/v2\/posts\/79951\/revisions"}],"wp:featuredmedia":[{"embeddable":true,"href":"https:\/\/tucomarca.whitekongsoftware.com\/ca\/wp-json\/wp\/v2\/media\/79948"}],"wp:attachment":[{"href":"https:\/\/tucomarca.whitekongsoftware.com\/ca\/wp-json\/wp\/v2\/media?parent=79951"}],"wp:term":[{"taxonomy":"category","embeddable":true,"href":"https:\/\/tucomarca.whitekongsoftware.com\/ca\/wp-json\/wp\/v2\/categories?post=79951"},{"taxonomy":"post_tag","embeddable":true,"href":"https:\/\/tucomarca.whitekongsoftware.com\/ca\/wp-json\/wp\/v2\/tags?post=79951"}],"curies":[{"name":"wp","href":"https:\/\/api.w.org\/{rel}","templated":true}]}}