{"id":79800,"date":"2019-01-09T15:24:54","date_gmt":"2019-01-09T13:24:54","guid":{"rendered":"http:\/\/www.tucomarca.com\/wordpress\/segunda\/?p=79800"},"modified":"2019-01-09T15:24:54","modified_gmt":"2019-01-09T13:24:54","slug":"el-pp-denuncia-que-ximo-puig-ignora-els-greus-problemes-del-centre-de-menors-de-bunyol-i-porta-quatre-mesos-sense-rebrens","status":"publish","type":"post","link":"https:\/\/tucomarca.whitekongsoftware.com\/ca\/el-pp-denuncia-que-ximo-puig-ignora-els-greus-problemes-del-centre-de-menors-de-bunyol-i-porta-quatre-mesos-sense-rebrens\/","title":{"rendered":"El PP denuncia que Ximo Puig &#8220;ignora els greus problemes del centre de menors de Bunyol&#8221; i &#8220;porta quatre mesos sense rebre&#8217;ns&#8221;"},"content":{"rendered":"<figure id=\"attachment_73855\" aria-describedby=\"caption-attachment-73855\" style=\"width: 502px\" class=\"wp-caption alignleft\"><img loading=\"lazy\" decoding=\"async\" class=\" wp-image-73855\" src=\"http:\/\/www.tucomarca.com\/wordpress\/segunda\/wp-content\/uploads\/2018\/08\/CentroMenores.jpg\" alt=\"Una imagen del Centro de Menores de Bu\u00f1ol.\" width=\"502\" height=\"304\" srcset=\"https:\/\/tucomarca.whitekongsoftware.com\/wp-content\/uploads\/2018\/08\/CentroMenores.jpg 660w, https:\/\/tucomarca.whitekongsoftware.com\/wp-content\/uploads\/2018\/08\/CentroMenores-300x182.jpg 300w\" sizes=\"auto, (max-width: 502px) 100vw, 502px\" \/><figcaption id=\"caption-attachment-73855\" class=\"wp-caption-text\">Una imatge del Centre de Menors de Bunyol.<\/figcaption><\/figure>\n<p>El portaveu del PP a Ajuntament de Bunyol, Marcial D\u00edaz, ha denunciat que el president de la Generalitat, Ximo Puig &#8220;ignora els greus problemes que est\u00e0 originant el centre de menors de la nostra poblaci\u00f3 i porta quatre mesos sense rebre&#8217;ns impedint la recerca d&#8217;una soluci\u00f3 &#8220;.<\/p>\n<p>D\u00edaz ha criticat igualment la &#8220;passivitat&#8221; de l&#8217;alcaldessa de Bunyol (PSPV), Jonquera Carrascosa, que des que el ple municipal va acordar sol\u00b7licitar una reuni\u00f3 a Puig &#8220;ha estat incapa\u00e7 d&#8217;aconseguir-la i s&#8217;ha plegat als desitjos del seu secretari general que est\u00e0 eludint buscar una sortida al problema &#8220;, en paraules de Marcial D\u00edaz.<\/p>\n<p>La petici\u00f3 del grup municipal popular est\u00e0 avalada tamb\u00e9 per la &#8220;recollida de signatures de ve\u00efns del municipi&#8221;, ja que estan patint la &#8220;creixent inseguretat derivada de la situaci\u00f3 ca\u00f2tica del centre de menors i que ha augmentat el nombre de delictes com estirades, sostracci\u00f3 de vehicles i baralles &#8220;.<\/p>\n<p>Per aix\u00f2, el portaveu popular considera que la proposta de l&#8217;equip de govern local que encap\u00e7ala Carrascosa de fer dues concentracions, una a les portes de l&#8217;ajuntament i una altra davant de les Corts, per buscar una soluci\u00f3 \u00e9s &#8220;merament un postureo electoralista&#8221;.<\/p>\n<p>D\u00edaz ha recordat que &#8220;el grup popular porta tota la legislatura, sense \u00e8xit, intentant que s&#8217;adoptin mesures per part del Consell per eradicar els problemes derivats del centre de menors&#8221;. La realitat, ha prosseguit D\u00edaz, \u00e9s que l&#8217;equip de govern local &#8220;es va deixar fer un gol permetent que Ximo Puig i M\u00f3nica Oltra convertissin el centre de menors en un centre de primera recepci\u00f3&#8221;.<\/p>\n<p><strong>&#8220;C\u00f2mplices del deteriorament&#8221;<\/strong><\/p>\n<p>&#8220;S\u00f3n ells i l&#8217;equip de govern local, que ha actuat com a c\u00f2mplice, els que han de revocar aquesta decisi\u00f3&#8221;, ha assegurat Marcial D\u00edaz, que lamenta que Jonquera Carrascosa sigui &#8220;incapa\u00e7 d&#8217;oferir solucions als ve\u00efns de Bunyol que estan patint una degradaci\u00f3 de la conviv\u00e8ncia i la seguretat &#8220;.<\/p>\n<p>Finalment, el grup municipal popular de Bunyol ha sol\u00b7licitat que &#8220;davant la incapacitat de l&#8217;actual govern local de donar solucions reals s&#8217;envi\u00ef als t\u00e8cnics municipals perqu\u00e8 verifiquin si les condicions del centre de menors permeten o no la seva continu\u00eftat&#8221;.<\/p>\n<p>I \u00e9s que Marcial D\u00edaz ha recordat que &#8220;el govern quadripartit i el propi Consell no poden mirar cap a un altre costat davant la greu situaci\u00f3 d&#8217;insalubritat que s&#8217;est\u00e0 registrant al centre de menors&#8221;.<\/p>\n","protected":false},"excerpt":{"rendered":"<div class=\"mh-excerpt\">El portaveu del PP a Ajuntament de Bunyol, Marcial D\u00edaz, ha denunciat que el president de la Generalitat, Ximo Puig &#8220;ignora els greus problemes que est\u00e0 originant el centre de menors de la nostra poblaci\u00f3 <a class=\"mh-excerpt-more\" href=\"https:\/\/tucomarca.whitekongsoftware.com\/ca\/el-pp-denuncia-que-ximo-puig-ignora-els-greus-problemes-del-centre-de-menors-de-bunyol-i-porta-quatre-mesos-sense-rebrens\/\" title=\"El PP denuncia que Ximo Puig &#8220;ignora els greus problemes del centre de menors de Bunyol&#8221; i &#8220;porta quatre mesos sense rebre&#8217;ns&#8221;\">[+] <\/a><\/div>\n","protected":false},"author":1,"featured_media":73856,"comment_status":"open","ping_status":"open","sticky":false,"template":"","format":"standard","meta":{"footnotes":""},"categories":[10911,10898,10948,10894,10912,10947,10896,10897],"tags":[11314],"class_list":["post-79800","post","type-post","status-publish","format-standard","has-post-thumbnail","category-bunol-ca","category-ventana-ca","category-infraestructuras-ca","category-la-comarca-ca","category-la-hoya-ca","category-politica","category-seccion-ca","category-sucesos-la-comarca-ca","tag-bunyol-ca"],"_links":{"self":[{"href":"https:\/\/tucomarca.whitekongsoftware.com\/ca\/wp-json\/wp\/v2\/posts\/79800","targetHints":{"allow":["GET"]}}],"collection":[{"href":"https:\/\/tucomarca.whitekongsoftware.com\/ca\/wp-json\/wp\/v2\/posts"}],"about":[{"href":"https:\/\/tucomarca.whitekongsoftware.com\/ca\/wp-json\/wp\/v2\/types\/post"}],"author":[{"embeddable":true,"href":"https:\/\/tucomarca.whitekongsoftware.com\/ca\/wp-json\/wp\/v2\/users\/1"}],"replies":[{"embeddable":true,"href":"https:\/\/tucomarca.whitekongsoftware.com\/ca\/wp-json\/wp\/v2\/comments?post=79800"}],"version-history":[{"count":0,"href":"https:\/\/tucomarca.whitekongsoftware.com\/ca\/wp-json\/wp\/v2\/posts\/79800\/revisions"}],"wp:featuredmedia":[{"embeddable":true,"href":"https:\/\/tucomarca.whitekongsoftware.com\/ca\/wp-json\/wp\/v2\/media\/73856"}],"wp:attachment":[{"href":"https:\/\/tucomarca.whitekongsoftware.com\/ca\/wp-json\/wp\/v2\/media?parent=79800"}],"wp:term":[{"taxonomy":"category","embeddable":true,"href":"https:\/\/tucomarca.whitekongsoftware.com\/ca\/wp-json\/wp\/v2\/categories?post=79800"},{"taxonomy":"post_tag","embeddable":true,"href":"https:\/\/tucomarca.whitekongsoftware.com\/ca\/wp-json\/wp\/v2\/tags?post=79800"}],"curies":[{"name":"wp","href":"https:\/\/api.w.org\/{rel}","templated":true}]}}