{"id":79592,"date":"2018-12-24T16:41:56","date_gmt":"2018-12-24T14:41:56","guid":{"rendered":"http:\/\/www.tucomarca.com\/wordpress\/segunda\/?p=79592"},"modified":"2018-12-24T16:41:56","modified_gmt":"2018-12-24T14:41:56","slug":"fotogaleria-la-sant-silvestre-chestana-recapta-457-euros-per-a-la-lluita-contra-el-cancer","status":"publish","type":"post","link":"https:\/\/tucomarca.whitekongsoftware.com\/ca\/fotogaleria-la-sant-silvestre-chestana-recapta-457-euros-per-a-la-lluita-contra-el-cancer\/","title":{"rendered":"Fotogaleria: La Sant Silvestre chestana recapta 457 euros per a la lluita contra el c\u00e0ncer"},"content":{"rendered":"<figure id=\"attachment_79536\" aria-describedby=\"caption-attachment-79536\" style=\"width: 301px\" class=\"wp-caption alignleft\"><img loading=\"lazy\" decoding=\"async\" class=\" wp-image-79536\" src=\"http:\/\/www.tucomarca.com\/wordpress\/segunda\/wp-content\/uploads\/2018\/12\/SanSilvestre18_prensa3.jpeg\" alt=\"Este a\u00f1o la recaudaci\u00f3n ha sido de 457 euros en beneficio de la Asociaci\u00f3n Espa\u00f1ola Contra el C\u00e1ncer (AECC).\" width=\"301\" height=\"201\" srcset=\"https:\/\/tucomarca.whitekongsoftware.com\/wp-content\/uploads\/2018\/12\/SanSilvestre18_prensa3.jpeg 3903w, https:\/\/tucomarca.whitekongsoftware.com\/wp-content\/uploads\/2018\/12\/SanSilvestre18_prensa3-300x200.jpeg 300w, https:\/\/tucomarca.whitekongsoftware.com\/wp-content\/uploads\/2018\/12\/SanSilvestre18_prensa3-768x512.jpeg 768w, https:\/\/tucomarca.whitekongsoftware.com\/wp-content\/uploads\/2018\/12\/SanSilvestre18_prensa3-1024x683.jpeg 1024w\" sizes=\"auto, (max-width: 301px) 100vw, 301px\" \/><figcaption id=\"caption-attachment-79536\" class=\"wp-caption-text\">Enguany la recaptaci\u00f3 ha sigut de 457 euros en benefici de l&#8217;Associaci\u00f3 Espanyola Contra el C\u00e0ncer (AECC).<\/figcaption><\/figure>\n<p>El passat 23 de desembre, Xest va celebrar la dotzena edici\u00f3 de la seva emblem\u00e0tica Sant Silvestre Solid\u00e0ria en un mat\u00ed assolellat i amb el ja conegut bon ambient que es viu durant aquesta prova cada any. En total van ser 210 les persones participants que es van animar a rec\u00f3rrer 5 quil\u00f2metres dins el nucli urb\u00e0 sense m\u00e9s premisses que passar-ho b\u00e9 i col\u00b7laborar en una bona causa. Aquest any la recaptaci\u00f3 ha estat de 457 euros en benefici de l&#8217;Associaci\u00f3 Espanyola Contra el C\u00e0ncer (AECC).<\/p>\n<p>&#8220;Aquesta \u00e9s la carrera m\u00e9s popular de totes les que celebrem perqu\u00e8 pot participar tothom, estigui entrenat o no, independentment de la seva condici\u00f3 f\u00edsica o de la seva edat; es pot fer el recorregut caminant o duent al gos, amb la bici o amb el patinet, no hi ha l\u00edmits &#8220;, apuntava el regidor d&#8217;Esports, Francisco Llorens. &#8220;A m\u00e9s, la Sant Silvestre \u00e9s una ocasi\u00f3 especial en qu\u00e8 els chestanos i les chestanas que ja no viuen aqu\u00ed es reuneixen amb la seva gent, aprofitant per participar en un esdeveniment divertit, saludable i solidari; no se li pot demanar m\u00e9s &#8220;.<\/p>\n<p>Una mica m\u00e9s tard de les 11 hores, els i les participants es col\u00b7locaven en la l\u00ednia de meta, en qu\u00e8 va destacar la pres\u00e8ncia d&#8217;un gran nombre de nens i nenes. Aix\u00ed, es van poder veure mares i pares empenyent els carrets dels seus nadons acabats de n\u00e9ixer, nombrosos grups de totes les edats amb originals disfresses, entre els quals no va poder faltar &#8220;la trapa de Xest&#8221;, desenes de mascotes i fins hi va haver una coreografia nadalenca, a c\u00e0rrec d&#8217;un grup de mares i alumnes del CEIP Blasco Ib\u00e1\u00f1ez, que van animar encara m\u00e9s l&#8217;ambient amb els seus balls durant la sortida, a l&#8217;arribar i en el lliurament de premis.<\/p>\n<p>A m\u00e9s, la Sant Silvestre chestana \u00e9s una cita imprescindible en el calendari de molts ve\u00efns i ve\u00efnes d&#8217;altres localitats, com \u00e9s el cas d&#8217;Inma Montoro, que ve de Torrent cada any des de la primera edici\u00f3 d&#8217;aquesta prova: &#8220;Mai me la perd, m&#8217;agrada el tractament que ens donen, l&#8217;alegria que hi ha, l&#8217;ambient i que se celebri de dia &#8220;, comentava la corredora, enguany disfressada de&#8221; Barbie en el seu tocador &#8220;.<\/p>\n<p>A penes 16 minuts despr\u00e9s de la sortida van comen\u00e7ar a arribar els primers classificats masculins, que aquest any van ser Carlos Garc\u00eda, \u00c1lvaro M\u00e9ndez i Mario De La Font. De seguida van arribar les primeres classificades de la categoria femenina, J\u00e9ssica Velasco, M\u00aa Jos\u00e9 L\u00f3pez i Maria i Esther Domingo, que van c\u00f3rrer juntes i van creuar-se alhora a la meta. A la seva arribada els esperava un avituallament molt nadalenc, pa de pessic i xocolata calenta.<\/p>\n<p>El p\u00f2dium local mascul\u00ed va ser per a tres membres de la fam\u00edlia Cort\u00e9s, encap\u00e7alada per un dels fills, Andr\u00e9s; seguida pel seu pare, que no va poder aconseguir-, i molt de prop pel seu germ\u00e0 Lucas. Per la part femenina, les vencedores van ser Ainhoa \u200b\u200bM\u00e9s, Rosa Cort\u00e9s i Sonia Zapater.<\/p>\n<p>Amb la carrera acabada va ser el moment de lliurar les cistelles de productes locals als guanyadors i les guanyadores, aix\u00ed com el detall d&#8217;un pernil a les millors disfresses per a &#8220;La Barbie en el seu tocador&#8221; i la &#8220;El sopar de Nadal&#8221; i al grup m\u00e9s nombr\u00f3s, per al CEIP Blasco Ib\u00e1\u00f1ez.<\/p>\n<p>&#8220;Aquest any el que s&#8217;ha intentat des de l&#8217;Ajuntament \u00e9s donar-li encara m\u00e9s ambient Nadalenc a la prova, traslladant l&#8217;arribada i la meta a la pla\u00e7a del mercat per fer-la coincidir amb el Mercat de Nadal que ha posat en marxa la regidoria de Comer\u00e7&#8221; , explicava Alba Dom\u00e9nech, des de l&#8217;organitzaci\u00f3 de la cursa. &#8220;Per aix\u00f2 hem comptat amb for\u00e7a p\u00fablic, que ha vingut a animar i ha aprofitat tamb\u00e9 per fer les seves compres&#8221;.<\/p>\n<div id='gallery-1' class='gallery galleryid-79592 gallery-columns-3 gallery-size-medium'><figure class='gallery-item'>\n\t\t\t<div class='gallery-icon landscape'>\n\t\t\t\t<a href='https:\/\/tucomarca.whitekongsoftware.com\/ca\/fotogaleria-la-sant-silvestre-chestana-recapta-457-euros-per-a-la-lluita-contra-el-cancer\/sansilvestre18_prensa1-2\/'><img loading=\"lazy\" decoding=\"async\" width=\"300\" height=\"200\" src=\"https:\/\/tucomarca.whitekongsoftware.com\/wp-content\/uploads\/2018\/12\/SanSilvestre18_prensa1-300x200.jpeg\" class=\"attachment-medium size-medium\" alt=\"\" srcset=\"https:\/\/tucomarca.whitekongsoftware.com\/wp-content\/uploads\/2018\/12\/SanSilvestre18_prensa1-300x200.jpeg 300w, https:\/\/tucomarca.whitekongsoftware.com\/wp-content\/uploads\/2018\/12\/SanSilvestre18_prensa1-768x512.jpeg 768w, https:\/\/tucomarca.whitekongsoftware.com\/wp-content\/uploads\/2018\/12\/SanSilvestre18_prensa1-1024x683.jpeg 1024w\" sizes=\"auto, (max-width: 300px) 100vw, 300px\" \/><\/a>\n\t\t\t<\/div><\/figure><figure class='gallery-item'>\n\t\t\t<div class='gallery-icon landscape'>\n\t\t\t\t<a href='https:\/\/tucomarca.whitekongsoftware.com\/ca\/fotogaleria-la-sant-silvestre-chestana-recapta-457-euros-per-a-la-lluita-contra-el-cancer\/sansilvestre18_prensa2-2\/'><img loading=\"lazy\" decoding=\"async\" width=\"300\" height=\"200\" src=\"https:\/\/tucomarca.whitekongsoftware.com\/wp-content\/uploads\/2018\/12\/SanSilvestre18_prensa2-300x200.jpeg\" class=\"attachment-medium size-medium\" alt=\"\" srcset=\"https:\/\/tucomarca.whitekongsoftware.com\/wp-content\/uploads\/2018\/12\/SanSilvestre18_prensa2-300x200.jpeg 300w, https:\/\/tucomarca.whitekongsoftware.com\/wp-content\/uploads\/2018\/12\/SanSilvestre18_prensa2-768x512.jpeg 768w, https:\/\/tucomarca.whitekongsoftware.com\/wp-content\/uploads\/2018\/12\/SanSilvestre18_prensa2-1024x683.jpeg 1024w\" sizes=\"auto, (max-width: 300px) 100vw, 300px\" \/><\/a>\n\t\t\t<\/div><\/figure><figure class='gallery-item'>\n\t\t\t<div class='gallery-icon landscape'>\n\t\t\t\t<a href='https:\/\/tucomarca.whitekongsoftware.com\/ca\/fotogaleria-la-sant-silvestre-chestana-recapta-457-euros-per-a-la-lluita-contra-el-cancer\/sansilvestre18_prensa4-2\/'><img loading=\"lazy\" decoding=\"async\" width=\"300\" height=\"200\" src=\"https:\/\/tucomarca.whitekongsoftware.com\/wp-content\/uploads\/2018\/12\/SanSilvestre18_prensa4-300x200.jpeg\" class=\"attachment-medium size-medium\" alt=\"\" srcset=\"https:\/\/tucomarca.whitekongsoftware.com\/wp-content\/uploads\/2018\/12\/SanSilvestre18_prensa4-300x200.jpeg 300w, https:\/\/tucomarca.whitekongsoftware.com\/wp-content\/uploads\/2018\/12\/SanSilvestre18_prensa4-768x512.jpeg 768w, https:\/\/tucomarca.whitekongsoftware.com\/wp-content\/uploads\/2018\/12\/SanSilvestre18_prensa4-1024x683.jpeg 1024w\" sizes=\"auto, (max-width: 300px) 100vw, 300px\" \/><\/a>\n\t\t\t<\/div><\/figure><figure class='gallery-item'>\n\t\t\t<div class='gallery-icon landscape'>\n\t\t\t\t<a href='https:\/\/tucomarca.whitekongsoftware.com\/ca\/fotogaleria-la-sant-silvestre-chestana-recapta-457-euros-per-a-la-lluita-contra-el-cancer\/sansilvestre18_prensa5-2\/'><img loading=\"lazy\" decoding=\"async\" width=\"300\" height=\"200\" src=\"https:\/\/tucomarca.whitekongsoftware.com\/wp-content\/uploads\/2018\/12\/SanSilvestre18_prensa5-300x200.jpeg\" class=\"attachment-medium size-medium\" alt=\"\" srcset=\"https:\/\/tucomarca.whitekongsoftware.com\/wp-content\/uploads\/2018\/12\/SanSilvestre18_prensa5-300x200.jpeg 300w, https:\/\/tucomarca.whitekongsoftware.com\/wp-content\/uploads\/2018\/12\/SanSilvestre18_prensa5-768x512.jpeg 768w, https:\/\/tucomarca.whitekongsoftware.com\/wp-content\/uploads\/2018\/12\/SanSilvestre18_prensa5-1024x683.jpeg 1024w\" sizes=\"auto, (max-width: 300px) 100vw, 300px\" \/><\/a>\n\t\t\t<\/div><\/figure><figure class='gallery-item'>\n\t\t\t<div class='gallery-icon landscape'>\n\t\t\t\t<a href='https:\/\/tucomarca.whitekongsoftware.com\/ca\/fotogaleria-la-sant-silvestre-chestana-recapta-457-euros-per-a-la-lluita-contra-el-cancer\/sansilvestre18_prensa6-2\/'><img loading=\"lazy\" decoding=\"async\" width=\"300\" height=\"200\" src=\"https:\/\/tucomarca.whitekongsoftware.com\/wp-content\/uploads\/2018\/12\/SanSilvestre18_prensa6-300x200.jpeg\" class=\"attachment-medium size-medium\" alt=\"\" srcset=\"https:\/\/tucomarca.whitekongsoftware.com\/wp-content\/uploads\/2018\/12\/SanSilvestre18_prensa6-300x200.jpeg 300w, https:\/\/tucomarca.whitekongsoftware.com\/wp-content\/uploads\/2018\/12\/SanSilvestre18_prensa6-768x512.jpeg 768w, https:\/\/tucomarca.whitekongsoftware.com\/wp-content\/uploads\/2018\/12\/SanSilvestre18_prensa6-1024x683.jpeg 1024w\" sizes=\"auto, (max-width: 300px) 100vw, 300px\" \/><\/a>\n\t\t\t<\/div><\/figure><figure class='gallery-item'>\n\t\t\t<div class='gallery-icon portrait'>\n\t\t\t\t<a href='https:\/\/tucomarca.whitekongsoftware.com\/ca\/fotogaleria-la-sant-silvestre-chestana-recapta-457-euros-per-a-la-lluita-contra-el-cancer\/sansilvestre18_prensa7-2\/'><img loading=\"lazy\" decoding=\"async\" width=\"200\" height=\"300\" src=\"https:\/\/tucomarca.whitekongsoftware.com\/wp-content\/uploads\/2018\/12\/SanSilvestre18_prensa7-200x300.jpeg\" class=\"attachment-medium size-medium\" alt=\"\" srcset=\"https:\/\/tucomarca.whitekongsoftware.com\/wp-content\/uploads\/2018\/12\/SanSilvestre18_prensa7-200x300.jpeg 200w, https:\/\/tucomarca.whitekongsoftware.com\/wp-content\/uploads\/2018\/12\/SanSilvestre18_prensa7-768x1152.jpeg 768w, https:\/\/tucomarca.whitekongsoftware.com\/wp-content\/uploads\/2018\/12\/SanSilvestre18_prensa7-683x1024.jpeg 683w, https:\/\/tucomarca.whitekongsoftware.com\/wp-content\/uploads\/2018\/12\/SanSilvestre18_prensa7-1024x1536.jpeg 1024w\" sizes=\"auto, (max-width: 200px) 100vw, 200px\" \/><\/a>\n\t\t\t<\/div><\/figure><figure class='gallery-item'>\n\t\t\t<div class='gallery-icon landscape'>\n\t\t\t\t<a href='https:\/\/tucomarca.whitekongsoftware.com\/ca\/fotogaleria-la-sant-silvestre-chestana-recapta-457-euros-per-a-la-lluita-contra-el-cancer\/sansilvestre18_prensa8-2\/'><img loading=\"lazy\" decoding=\"async\" width=\"300\" height=\"200\" src=\"https:\/\/tucomarca.whitekongsoftware.com\/wp-content\/uploads\/2018\/12\/SanSilvestre18_prensa8-300x200.jpeg\" class=\"attachment-medium size-medium\" alt=\"\" srcset=\"https:\/\/tucomarca.whitekongsoftware.com\/wp-content\/uploads\/2018\/12\/SanSilvestre18_prensa8-300x200.jpeg 300w, https:\/\/tucomarca.whitekongsoftware.com\/wp-content\/uploads\/2018\/12\/SanSilvestre18_prensa8-768x512.jpeg 768w, https:\/\/tucomarca.whitekongsoftware.com\/wp-content\/uploads\/2018\/12\/SanSilvestre18_prensa8-1024x683.jpeg 1024w\" sizes=\"auto, (max-width: 300px) 100vw, 300px\" \/><\/a>\n\t\t\t<\/div><\/figure><figure class='gallery-item'>\n\t\t\t<div class='gallery-icon landscape'>\n\t\t\t\t<a href='https:\/\/tucomarca.whitekongsoftware.com\/ca\/fotogaleria-la-sant-silvestre-chestana-recapta-457-euros-per-a-la-lluita-contra-el-cancer\/sansilvestre18_prensa9-2\/'><img loading=\"lazy\" decoding=\"async\" width=\"300\" height=\"200\" src=\"https:\/\/tucomarca.whitekongsoftware.com\/wp-content\/uploads\/2018\/12\/SanSilvestre18_prensa9-300x200.jpeg\" class=\"attachment-medium size-medium\" alt=\"\" srcset=\"https:\/\/tucomarca.whitekongsoftware.com\/wp-content\/uploads\/2018\/12\/SanSilvestre18_prensa9-300x200.jpeg 300w, https:\/\/tucomarca.whitekongsoftware.com\/wp-content\/uploads\/2018\/12\/SanSilvestre18_prensa9-768x512.jpeg 768w, https:\/\/tucomarca.whitekongsoftware.com\/wp-content\/uploads\/2018\/12\/SanSilvestre18_prensa9-1024x683.jpeg 1024w\" sizes=\"auto, (max-width: 300px) 100vw, 300px\" \/><\/a>\n\t\t\t<\/div><\/figure><figure class='gallery-item'>\n\t\t\t<div class='gallery-icon landscape'>\n\t\t\t\t<a href='https:\/\/tucomarca.whitekongsoftware.com\/ca\/fotogaleria-la-sant-silvestre-chestana-recapta-457-euros-per-a-la-lluita-contra-el-cancer\/sansilvestre18_prensa10-2\/'><img loading=\"lazy\" decoding=\"async\" width=\"300\" height=\"200\" src=\"https:\/\/tucomarca.whitekongsoftware.com\/wp-content\/uploads\/2018\/12\/SanSilvestre18_prensa10-300x200.jpeg\" class=\"attachment-medium size-medium\" alt=\"\" srcset=\"https:\/\/tucomarca.whitekongsoftware.com\/wp-content\/uploads\/2018\/12\/SanSilvestre18_prensa10-300x200.jpeg 300w, https:\/\/tucomarca.whitekongsoftware.com\/wp-content\/uploads\/2018\/12\/SanSilvestre18_prensa10-768x512.jpeg 768w, https:\/\/tucomarca.whitekongsoftware.com\/wp-content\/uploads\/2018\/12\/SanSilvestre18_prensa10-1024x683.jpeg 1024w\" sizes=\"auto, (max-width: 300px) 100vw, 300px\" \/><\/a>\n\t\t\t<\/div><\/figure><figure class='gallery-item'>\n\t\t\t<div class='gallery-icon landscape'>\n\t\t\t\t<a href='https:\/\/tucomarca.whitekongsoftware.com\/ca\/fotogaleria-la-sant-silvestre-chestana-recapta-457-euros-per-a-la-lluita-contra-el-cancer\/sansilvestre18_prensa11-2\/'><img loading=\"lazy\" decoding=\"async\" width=\"300\" height=\"200\" src=\"https:\/\/tucomarca.whitekongsoftware.com\/wp-content\/uploads\/2018\/12\/SanSilvestre18_prensa11-300x200.jpeg\" class=\"attachment-medium size-medium\" alt=\"\" srcset=\"https:\/\/tucomarca.whitekongsoftware.com\/wp-content\/uploads\/2018\/12\/SanSilvestre18_prensa11-300x200.jpeg 300w, https:\/\/tucomarca.whitekongsoftware.com\/wp-content\/uploads\/2018\/12\/SanSilvestre18_prensa11-768x512.jpeg 768w, https:\/\/tucomarca.whitekongsoftware.com\/wp-content\/uploads\/2018\/12\/SanSilvestre18_prensa11-1024x683.jpeg 1024w\" sizes=\"auto, (max-width: 300px) 100vw, 300px\" \/><\/a>\n\t\t\t<\/div><\/figure><figure class='gallery-item'>\n\t\t\t<div class='gallery-icon landscape'>\n\t\t\t\t<a href='https:\/\/tucomarca.whitekongsoftware.com\/ca\/fotogaleria-la-sant-silvestre-chestana-recapta-457-euros-per-a-la-lluita-contra-el-cancer\/sansilvestre18_prensa12-2\/'><img loading=\"lazy\" decoding=\"async\" width=\"300\" height=\"200\" src=\"https:\/\/tucomarca.whitekongsoftware.com\/wp-content\/uploads\/2018\/12\/SanSilvestre18_prensa12-300x200.jpeg\" class=\"attachment-medium size-medium\" alt=\"\" srcset=\"https:\/\/tucomarca.whitekongsoftware.com\/wp-content\/uploads\/2018\/12\/SanSilvestre18_prensa12-300x200.jpeg 300w, https:\/\/tucomarca.whitekongsoftware.com\/wp-content\/uploads\/2018\/12\/SanSilvestre18_prensa12-768x512.jpeg 768w, https:\/\/tucomarca.whitekongsoftware.com\/wp-content\/uploads\/2018\/12\/SanSilvestre18_prensa12-1024x683.jpeg 1024w\" sizes=\"auto, (max-width: 300px) 100vw, 300px\" \/><\/a>\n\t\t\t<\/div><\/figure><figure class='gallery-item'>\n\t\t\t<div class='gallery-icon landscape'>\n\t\t\t\t<a href='https:\/\/tucomarca.whitekongsoftware.com\/ca\/fotogaleria-la-sant-silvestre-chestana-recapta-457-euros-per-a-la-lluita-contra-el-cancer\/sansilvestre18_prensa3-2-2\/'><img loading=\"lazy\" decoding=\"async\" width=\"300\" height=\"200\" src=\"https:\/\/tucomarca.whitekongsoftware.com\/wp-content\/uploads\/2018\/12\/SanSilvestre18_prensa3-1-300x200.jpeg\" class=\"attachment-medium size-medium\" alt=\"\" srcset=\"https:\/\/tucomarca.whitekongsoftware.com\/wp-content\/uploads\/2018\/12\/SanSilvestre18_prensa3-1-300x200.jpeg 300w, https:\/\/tucomarca.whitekongsoftware.com\/wp-content\/uploads\/2018\/12\/SanSilvestre18_prensa3-1-768x512.jpeg 768w, https:\/\/tucomarca.whitekongsoftware.com\/wp-content\/uploads\/2018\/12\/SanSilvestre18_prensa3-1-1024x683.jpeg 1024w\" sizes=\"auto, (max-width: 300px) 100vw, 300px\" \/><\/a>\n\t\t\t<\/div><\/figure><figure class='gallery-item'>\n\t\t\t<div class='gallery-icon landscape'>\n\t\t\t\t<a href='https:\/\/tucomarca.whitekongsoftware.com\/ca\/fotogaleria-la-sant-silvestre-chestana-recapta-457-euros-per-a-la-lluita-contra-el-cancer\/sansilvestre18_prensa13-2\/'><img loading=\"lazy\" decoding=\"async\" width=\"300\" height=\"200\" src=\"https:\/\/tucomarca.whitekongsoftware.com\/wp-content\/uploads\/2018\/12\/SanSilvestre18_prensa13-300x200.jpeg\" class=\"attachment-medium size-medium\" alt=\"\" srcset=\"https:\/\/tucomarca.whitekongsoftware.com\/wp-content\/uploads\/2018\/12\/SanSilvestre18_prensa13-300x200.jpeg 300w, https:\/\/tucomarca.whitekongsoftware.com\/wp-content\/uploads\/2018\/12\/SanSilvestre18_prensa13-768x512.jpeg 768w, https:\/\/tucomarca.whitekongsoftware.com\/wp-content\/uploads\/2018\/12\/SanSilvestre18_prensa13-1024x683.jpeg 1024w\" sizes=\"auto, (max-width: 300px) 100vw, 300px\" \/><\/a>\n\t\t\t<\/div><\/figure><figure class='gallery-item'>\n\t\t\t<div class='gallery-icon landscape'>\n\t\t\t\t<a href='https:\/\/tucomarca.whitekongsoftware.com\/ca\/fotogaleria-la-sant-silvestre-chestana-recapta-457-euros-per-a-la-lluita-contra-el-cancer\/sansilvestre18_prensa14-2\/'><img loading=\"lazy\" decoding=\"async\" width=\"300\" height=\"200\" src=\"https:\/\/tucomarca.whitekongsoftware.com\/wp-content\/uploads\/2018\/12\/SanSilvestre18_prensa14-300x200.jpeg\" class=\"attachment-medium size-medium\" alt=\"\" srcset=\"https:\/\/tucomarca.whitekongsoftware.com\/wp-content\/uploads\/2018\/12\/SanSilvestre18_prensa14-300x200.jpeg 300w, https:\/\/tucomarca.whitekongsoftware.com\/wp-content\/uploads\/2018\/12\/SanSilvestre18_prensa14-768x512.jpeg 768w, https:\/\/tucomarca.whitekongsoftware.com\/wp-content\/uploads\/2018\/12\/SanSilvestre18_prensa14-1024x683.jpeg 1024w\" sizes=\"auto, (max-width: 300px) 100vw, 300px\" \/><\/a>\n\t\t\t<\/div><\/figure><figure class='gallery-item'>\n\t\t\t<div class='gallery-icon landscape'>\n\t\t\t\t<a href='https:\/\/tucomarca.whitekongsoftware.com\/ca\/fotogaleria-la-sant-silvestre-chestana-recapta-457-euros-per-a-la-lluita-contra-el-cancer\/sansilvestre18_prensa15-2\/'><img loading=\"lazy\" decoding=\"async\" width=\"300\" height=\"200\" src=\"https:\/\/tucomarca.whitekongsoftware.com\/wp-content\/uploads\/2018\/12\/SanSilvestre18_prensa15-300x200.jpeg\" class=\"attachment-medium size-medium\" alt=\"\" srcset=\"https:\/\/tucomarca.whitekongsoftware.com\/wp-content\/uploads\/2018\/12\/SanSilvestre18_prensa15-300x200.jpeg 300w, https:\/\/tucomarca.whitekongsoftware.com\/wp-content\/uploads\/2018\/12\/SanSilvestre18_prensa15-768x512.jpeg 768w, https:\/\/tucomarca.whitekongsoftware.com\/wp-content\/uploads\/2018\/12\/SanSilvestre18_prensa15-1024x683.jpeg 1024w\" sizes=\"auto, (max-width: 300px) 100vw, 300px\" \/><\/a>\n\t\t\t<\/div><\/figure><figure class='gallery-item'>\n\t\t\t<div class='gallery-icon landscape'>\n\t\t\t\t<a href='https:\/\/tucomarca.whitekongsoftware.com\/ca\/fotogaleria-la-sant-silvestre-chestana-recapta-457-euros-per-a-la-lluita-contra-el-cancer\/sansilvestre18_prensa16-2\/'><img loading=\"lazy\" decoding=\"async\" width=\"300\" height=\"200\" src=\"https:\/\/tucomarca.whitekongsoftware.com\/wp-content\/uploads\/2018\/12\/SanSilvestre18_prensa16-300x200.jpeg\" class=\"attachment-medium size-medium\" alt=\"\" srcset=\"https:\/\/tucomarca.whitekongsoftware.com\/wp-content\/uploads\/2018\/12\/SanSilvestre18_prensa16-300x200.jpeg 300w, https:\/\/tucomarca.whitekongsoftware.com\/wp-content\/uploads\/2018\/12\/SanSilvestre18_prensa16-768x512.jpeg 768w, https:\/\/tucomarca.whitekongsoftware.com\/wp-content\/uploads\/2018\/12\/SanSilvestre18_prensa16-1024x683.jpeg 1024w\" sizes=\"auto, (max-width: 300px) 100vw, 300px\" \/><\/a>\n\t\t\t<\/div><\/figure><figure class='gallery-item'>\n\t\t\t<div class='gallery-icon landscape'>\n\t\t\t\t<a href='https:\/\/tucomarca.whitekongsoftware.com\/ca\/fotogaleria-la-sant-silvestre-chestana-recapta-457-euros-per-a-la-lluita-contra-el-cancer\/sansilvestre18_prensa17-2\/'><img loading=\"lazy\" decoding=\"async\" width=\"300\" height=\"200\" src=\"https:\/\/tucomarca.whitekongsoftware.com\/wp-content\/uploads\/2018\/12\/SanSilvestre18_prensa17-300x200.jpeg\" class=\"attachment-medium size-medium\" alt=\"\" srcset=\"https:\/\/tucomarca.whitekongsoftware.com\/wp-content\/uploads\/2018\/12\/SanSilvestre18_prensa17-300x200.jpeg 300w, https:\/\/tucomarca.whitekongsoftware.com\/wp-content\/uploads\/2018\/12\/SanSilvestre18_prensa17-768x512.jpeg 768w, https:\/\/tucomarca.whitekongsoftware.com\/wp-content\/uploads\/2018\/12\/SanSilvestre18_prensa17-1024x683.jpeg 1024w\" sizes=\"auto, (max-width: 300px) 100vw, 300px\" \/><\/a>\n\t\t\t<\/div><\/figure><figure class='gallery-item'>\n\t\t\t<div class='gallery-icon landscape'>\n\t\t\t\t<a href='https:\/\/tucomarca.whitekongsoftware.com\/ca\/fotogaleria-la-sant-silvestre-chestana-recapta-457-euros-per-a-la-lluita-contra-el-cancer\/sansilvestre18_prensa19-2\/'><img loading=\"lazy\" decoding=\"async\" width=\"300\" height=\"200\" src=\"https:\/\/tucomarca.whitekongsoftware.com\/wp-content\/uploads\/2018\/12\/SanSilvestre18_prensa19-300x200.jpeg\" class=\"attachment-medium size-medium\" alt=\"\" srcset=\"https:\/\/tucomarca.whitekongsoftware.com\/wp-content\/uploads\/2018\/12\/SanSilvestre18_prensa19-300x200.jpeg 300w, https:\/\/tucomarca.whitekongsoftware.com\/wp-content\/uploads\/2018\/12\/SanSilvestre18_prensa19-768x512.jpeg 768w, https:\/\/tucomarca.whitekongsoftware.com\/wp-content\/uploads\/2018\/12\/SanSilvestre18_prensa19-1024x683.jpeg 1024w\" sizes=\"auto, (max-width: 300px) 100vw, 300px\" \/><\/a>\n\t\t\t<\/div><\/figure><figure class='gallery-item'>\n\t\t\t<div class='gallery-icon landscape'>\n\t\t\t\t<a href='https:\/\/tucomarca.whitekongsoftware.com\/ca\/fotogaleria-la-sant-silvestre-chestana-recapta-457-euros-per-a-la-lluita-contra-el-cancer\/sansilvestre18_prensa20-2\/'><img loading=\"lazy\" decoding=\"async\" width=\"300\" height=\"200\" src=\"https:\/\/tucomarca.whitekongsoftware.com\/wp-content\/uploads\/2018\/12\/SanSilvestre18_prensa20-300x200.jpeg\" class=\"attachment-medium size-medium\" alt=\"\" srcset=\"https:\/\/tucomarca.whitekongsoftware.com\/wp-content\/uploads\/2018\/12\/SanSilvestre18_prensa20-300x200.jpeg 300w, https:\/\/tucomarca.whitekongsoftware.com\/wp-content\/uploads\/2018\/12\/SanSilvestre18_prensa20-768x512.jpeg 768w, https:\/\/tucomarca.whitekongsoftware.com\/wp-content\/uploads\/2018\/12\/SanSilvestre18_prensa20-1024x683.jpeg 1024w\" sizes=\"auto, (max-width: 300px) 100vw, 300px\" \/><\/a>\n\t\t\t<\/div><\/figure><figure class='gallery-item'>\n\t\t\t<div class='gallery-icon landscape'>\n\t\t\t\t<a href='https:\/\/tucomarca.whitekongsoftware.com\/ca\/fotogaleria-la-sant-silvestre-chestana-recapta-457-euros-per-a-la-lluita-contra-el-cancer\/sansilvestre18_prensa21-2\/'><img loading=\"lazy\" decoding=\"async\" width=\"300\" height=\"200\" src=\"https:\/\/tucomarca.whitekongsoftware.com\/wp-content\/uploads\/2018\/12\/SanSilvestre18_prensa21-300x200.jpeg\" class=\"attachment-medium size-medium\" alt=\"\" srcset=\"https:\/\/tucomarca.whitekongsoftware.com\/wp-content\/uploads\/2018\/12\/SanSilvestre18_prensa21-300x200.jpeg 300w, https:\/\/tucomarca.whitekongsoftware.com\/wp-content\/uploads\/2018\/12\/SanSilvestre18_prensa21-768x512.jpeg 768w, https:\/\/tucomarca.whitekongsoftware.com\/wp-content\/uploads\/2018\/12\/SanSilvestre18_prensa21-1024x683.jpeg 1024w\" sizes=\"auto, (max-width: 300px) 100vw, 300px\" \/><\/a>\n\t\t\t<\/div><\/figure><figure class='gallery-item'>\n\t\t\t<div class='gallery-icon landscape'>\n\t\t\t\t<a href='https:\/\/tucomarca.whitekongsoftware.com\/ca\/fotogaleria-la-sant-silvestre-chestana-recapta-457-euros-per-a-la-lluita-contra-el-cancer\/sansilvestre18_prensa22-2\/'><img loading=\"lazy\" decoding=\"async\" width=\"300\" height=\"200\" src=\"https:\/\/tucomarca.whitekongsoftware.com\/wp-content\/uploads\/2018\/12\/SanSilvestre18_prensa22-300x200.jpeg\" class=\"attachment-medium size-medium\" alt=\"\" srcset=\"https:\/\/tucomarca.whitekongsoftware.com\/wp-content\/uploads\/2018\/12\/SanSilvestre18_prensa22-300x200.jpeg 300w, https:\/\/tucomarca.whitekongsoftware.com\/wp-content\/uploads\/2018\/12\/SanSilvestre18_prensa22-768x512.jpeg 768w, https:\/\/tucomarca.whitekongsoftware.com\/wp-content\/uploads\/2018\/12\/SanSilvestre18_prensa22-1024x683.jpeg 1024w\" sizes=\"auto, (max-width: 300px) 100vw, 300px\" \/><\/a>\n\t\t\t<\/div><\/figure><figure class='gallery-item'>\n\t\t\t<div class='gallery-icon landscape'>\n\t\t\t\t<a href='https:\/\/tucomarca.whitekongsoftware.com\/ca\/fotogaleria-la-sant-silvestre-chestana-recapta-457-euros-per-a-la-lluita-contra-el-cancer\/sansilvestre18_prensa18-2-2\/'><img loading=\"lazy\" decoding=\"async\" width=\"300\" height=\"200\" src=\"https:\/\/tucomarca.whitekongsoftware.com\/wp-content\/uploads\/2018\/12\/SanSilvestre18_prensa18-1-300x200.jpeg\" class=\"attachment-medium size-medium\" alt=\"\" srcset=\"https:\/\/tucomarca.whitekongsoftware.com\/wp-content\/uploads\/2018\/12\/SanSilvestre18_prensa18-1-300x200.jpeg 300w, https:\/\/tucomarca.whitekongsoftware.com\/wp-content\/uploads\/2018\/12\/SanSilvestre18_prensa18-1-768x512.jpeg 768w, https:\/\/tucomarca.whitekongsoftware.com\/wp-content\/uploads\/2018\/12\/SanSilvestre18_prensa18-1-1024x683.jpeg 1024w\" sizes=\"auto, (max-width: 300px) 100vw, 300px\" \/><\/a>\n\t\t\t<\/div><\/figure>\n\t\t<\/div>\n\n","protected":false},"excerpt":{"rendered":"<div class=\"mh-excerpt\">El passat 23 de desembre, Xest va celebrar la dotzena edici\u00f3 de la seva emblem\u00e0tica Sant Silvestre Solid\u00e0ria en un mat\u00ed assolellat i amb el ja conegut bon ambient que es viu durant aquesta prova <a class=\"mh-excerpt-more\" href=\"https:\/\/tucomarca.whitekongsoftware.com\/ca\/fotogaleria-la-sant-silvestre-chestana-recapta-457-euros-per-a-la-lluita-contra-el-cancer\/\" title=\"Fotogaleria: La Sant Silvestre chestana recapta 457 euros per a la lluita contra el c\u00e0ncer\">[+] <\/a><\/div>\n","protected":false},"author":2,"featured_media":79537,"comment_status":"open","ping_status":"open","sticky":false,"template":"","format":"standard","meta":{"footnotes":""},"categories":[11018,11003,10898,10912,10896,10974],"tags":[11108,11406,11109],"class_list":["post-79592","post","type-post","status-publish","format-standard","has-post-thumbnail","category-atletisme","category-sports","category-ventana-ca","category-la-hoya-ca","category-seccion-ca","category-cheste-ca","tag-la-foia-de-bunyol-xiva","tag-san-silvestre-solidaria-de-cheste-ca","tag-xest"],"_links":{"self":[{"href":"https:\/\/tucomarca.whitekongsoftware.com\/ca\/wp-json\/wp\/v2\/posts\/79592","targetHints":{"allow":["GET"]}}],"collection":[{"href":"https:\/\/tucomarca.whitekongsoftware.com\/ca\/wp-json\/wp\/v2\/posts"}],"about":[{"href":"https:\/\/tucomarca.whitekongsoftware.com\/ca\/wp-json\/wp\/v2\/types\/post"}],"author":[{"embeddable":true,"href":"https:\/\/tucomarca.whitekongsoftware.com\/ca\/wp-json\/wp\/v2\/users\/2"}],"replies":[{"embeddable":true,"href":"https:\/\/tucomarca.whitekongsoftware.com\/ca\/wp-json\/wp\/v2\/comments?post=79592"}],"version-history":[{"count":0,"href":"https:\/\/tucomarca.whitekongsoftware.com\/ca\/wp-json\/wp\/v2\/posts\/79592\/revisions"}],"wp:featuredmedia":[{"embeddable":true,"href":"https:\/\/tucomarca.whitekongsoftware.com\/ca\/wp-json\/wp\/v2\/media\/79537"}],"wp:attachment":[{"href":"https:\/\/tucomarca.whitekongsoftware.com\/ca\/wp-json\/wp\/v2\/media?parent=79592"}],"wp:term":[{"taxonomy":"category","embeddable":true,"href":"https:\/\/tucomarca.whitekongsoftware.com\/ca\/wp-json\/wp\/v2\/categories?post=79592"},{"taxonomy":"post_tag","embeddable":true,"href":"https:\/\/tucomarca.whitekongsoftware.com\/ca\/wp-json\/wp\/v2\/tags?post=79592"}],"curies":[{"name":"wp","href":"https:\/\/api.w.org\/{rel}","templated":true}]}}