{"id":79459,"date":"2018-12-22T13:30:34","date_gmt":"2018-12-22T11:30:34","guid":{"rendered":"http:\/\/www.tucomarca.com\/wordpress\/segunda\/?p=79459"},"modified":"2018-12-22T13:30:34","modified_gmt":"2018-12-22T11:30:34","slug":"la-volta-torna-a-valencia-amb-eixides-a-cullera-i-leliana-i-arribada-al-puig","status":"publish","type":"post","link":"https:\/\/tucomarca.whitekongsoftware.com\/ca\/la-volta-torna-a-valencia-amb-eixides-a-cullera-i-leliana-i-arribada-al-puig\/","title":{"rendered":"La Volta torna a Val\u00e8ncia amb eixides a Cullera i l&#8217;Eliana i arribada al Puig"},"content":{"rendered":"<figure id=\"attachment_79460\" aria-describedby=\"caption-attachment-79460\" style=\"width: 478px\" class=\"wp-caption alignleft\"><img loading=\"lazy\" decoding=\"async\" class=\" wp-image-79460\" src=\"http:\/\/www.tucomarca.com\/wordpress\/segunda\/wp-content\/uploads\/2018\/12\/LaVuelta2017.jpg\" alt=\"La Vuelta a su paso por Lliria en agosto de 2017.\" width=\"478\" height=\"311\" srcset=\"https:\/\/tucomarca.whitekongsoftware.com\/wp-content\/uploads\/2018\/12\/LaVuelta2017.jpg 2362w, https:\/\/tucomarca.whitekongsoftware.com\/wp-content\/uploads\/2018\/12\/LaVuelta2017-300x195.jpg 300w, https:\/\/tucomarca.whitekongsoftware.com\/wp-content\/uploads\/2018\/12\/LaVuelta2017-768x499.jpg 768w, https:\/\/tucomarca.whitekongsoftware.com\/wp-content\/uploads\/2018\/12\/LaVuelta2017-1024x665.jpg 1024w\" sizes=\"auto, (max-width: 478px) 100vw, 478px\" \/><figcaption id=\"caption-attachment-79460\" class=\"wp-caption-text\">La Vuelta a su paso por Lliria en agosto de 2017.<\/figcaption><\/figure>\n<p>La Volta a Espanya torna a Val\u00e8ncia despr\u00e9s del par\u00e8ntesi de l&#8217;\u00faltim any, en qu\u00e8 la ronda ciclista no va aconseguir en el seu itinerari terres valencianes. Ho far\u00e0 el dimarts 27 d&#8217;agost amb sortida a Cullera i meta al Puig, una etapa de 177 quil\u00f2metres que es correr\u00e0 \u00edntegrament a la prov\u00edncia, i que tindr\u00e0 continuaci\u00f3 l&#8217;endem\u00e0 amb sortida a l&#8217;Eliana, rumb a l&#8217;Observatori Astrof\u00edsic de Javalambre .<\/p>\n<p>La primera de les dues etapes valencianes de la Volta sortir\u00e0 de Cullera, a la Ribera Baixa, i travessar\u00e0 municipis com Corbera, Alzira, Almussafes, Alfarp, Real de Montroi, Xest, Vilamarxant, B\u00e9tera, Torres Torres i el Port de Sagunt, abans d&#8217;arribar al Puig, on estar\u00e0 instal\u00b7lada la l\u00ednia de meta. En aquesta quarta etapa de la Volta s&#8217;apujar\u00e0 l&#8217;Port del Oronet, de tercera categoria.<\/p>\n<p>A la jornada seg\u00fcent, el dimecres 28 d&#8217;agost, la cursa prendr\u00e0 la sortida a l&#8217;Eliana, al Camp de T\u00faria, on ja va arribar la Volta fa dos anys, amb sortida a Ll\u00edria. Amb un recorregut de 165 quil\u00f2metres, els ciclistes pujaran el Port d&#8217;Alcublas, de segona categoria, abans d&#8217;abandonar la prov\u00edncia i dirigir-se cap Terol i acabar l&#8217;etapa en l&#8217;Alt del Javalambre, de primera categoria.<\/p>\n<p>La Diputaci\u00f3 torna a apostar per un esdeveniment esportiu que, en paraules de la diputada d&#8217;Esports, Isabel Garc\u00eda, &#8220;no nom\u00e9s vertebra el nostre territori a trav\u00e9s d&#8217;un espectacle esportiu de grans dimensions, sin\u00f3 que deixa un important retorn econ\u00f2mic a les comarques valencianes, on la caravana de la Volta estar\u00e0 dos dies i una nit &#8220;. Garc\u00eda destaca els valors d&#8217;un esport com el ciclisme, amb el qual habitualment col\u00b7labora la corporaci\u00f3, especialment en l&#8217;\u00e0mbit femen\u00ed, per\u00f2 tamb\u00e9 &#8220;aquesta reversi\u00f3 per a la poblaci\u00f3 en forma d&#8217;emocions per als molts aficionats i aficionades al ciclisme a Val\u00e8ncia i la oportunitat econ\u00f2mica per als municipis per on passa la cursa &#8220;.<\/p>\n<p>En aquesta ocasi\u00f3, les \u00e0rees d&#8217;Esports i Turisme de la Diputaci\u00f3 s&#8217;han destinat 100.000 euros per a aquest esdeveniment esportiu, dins els comptes per al proper any. Ser\u00e0 la tercera vegada en la present legislatura que la ronda ciclista visita la prov\u00edncia. En 2016, la Volta va programar una etapa al tram final de la ronda entre Requena i Gandia, amb un recorregut de 200 quil\u00f2metres que va travessar la prov\u00edncia de l&#8217;interior al litoral. Un any despr\u00e9s, Val\u00e8ncia va gaudir de dues etapes de la Volta a Espanya, una amb arribada al Port de Sagunt i una altra amb sortida a Ll\u00edria rumb a Conca.<\/p>\n<p>Aquest cop, la cursa arrencar\u00e0 el dissabte 24 d&#8217;agost amb una crono per equips en les Salines de Torrevella. Despr\u00e9s dels tres primers dies a Alacant arribar\u00e0 a Val\u00e8ncia, per seguir amb destinaci\u00f3 Terol i Castell\u00f3, on tindran lloc les primeres arribades en pujada. De la resta del recorregut destaquen les etapes de muntanya d&#8217;Ast\u00faries i Andorra, el previsible desenlla\u00e7 les serres madrilenyes de Guadarrama i Gredos i l&#8217;homenatge als 60 anys de la Volta conquerit per Bahamontes amb arribada a Toledo. El podi final estar\u00e0 a Madrid el 15 de setembre.<\/p>\n","protected":false},"excerpt":{"rendered":"<div class=\"mh-excerpt\">La Volta a Espanya torna a Val\u00e8ncia despr\u00e9s del par\u00e8ntesi de l&#8217;\u00faltim any, en qu\u00e8 la ronda ciclista no va aconseguir en el seu itinerari terres valencianes. Ho far\u00e0 el dimarts 27 d&#8217;agost amb sortida <a class=\"mh-excerpt-more\" href=\"https:\/\/tucomarca.whitekongsoftware.com\/ca\/la-volta-torna-a-valencia-amb-eixides-a-cullera-i-leliana-i-arribada-al-puig\/\" title=\"La Volta torna a Val\u00e8ncia amb eixides a Cullera i l&#8217;Eliana i arribada al Puig\">[+] <\/a><\/div>\n","protected":false},"author":1,"featured_media":79460,"comment_status":"open","ping_status":"open","sticky":false,"template":"","format":"standard","meta":{"footnotes":""},"categories":[10892,11013,11003,10948,10894,10928,10893,10896],"tags":[11246],"class_list":["post-79459","post","type-post","status-publish","format-standard","has-post-thumbnail","category-camp-de-turia-ca","category-ciclismo-ca","category-sports","category-infraestructuras-ca","category-la-comarca-ca","category-lliria-ca","category-leliana-ca","category-seccion-ca","tag-diputacio-de-valencia-ca"],"_links":{"self":[{"href":"https:\/\/tucomarca.whitekongsoftware.com\/ca\/wp-json\/wp\/v2\/posts\/79459","targetHints":{"allow":["GET"]}}],"collection":[{"href":"https:\/\/tucomarca.whitekongsoftware.com\/ca\/wp-json\/wp\/v2\/posts"}],"about":[{"href":"https:\/\/tucomarca.whitekongsoftware.com\/ca\/wp-json\/wp\/v2\/types\/post"}],"author":[{"embeddable":true,"href":"https:\/\/tucomarca.whitekongsoftware.com\/ca\/wp-json\/wp\/v2\/users\/1"}],"replies":[{"embeddable":true,"href":"https:\/\/tucomarca.whitekongsoftware.com\/ca\/wp-json\/wp\/v2\/comments?post=79459"}],"version-history":[{"count":0,"href":"https:\/\/tucomarca.whitekongsoftware.com\/ca\/wp-json\/wp\/v2\/posts\/79459\/revisions"}],"wp:featuredmedia":[{"embeddable":true,"href":"https:\/\/tucomarca.whitekongsoftware.com\/ca\/wp-json\/wp\/v2\/media\/79460"}],"wp:attachment":[{"href":"https:\/\/tucomarca.whitekongsoftware.com\/ca\/wp-json\/wp\/v2\/media?parent=79459"}],"wp:term":[{"taxonomy":"category","embeddable":true,"href":"https:\/\/tucomarca.whitekongsoftware.com\/ca\/wp-json\/wp\/v2\/categories?post=79459"},{"taxonomy":"post_tag","embeddable":true,"href":"https:\/\/tucomarca.whitekongsoftware.com\/ca\/wp-json\/wp\/v2\/tags?post=79459"}],"curies":[{"name":"wp","href":"https:\/\/api.w.org\/{rel}","templated":true}]}}