{"id":79450,"date":"2018-12-22T13:42:31","date_gmt":"2018-12-22T11:42:31","guid":{"rendered":"http:\/\/www.tucomarca.com\/wordpress\/segunda\/?p=79450"},"modified":"2018-12-22T13:42:31","modified_gmt":"2018-12-22T11:42:31","slug":"lhospital-de-manises-rep-el-premi-empresa-amb-anima-a-lexcel%c2%b7lencia-professional-i-humana-en-lambit-sanitari","status":"publish","type":"post","link":"https:\/\/tucomarca.whitekongsoftware.com\/ca\/lhospital-de-manises-rep-el-premi-empresa-amb-anima-a-lexcel%c2%b7lencia-professional-i-humana-en-lambit-sanitari\/","title":{"rendered":"L&#8217;Hospital de Manises rep el premi Empresa amb \u00c0nima a l&#8217;excel\u00b7l\u00e8ncia professional i humana en l&#8217;\u00e0mbit sanitari"},"content":{"rendered":"<figure id=\"attachment_79447\" aria-describedby=\"caption-attachment-79447\" style=\"width: 626px\" class=\"wp-caption alignleft\"><img loading=\"lazy\" decoding=\"async\" class=\" wp-image-79447\" src=\"http:\/\/www.tucomarca.com\/wordpress\/segunda\/wp-content\/uploads\/2018\/12\/ManisesAlma.jpg\" alt=\"Manises recibe el premio Empresa con Alma a la excelencia profesional y humana en el \u00e1mbito sanitario.\" width=\"626\" height=\"417\" srcset=\"https:\/\/tucomarca.whitekongsoftware.com\/wp-content\/uploads\/2018\/12\/ManisesAlma.jpg 4822w, https:\/\/tucomarca.whitekongsoftware.com\/wp-content\/uploads\/2018\/12\/ManisesAlma-300x200.jpg 300w, https:\/\/tucomarca.whitekongsoftware.com\/wp-content\/uploads\/2018\/12\/ManisesAlma-768x512.jpg 768w, https:\/\/tucomarca.whitekongsoftware.com\/wp-content\/uploads\/2018\/12\/ManisesAlma-1024x683.jpg 1024w\" sizes=\"auto, (max-width: 626px) 100vw, 626px\" \/><figcaption id=\"caption-attachment-79447\" class=\"wp-caption-text\">L&#8217;Hospital de Manises rep el premi Empresa amb \u00c0nima a l&#8217;excel\u00b7l\u00e8ncia professional i humana en l&#8217;\u00e0mbit sanitari.<\/figcaption><\/figure>\n<p>El Departament de Salut de Manises ha rebut el premi Empresa amb \u00c0nima que concedeix ESSAT per la tasca que realitza el centre hospitalari en l&#8217;\u00e0mbit sanitari i per l&#8217;excel\u00b7l\u00e8ncia professional i humana cap als pacients i familiars que cada dia passen per alguna de les \u00e0rees del Departament.<\/p>\n<p>En l&#8217;acte han participat el director gerent del Departament de Salut de Manises, Ricardo Trujillo, i la directora general del Grup ESSAT, Irene Prieto. &#8220;Aquest reconeixement refor\u00e7a la gran tasca que realitzen cada dia els 1.500 professionals del Departament de Salut de Manises per oferir la m\u00e0xima excel\u00b7l\u00e8ncia i servei als nostres pacients i el seu entorn, que s\u00f3n el veritable centre de la nostra activitat sanit\u00e0ria&#8221;, indica Ricardo Trujillo.<\/p>\n<p><strong>Reconeixement i acreditacions<\/strong><\/p>\n<p>L&#8217;Hospital de Manises \u00e9s el centre sanitari p\u00fablic amb m\u00e9s \u00e0rees acreditades per diferents normes de qualitat segons el Registre Auton\u00f2mic de Certificacions en Qualitat de la Conselleria de Sanitat Universal i Salut P\u00fablica. Aix\u00ed, el centre compta amb l&#8217;acreditaci\u00f3 QH + 2 que atorga IDIS, la distinci\u00f3 EFQM 500 +, la m\u00e0xima distinci\u00f3 que concedeix el Club Excel\u00b7l\u00e8ncia en Gesti\u00f3 (CEG) i el model d&#8217;internacional de gesti\u00f3 de la qualitat m\u00e9s reconegut i est\u00e8s a Europa . Tamb\u00e9, \u00e9s l&#8217;\u00fanic departament que compta amb tots els seus centres de salut certificats amb el segell ISO 9001 i 14001, les principals \u00e0rees cl\u00edniques certificades tamb\u00e9 segons aquestes normes ISO. Aix\u00ed mateix, disposa del certificat de sensar com Hospital Segur.<\/p>\n<p>El Departament de Salut de Manises tamb\u00e9 ha estat reconeguda com a finalistes en els premis Best in Class (BIC) 2018. Tamb\u00e9 ha rebut, entre altres guardons, el premi Empresa Saludable 2017 en la categoria de Healthy Mind que organitza l&#8217;Observatori RH i el premi preveure 2017 que concedeix el Consell General de Relacions Industrials i Ci\u00e8ncies del Treball per la traject\u00f2ria i bon fer en la prevenci\u00f3 de riscos laborals. A m\u00e9s, cal destacar que l&#8217;Hospital ha participat en el llibre &#8220;Organitzacions Saludables: Deu casos d&#8217;\u00e8xit&#8221;, ha rebut el premi nacional &#8220;Hospital Optimista&#8221; patrocinat per la fundaci\u00f3 Atres Mitjana.<\/p>\n","protected":false},"excerpt":{"rendered":"<div class=\"mh-excerpt\">El Departament de Salut de Manises ha rebut el premi Empresa amb \u00c0nima que concedeix ESSAT per la tasca que realitza el centre hospitalari en l&#8217;\u00e0mbit sanitari i per l&#8217;excel\u00b7l\u00e8ncia professional i humana cap als <a class=\"mh-excerpt-more\" href=\"https:\/\/tucomarca.whitekongsoftware.com\/ca\/lhospital-de-manises-rep-el-premi-empresa-amb-anima-a-lexcel%c2%b7lencia-professional-i-humana-en-lambit-sanitari\/\" title=\"L&#8217;Hospital de Manises rep el premi Empresa amb \u00c0nima a l&#8217;excel\u00b7l\u00e8ncia professional i humana en l&#8217;\u00e0mbit sanitari\">[+] <\/a><\/div>\n","protected":false},"author":1,"featured_media":79448,"comment_status":"open","ping_status":"open","sticky":false,"template":"","format":"standard","meta":{"footnotes":""},"categories":[11010,10898,10894,10904,10912,10896],"tags":[11092],"class_list":["post-79450","post","type-post","status-publish","format-standard","has-post-thumbnail","category-canal-salud","category-ventana-ca","category-la-comarca-ca","category-sin-categorizar-ca","category-la-hoya-ca","category-seccion-ca","tag-hospital-de-manises-ca"],"_links":{"self":[{"href":"https:\/\/tucomarca.whitekongsoftware.com\/ca\/wp-json\/wp\/v2\/posts\/79450","targetHints":{"allow":["GET"]}}],"collection":[{"href":"https:\/\/tucomarca.whitekongsoftware.com\/ca\/wp-json\/wp\/v2\/posts"}],"about":[{"href":"https:\/\/tucomarca.whitekongsoftware.com\/ca\/wp-json\/wp\/v2\/types\/post"}],"author":[{"embeddable":true,"href":"https:\/\/tucomarca.whitekongsoftware.com\/ca\/wp-json\/wp\/v2\/users\/1"}],"replies":[{"embeddable":true,"href":"https:\/\/tucomarca.whitekongsoftware.com\/ca\/wp-json\/wp\/v2\/comments?post=79450"}],"version-history":[{"count":0,"href":"https:\/\/tucomarca.whitekongsoftware.com\/ca\/wp-json\/wp\/v2\/posts\/79450\/revisions"}],"wp:featuredmedia":[{"embeddable":true,"href":"https:\/\/tucomarca.whitekongsoftware.com\/ca\/wp-json\/wp\/v2\/media\/79448"}],"wp:attachment":[{"href":"https:\/\/tucomarca.whitekongsoftware.com\/ca\/wp-json\/wp\/v2\/media?parent=79450"}],"wp:term":[{"taxonomy":"category","embeddable":true,"href":"https:\/\/tucomarca.whitekongsoftware.com\/ca\/wp-json\/wp\/v2\/categories?post=79450"},{"taxonomy":"post_tag","embeddable":true,"href":"https:\/\/tucomarca.whitekongsoftware.com\/ca\/wp-json\/wp\/v2\/tags?post=79450"}],"curies":[{"name":"wp","href":"https:\/\/api.w.org\/{rel}","templated":true}]}}