{"id":79432,"date":"2018-12-22T14:55:36","date_gmt":"2018-12-22T12:55:36","guid":{"rendered":"http:\/\/www.tucomarca.com\/wordpress\/segunda\/?p=79432"},"modified":"2018-12-22T14:55:36","modified_gmt":"2018-12-22T12:55:36","slug":"contelles-son-els-comptes-dun-govern-desganat-esgotat-sense-idees-sense-projecte-i-a-merce-doltra-i-puig","status":"publish","type":"post","link":"https:\/\/tucomarca.whitekongsoftware.com\/ca\/contelles-son-els-comptes-dun-govern-desganat-esgotat-sense-idees-sense-projecte-i-a-merce-doltra-i-puig\/","title":{"rendered":"Contelles: &#8220;S\u00f3n els comptes d&#8217;un govern desganat, esgotat, sense idees, sense projecte i a merc\u00e8 d&#8217;Oltra i Puig&#8221;"},"content":{"rendered":"<figure id=\"attachment_79433\" aria-describedby=\"caption-attachment-79433\" style=\"width: 510px\" class=\"wp-caption alignleft\"><img loading=\"lazy\" decoding=\"async\" class=\" wp-image-79433\" src=\"http:\/\/www.tucomarca.com\/wordpress\/segunda\/wp-content\/uploads\/2018\/12\/MCContelles.jpg\" alt=\"Se pregunta si los 1,8 millones en publicidad son para la campa\u00f1a electoral mientras dejan perder 650.000 euros de fondos europeos para formaci\u00f3n e inserci\u00f3n laboral de j\u00f3venes.\" width=\"510\" height=\"340\" srcset=\"https:\/\/tucomarca.whitekongsoftware.com\/wp-content\/uploads\/2018\/12\/MCContelles.jpg 1600w, https:\/\/tucomarca.whitekongsoftware.com\/wp-content\/uploads\/2018\/12\/MCContelles-300x200.jpg 300w, https:\/\/tucomarca.whitekongsoftware.com\/wp-content\/uploads\/2018\/12\/MCContelles-768x512.jpg 768w, https:\/\/tucomarca.whitekongsoftware.com\/wp-content\/uploads\/2018\/12\/MCContelles-1024x682.jpg 1024w\" sizes=\"auto, (max-width: 510px) 100vw, 510px\" \/><figcaption id=\"caption-attachment-79433\" class=\"wp-caption-text\">Se pregunta si los 1,8 millones en publicidad son para la campa\u00f1a electoral mientras dejan perder 650.000 euros de fondos europeos para formaci\u00f3n e inserci\u00f3n laboral de j\u00f3venes.<\/figcaption><\/figure>\n<p>La portaveu del Partit Popular a la Diputaci\u00f3 de Val\u00e8ncia, Mari Carmen Contelles, ha assegurat que el pressupost dissenyat per l&#8217;equip de Govern que dirigeix \u200b\u200bToni Gaspar &#8220;\u00e9s un pressupost elaborats des de la desgana d&#8217;un govern que se sap esgotat, sense idees, sense projecte i sense capacitat de maniobra, a merc\u00e8 de les directrius de M\u00f3nica Oltra i, en menor mesura, Ximo Puig &#8220;.<\/p>\n<p>Mari Carmen Contelles ha destacat que aquests comptes &#8220;aprofundeixen en els errors que ha com\u00e8s el quadripartit, generen problemes i no supleix les seves greus mancances. Per\u00f2 m\u00e9s greu, si cap, revelen una absoluta falta de voluntat per executar i un total desinter\u00e8s per resoldre les necessitats dels municipis de la prov\u00edncia de val\u00e8ncia &#8220;.<\/p>\n<p>La portaveu popular ha subratllat que aquesta legislatura ja ser\u00e0 per sempre la de l&#8217;Operaci\u00f3 Alqueria: &#8220;Si per alguna cosa ser\u00e0 recordada aquesta legislatura ser\u00e0 per la detenci\u00f3 per presumptes delictes de corrupci\u00f3 de Jorge Rodr\u00edguez, el primer president de la diputaci\u00f3 detingut en l&#8217;exercici de les seves funcions per la seva gesti\u00f3 en Divalterra &#8220;.<\/p>\n<p>En aquest sentit, ha recordat que Comprom\u00eds i PSPV van arribar a les institucions &#8220;proclamant que venien a rescatar persones, per\u00f2 la mentida t\u00e9 les potes molt curtes i ja tothom sap que la seva intenci\u00f3 nom\u00e9s era rescatar-se a si mateixos&#8221;.<\/p>\n<p>&#8220;B\u00e9 ha continuat, almenys des de la diputaci\u00f3 s\u00ed que s&#8217;han entestat a rescatar una persona a for\u00e7a de milions: M\u00f2nica Oltra i el seu atrotinada gesti\u00f3&#8221;.<\/p>\n<p><strong>El caixer autom\u00e0tic de la Generalitat<\/strong><\/p>\n<p>En aquest punt ha incidit que la vicepresidenta del Consell, amb la complicitat del president i vicepresidenta de la Diputaci\u00f3 han convertit el govern provincial al caixer autom\u00e0tic de la Generalitat.<\/p>\n<p>&#8220;Diuen que han redu\u00eft els convenis singulars i els ajuts a dit, per\u00f2 la realitat \u00e9s que han augmentat les subvencions nominatives i li han donat a la Generalitat la possibilitat de repartir els diners de la Diputaci\u00f3 segons els seus criteris, no massa transparents per cert. Perqu\u00e8 ni vost\u00e8s, en molts casos, han sabut a qui se li donava ni per qu\u00e8 &#8220;, ha recalcat Contelles.<\/p>\n<p>&#8220;M\u00e9s de 50 milions d&#8217;euros ha gastat la Diputaci\u00f3 sense p\u00fablica concurr\u00e8ncia ni publicitat per cobrir compet\u00e8ncies impr\u00f2pies per capritx d&#8217;Oltra i Puig en aquesta legislatura&#8221;.<\/p>\n<p>&#8220;Per\u00f2 el s\u00fammum d&#8217;aquest intervencionisme -ha insistit- ha estat la mediaci\u00f3 d&#8217;una assessora de la vicepresidenta perqu\u00e8 l&#8217;ajuntament de la Font de la Figuera, l&#8217;alcalde \u00e9s de Comprom\u00eds, aconsegu\u00eds una subvenci\u00f3 de la Diputaci\u00f3 de Val\u00e8ncia per a construir un centre de dia. I no ho dic jo, ho diu un acte judicial que posa en q\u00fcesti\u00f3 aquesta actuaci\u00f3 i demana investigar la participaci\u00f3 d&#8217;aquesta assessora &#8220;.<\/p>\n<p>&#8220;Un submissi\u00f3 a la Generalitat que est\u00e0 afectant negativament la salut econ\u00f2mica de la Diputaci\u00f3, a l&#8217;assumir compet\u00e8ncies impr\u00f2pies i haver de demanar permisos i autoritzacions per poder disposar de la despesa, afectant al Per\u00edode mitj\u00e0 de pagament, que est\u00e0 situat a 64 dies, quan la llei marca un l\u00edmit de 30 dies &#8220;, ha assenyalat.<\/p>\n<p><strong>Escassa implicaci\u00f3 dels diputats delegats<\/strong><\/p>\n<p>Mari Carmen Contelles ha lamentat l&#8217;esc\u00e0s nivell d&#8217;execuci\u00f3 de l&#8217;actual pressupost, que a 23 de novembre amb prou feines arribava al 55%. Segons la seva opini\u00f3, aquests n\u00fameros revelen &#8220;una nul\u00b7la capacitat de gesti\u00f3 causa de la poca implicaci\u00f3 dels diputats delegats per una banda i per una altra al desmantellament que han patit algunes \u00e0rees i serveis a causa dels canvis de personal que per decisi\u00f3 pol\u00edtica s&#8217;han fet , al costat de nomenaments arbitraris i poc operatius que han provocat la desmotivaci\u00f3 dels funcionaris &#8220;.<\/p>\n<p>Aix\u00ed ha criticat que &#8220;s&#8217;han produ\u00eft retards en totes i cadascuna de les convocat\u00f2ries, ajuts i subvencions que han realitzat aquests anys, tant a l&#8217;hora de convocar-les, com de resoldre-les com de justificar-les, totes han patit un retard i no sempre es pot atribuir als ajuntaments &#8220;.<\/p>\n<p>&#8220;No han tingut ni una iniciativa nova, ni tan sols s&#8217;han posat a estudiar el tema de com millorar, simplificar i agilitzar la tramitaci\u00f3 de les subvencions i ajudes m\u00e9s que fer el que ja es va fer en el seu dia a l&#8217;anterior legislatura: agrupar subvencions per dos anys &#8220;, ha afegit.<\/p>\n<p><strong>Autobombo i propaganda<\/strong><\/p>\n<p>La portaveu del Grup Popular s&#8217;ha preguntat si la partida d&#8217;1,8 milions d&#8217;euros per autobombo i propaganda que s&#8217;ha pressupost \u00e9s per pagar la campanya electoral de Puig i d&#8217;Oltra, &#8220;perqu\u00e8 per descomptat aquests diners no servir\u00e0 per millorar els serveis b\u00e0sics en els petits municipis de la prov\u00edncia de Val\u00e8ncia ni oferir oportunitats als ciutadans &#8220;.<\/p>\n<p>Contelles ha manifestat que, producte de &#8220;la desgana amb qu\u00e8 gestionen Toni Gaspar i el seu equip&#8221;, la Diputaci\u00f3 ha perdut 650.000 euros en fons europeus orientats a millorar la formaci\u00f3 i les oportunitats d&#8217;inserci\u00f3 laboral dels joves valencians &#8220;per una lamentable falta de previsi\u00f3 i no saber gestionar. Aix\u00f2 \u00e9s aprofitar i potenciar el talent dels nostres joves &#8220;.<\/p>\n<p><strong>Ignoren les necessitats de la prov\u00edncia<\/strong><\/p>\n<p>La responsable popular ha recriminat la desatenci\u00f3 als 189 municipis de menys de 500 habitants per la supressi\u00f3 del Pla de Nuclis i finan\u00e7ant a les grans ciutats com Val\u00e8ncia, Gandia, Requena, Torrent, Paterna, Sagunt amb m\u00e9s de 4 milions d&#8217;euros deixant de costat als llogarets i municipis amb menys recursos.<\/p>\n<p>&#8220;S&#8217;han carregat tamb\u00e9 el turisme social en detriment de la perman\u00e8ncia del sector tur\u00edstic a la prov\u00edncia. No han estat capa\u00e7os d&#8217;acceptar les propostes presentades per aquest grup per solucionar el problema que segueixen tenint en comarques d&#8217;interior en transport p\u00fablic per carretera, imprescindible per a la vertebraci\u00f3 del territori. Segueixen existint en molts municipis de la prov\u00edncia grans problemes com s\u00f3n les xarxes d&#8217;aigua potable o les depuradores &#8220;.<\/p>\n<p>Aix\u00ed mateix ha posat en relleu que els actuals dirigents de la corporaci\u00f3 provincial van descartar un pla necessari i de gran demanda com era el equipar als nostres municipis de desfibril\u00b7ladors.<\/p>\n<p>&#8220;Han ignorat, a m\u00e9s, la necessitat d&#8217;emprendre la construcci\u00f3 d&#8217;una rotonda i la remodelaci\u00f3 de la CV-336 al seu pas per l&#8217;Eliana per millorar la seguretat vi\u00e0ria i la connexi\u00f3 amb diversos municipis del Camp de T\u00faria amb la CV-35 ; el pont entre Canet i Sagunt; un nou dip\u00f2sit d&#8217;aigua potable a Vilamarxant; una passarel\u00b7la de vianants i ciclista sobre la V-31 per unir el nucli urb\u00e0 d&#8217;Alfafar amb el Parc Natural de l&#8217;Albufera; millores en camins rurals de pr\u00e0cticament totes les nostres comarques; l&#8217;eliminaci\u00f3 de punts negres entre Manises i Riba-roja; les variant de B\u00e9tera, Pedralba o Favara. \u00c9s la legislatura amb menor nombre d&#8217;obres en carreteres executades &#8220;.<\/p>\n","protected":false},"excerpt":{"rendered":"<div class=\"mh-excerpt\">La portaveu del Partit Popular a la Diputaci\u00f3 de Val\u00e8ncia, Mari Carmen Contelles, ha assegurat que el pressupost dissenyat per l&#8217;equip de Govern que dirigeix \u200b\u200bToni Gaspar &#8220;\u00e9s un pressupost elaborats des de la desgana <a class=\"mh-excerpt-more\" href=\"https:\/\/tucomarca.whitekongsoftware.com\/ca\/contelles-son-els-comptes-dun-govern-desganat-esgotat-sense-idees-sense-projecte-i-a-merce-doltra-i-puig\/\" title=\"Contelles: &#8220;S\u00f3n els comptes d&#8217;un govern desganat, esgotat, sense idees, sense projecte i a merc\u00e8 d&#8217;Oltra i Puig&#8221;\">[+] <\/a><\/div>\n","protected":false},"author":1,"featured_media":79433,"comment_status":"open","ping_status":"open","sticky":false,"template":"","format":"standard","meta":{"footnotes":""},"categories":[10948,10894,10904,10947,10896],"tags":[11344],"class_list":["post-79432","post","type-post","status-publish","format-standard","has-post-thumbnail","category-infraestructuras-ca","category-la-comarca-ca","category-sin-categorizar-ca","category-politica","category-seccion-ca","tag-pp-ca"],"_links":{"self":[{"href":"https:\/\/tucomarca.whitekongsoftware.com\/ca\/wp-json\/wp\/v2\/posts\/79432","targetHints":{"allow":["GET"]}}],"collection":[{"href":"https:\/\/tucomarca.whitekongsoftware.com\/ca\/wp-json\/wp\/v2\/posts"}],"about":[{"href":"https:\/\/tucomarca.whitekongsoftware.com\/ca\/wp-json\/wp\/v2\/types\/post"}],"author":[{"embeddable":true,"href":"https:\/\/tucomarca.whitekongsoftware.com\/ca\/wp-json\/wp\/v2\/users\/1"}],"replies":[{"embeddable":true,"href":"https:\/\/tucomarca.whitekongsoftware.com\/ca\/wp-json\/wp\/v2\/comments?post=79432"}],"version-history":[{"count":0,"href":"https:\/\/tucomarca.whitekongsoftware.com\/ca\/wp-json\/wp\/v2\/posts\/79432\/revisions"}],"wp:featuredmedia":[{"embeddable":true,"href":"https:\/\/tucomarca.whitekongsoftware.com\/ca\/wp-json\/wp\/v2\/media\/79433"}],"wp:attachment":[{"href":"https:\/\/tucomarca.whitekongsoftware.com\/ca\/wp-json\/wp\/v2\/media?parent=79432"}],"wp:term":[{"taxonomy":"category","embeddable":true,"href":"https:\/\/tucomarca.whitekongsoftware.com\/ca\/wp-json\/wp\/v2\/categories?post=79432"},{"taxonomy":"post_tag","embeddable":true,"href":"https:\/\/tucomarca.whitekongsoftware.com\/ca\/wp-json\/wp\/v2\/tags?post=79432"}],"curies":[{"name":"wp","href":"https:\/\/api.w.org\/{rel}","templated":true}]}}