{"id":79430,"date":"2018-12-22T13:53:10","date_gmt":"2018-12-22T11:53:10","guid":{"rendered":"http:\/\/www.tucomarca.com\/wordpress\/segunda\/?p=79430"},"modified":"2018-12-22T13:53:10","modified_gmt":"2018-12-22T11:53:10","slug":"comenca-una-nova-edicio-de-evohe-el-festival-de-teatre-infantil-de-xest","status":"publish","type":"post","link":"https:\/\/tucomarca.whitekongsoftware.com\/ca\/comenca-una-nova-edicio-de-evohe-el-festival-de-teatre-infantil-de-xest\/","title":{"rendered":"Comen\u00e7a una nova edici\u00f3 de Evoh\u00e9, el Festival de Teatre Infantil de Xest"},"content":{"rendered":"<div class=\"\">\n<figure id=\"attachment_79427\" aria-describedby=\"caption-attachment-79427\" style=\"width: 319px\" class=\"wp-caption alignleft\"><img loading=\"lazy\" decoding=\"async\" class=\" wp-image-79427\" src=\"http:\/\/www.tucomarca.com\/wordpress\/segunda\/wp-content\/uploads\/2018\/12\/Evohe.png\" alt=\"Cartel de la iniciativa en Cheste.\" width=\"319\" height=\"451\" srcset=\"https:\/\/tucomarca.whitekongsoftware.com\/wp-content\/uploads\/2018\/12\/Evohe.png 1428w, https:\/\/tucomarca.whitekongsoftware.com\/wp-content\/uploads\/2018\/12\/Evohe-212x300.png 212w, https:\/\/tucomarca.whitekongsoftware.com\/wp-content\/uploads\/2018\/12\/Evohe-768x1087.png 768w, https:\/\/tucomarca.whitekongsoftware.com\/wp-content\/uploads\/2018\/12\/Evohe-723x1024.png 723w, https:\/\/tucomarca.whitekongsoftware.com\/wp-content\/uploads\/2018\/12\/Evohe-1024x1450.png 1024w\" sizes=\"auto, (max-width: 319px) 100vw, 319px\" \/><figcaption id=\"caption-attachment-79427\" class=\"wp-caption-text\">Cartell de la iniciativa a Xest.<\/figcaption><\/figure>\n<p>Dimecres que ve, 26 de desembre, comen\u00e7a Evoh\u00e9, el Festival de Teatre Infantil de Xest, una proposta de la regidoria de Cultura de l&#8217;Ajuntament per apropar les arts esc\u00e8niques als m\u00e9s petits.<br \/>\nEl festival comptar\u00e0 amb tres obres ofertes per companyies professionals: Toys, una hist\u00f2ria de joguines, el 26 de desembre; El guardi\u00e0 dels contes, que ser\u00e0 el 30 de desembre; i L&#8217;aprenent de Bruixot, programada per al 6 de gener. Com ja \u00e9s habitual, Evoh\u00e9 acabar\u00e0 amb l&#8217;actuaci\u00f3 del taller municipal de teatre, amb la seva posada en escena d&#8217;Al\u00edcia, dirigida per Manuel Puchades. L&#8217;obra es representar\u00e0 el diumenge 13 de gener i l&#8217;entrada ser\u00e0 gratu\u00efta.<\/p>\n<p>&#8220;Aquest festival es va consolidant any rere any amb una oferta de qualitat a c\u00e0rrec d&#8217;artistes professionals, per\u00f2 tamb\u00e9 dels nostres joves artistes locals, que s&#8217;estan formant al taller de teatre municipal i que participen tancant el cicle de representacions. L&#8217;objectiu d&#8217;Evoh\u00e9 \u00e9s crear un espai cultural de conciliaci\u00f3 familiar amb oferta per al p\u00fablic infantil i, despr\u00e9s de valorar les anteriors edicions, podem dir que est\u00e0 funcionant molt b\u00e9 &#8220;, explica la regidora de Cultura, M\u00aa \u00c1ngeles Llorente.<\/p>\n<p>Totes les obres tindran lloc al teatre Liceu a les 18:30 hores i les entrades estaran en venda anticipada a les papereries locals i en www.agendacheste.com.<\/p>\n<p>preus<\/p>\n<p><strong>Toy s, una hist\u00f2ria de joguines<\/strong><br \/>\nPreu \u00fanic: 10 \u20ac<\/p>\n<p>El guardi\u00e0 dels contes<br \/>\n&#8211; Adult 5 \u20ac<br \/>\n&#8211; Carnet Jove 4,50 \u20ac<br \/>\n&#8211; Jubilats 4 \u20ac<br \/>\n&#8211; Infantils 2 \u20ac<\/p>\n<p><strong>L&#8217;aprenent de bruixot<\/strong><br \/>\n&#8211; Adult 5 \u20ac<br \/>\n&#8211; Carnet Jove 4,50 \u20ac<br \/>\n&#8211; Jubilats 4 \u20ac<br \/>\n&#8211; Infantils 2 \u20ac<\/p>\n<p><strong>Al\u00edcia<\/strong><br \/>\nEntrada gratu\u00efta.<\/p>\n<\/div>\n","protected":false},"excerpt":{"rendered":"<div class=\"mh-excerpt\">Dimecres que ve, 26 de desembre, comen\u00e7a Evoh\u00e9, el Festival de Teatre Infantil de Xest, una proposta de la regidoria de Cultura de l&#8217;Ajuntament per apropar les arts esc\u00e8niques als m\u00e9s petits. El festival comptar\u00e0 <a class=\"mh-excerpt-more\" href=\"https:\/\/tucomarca.whitekongsoftware.com\/ca\/comenca-una-nova-edicio-de-evohe-el-festival-de-teatre-infantil-de-xest\/\" title=\"Comen\u00e7a una nova edici\u00f3 de Evoh\u00e9, el Festival de Teatre Infantil de Xest\">[+] <\/a><\/div>\n","protected":false},"author":1,"featured_media":79428,"comment_status":"open","ping_status":"open","sticky":false,"template":"","format":"standard","meta":{"footnotes":""},"categories":[11019,10912,11007,10896,10974],"tags":[11109],"class_list":["post-79430","post","type-post","status-publish","format-standard","has-post-thumbnail","category-agenda-ca","category-la-hoya-ca","category-ocio-y-cultura-ca","category-seccion-ca","category-cheste-ca","tag-xest"],"_links":{"self":[{"href":"https:\/\/tucomarca.whitekongsoftware.com\/ca\/wp-json\/wp\/v2\/posts\/79430","targetHints":{"allow":["GET"]}}],"collection":[{"href":"https:\/\/tucomarca.whitekongsoftware.com\/ca\/wp-json\/wp\/v2\/posts"}],"about":[{"href":"https:\/\/tucomarca.whitekongsoftware.com\/ca\/wp-json\/wp\/v2\/types\/post"}],"author":[{"embeddable":true,"href":"https:\/\/tucomarca.whitekongsoftware.com\/ca\/wp-json\/wp\/v2\/users\/1"}],"replies":[{"embeddable":true,"href":"https:\/\/tucomarca.whitekongsoftware.com\/ca\/wp-json\/wp\/v2\/comments?post=79430"}],"version-history":[{"count":0,"href":"https:\/\/tucomarca.whitekongsoftware.com\/ca\/wp-json\/wp\/v2\/posts\/79430\/revisions"}],"wp:featuredmedia":[{"embeddable":true,"href":"https:\/\/tucomarca.whitekongsoftware.com\/ca\/wp-json\/wp\/v2\/media\/79428"}],"wp:attachment":[{"href":"https:\/\/tucomarca.whitekongsoftware.com\/ca\/wp-json\/wp\/v2\/media?parent=79430"}],"wp:term":[{"taxonomy":"category","embeddable":true,"href":"https:\/\/tucomarca.whitekongsoftware.com\/ca\/wp-json\/wp\/v2\/categories?post=79430"},{"taxonomy":"post_tag","embeddable":true,"href":"https:\/\/tucomarca.whitekongsoftware.com\/ca\/wp-json\/wp\/v2\/tags?post=79430"}],"curies":[{"name":"wp","href":"https:\/\/api.w.org\/{rel}","templated":true}]}}