{"id":79411,"date":"2018-12-21T21:49:10","date_gmt":"2018-12-21T19:49:10","guid":{"rendered":"http:\/\/www.tucomarca.com\/wordpress\/segunda\/?p=79411"},"modified":"2018-12-21T21:49:10","modified_gmt":"2018-12-21T19:49:10","slug":"la-diputacio-obri-les-seues-portes-aquest-nadal-amb-una-amplia-oferta-doci-familiar","status":"publish","type":"post","link":"https:\/\/tucomarca.whitekongsoftware.com\/ca\/la-diputacio-obri-les-seues-portes-aquest-nadal-amb-una-amplia-oferta-doci-familiar\/","title":{"rendered":"La Diputaci\u00f3 obri les seues portes aquest Nadal amb una \u00e0mplia oferta d&#8217;oci familiar"},"content":{"rendered":"<figure id=\"attachment_79408\" aria-describedby=\"caption-attachment-79408\" style=\"width: 520px\" class=\"wp-caption alignleft\"><img loading=\"lazy\" decoding=\"async\" class=\" wp-image-79408\" src=\"http:\/\/www.tucomarca.com\/wordpress\/segunda\/wp-content\/uploads\/2018\/12\/NadalDipu.jpg\" alt=\"La corporaci\u00f3n provincial programa diversas actividades l\u00fadicas para disfrutar en familia y completa esta oferta en la Feria Expojove con un stand que promueve el deporte y los juegos participativos.\" width=\"520\" height=\"338\" srcset=\"https:\/\/tucomarca.whitekongsoftware.com\/wp-content\/uploads\/2018\/12\/NadalDipu.jpg 2362w, https:\/\/tucomarca.whitekongsoftware.com\/wp-content\/uploads\/2018\/12\/NadalDipu-300x195.jpg 300w, https:\/\/tucomarca.whitekongsoftware.com\/wp-content\/uploads\/2018\/12\/NadalDipu-768x499.jpg 768w, https:\/\/tucomarca.whitekongsoftware.com\/wp-content\/uploads\/2018\/12\/NadalDipu-1024x665.jpg 1024w\" sizes=\"auto, (max-width: 520px) 100vw, 520px\" \/><figcaption id=\"caption-attachment-79408\" class=\"wp-caption-text\">La corporaci\u00f3 provincial programa diverses activitats l\u00fadiques per a gaudir en fam\u00edlia i completa aquesta oferta en la Fira Expojove amb un estand que promou l&#8217;esport i els jocs participatius.<\/figcaption><\/figure>\n<p>La Diputaci\u00f3 de Val\u00e8ncia obrir\u00e0 les seues portes a la ciutadania durant Nadal per a oferir una oferta d&#8217;activitats familiars i gratu\u00eftes coincidint amb el per\u00edode vacacional escolar. Per a fer-ho ha programat una \u00e0mplia oferta d&#8217;oci amb diverses activitats l\u00fadiques durant l&#8217;\u00faltima setmana de l&#8217;any i els primers dies de gener.<\/p>\n<p>El Pati de la Scala de la corporaci\u00f3 provincial acollir\u00e0 del 26 al 28 de desembre i entre el 2 i el 4 de gener un ampli programa d&#8217;oci infantil, que inclou diversos tallers als matins, en horari d&#8217;11 a 13 hores, i sessions de teatre a les vesprades, a partir de les 18 hores.<\/p>\n<p>Les xiquetes i xiquets podran divertir-se realitzant diferents manualitats, en les quals aprendran globofl\u00e8xia, a fer les seues pr\u00f2pies titelles amb culleres de fusta, gots de ping\u00fcins o joies i corones, entre altres activitats. De la mateixa manera, hi haur\u00e0 diferents espectacles teatrals i musicals plens de m\u00e0gia i il\u00b7lusi\u00f3, aix\u00ed com contacontes nadalencs.<\/p>\n<p>Aforament limitat<\/p>\n<p>Per a les activitats infantils que se celebren als matins l&#8217;entrada \u00e9s lliure fins a completar un aforament de 50 xiquetes i xiquets per taller. Quant a les sessions de teatre vespertines, l&#8217;aforament \u00e9s de 70 persones assegudes i la recollida d&#8217;entrades (una per persona) haur\u00e0 de realitzar-se 30 minuts abans de comen\u00e7ar l&#8217;espectacle en l&#8217;entrada de la Diputaci\u00f3 de Val\u00e8ncia, situada en la Pla\u00e7a Manises, n\u00famero 4.<\/p>\n<p>La Diputaci\u00f3 en Expojove<\/p>\n<p>Un any m\u00e9s, la Diputaci\u00f3 col\u00b7labora amb l&#8217;Ajuntament de Val\u00e8ncia i altres institucions p\u00fabliques en la celebraci\u00f3 de la Fira Expojove, que enguany se celebrar\u00e0, com \u00e9s habitual, del 26 de desembre al 4 de gener en la Fira de Mostres de Val\u00e8ncia. La corporaci\u00f3 provincial comptar\u00e0 amb el seu propi estand, en qu\u00e8 es realitzaran diferents activitats l\u00fadic-esportives per a promoure l&#8217;esport i els jocs participatius entre els m\u00e9s xicotets.<\/p>\n<p>L&#8217;oferta d&#8217;activitats que ofereix l&#8217;espai de la Diputaci\u00f3 destaca per la gran varietat d&#8217;opcions d&#8217;entreteniment, que abasta totes les edats i diversitat de prefer\u00e8ncies per a fomentar l&#8217;esport i el joc no sexista. L&#8217;estand acollir\u00e0 des d&#8217;un roc\u00f2drom fins a un simulador de r\u00e0fting, amb una zona de videojocs i una altra multiaventura, llits el\u00e0stics, pistes de futbol i b\u00e0squet i un escenari d&#8217;actuacions per a cantar i ballar.<\/p>\n<p>Expojove \u00e9s ja una cita tradicional per a milers de fam\u00edlies durant el per\u00edode de vacances de Nadal. Un lloc ple d&#8217;activitats, teatre, m\u00fasica, entreteniment i ci\u00e8ncia. Pot visitar-se en Fira Val\u00e8ncia d&#8217;11.00 a 20.00 hores; amb excepci\u00f3 del 31 de desembre, dia en qu\u00e8 l&#8217;horari ser\u00e0 de 10.00 a 14.00 hores, i l&#8217;1 de gener, que obrir\u00e0 de 16.00 a 21.00 hores.<\/p>\n","protected":false},"excerpt":{"rendered":"<div class=\"mh-excerpt\">La Diputaci\u00f3 de Val\u00e8ncia obrir\u00e0 les seues portes a la ciutadania durant Nadal per a oferir una oferta d&#8217;activitats familiars i gratu\u00eftes coincidint amb el per\u00edode vacacional escolar. Per a fer-ho ha programat una \u00e0mplia <a class=\"mh-excerpt-more\" href=\"https:\/\/tucomarca.whitekongsoftware.com\/ca\/la-diputacio-obri-les-seues-portes-aquest-nadal-amb-una-amplia-oferta-doci-familiar\/\" title=\"La Diputaci\u00f3 obri les seues portes aquest Nadal amb una \u00e0mplia oferta d&#8217;oci familiar\">[+] <\/a><\/div>\n","protected":false},"author":1,"featured_media":79409,"comment_status":"open","ping_status":"open","sticky":false,"template":"","format":"standard","meta":{"footnotes":""},"categories":[10898,10894,10904,11004,11007,11008,10896],"tags":[11246],"class_list":["post-79411","post","type-post","status-publish","format-standard","has-post-thumbnail","category-ventana-ca","category-la-comarca-ca","category-sin-categorizar-ca","category-la-semana-en-imagenes-ca","category-ocio-y-cultura-ca","category-pueblos-en-fiestas-ca","category-seccion-ca","tag-diputacio-de-valencia-ca"],"_links":{"self":[{"href":"https:\/\/tucomarca.whitekongsoftware.com\/ca\/wp-json\/wp\/v2\/posts\/79411","targetHints":{"allow":["GET"]}}],"collection":[{"href":"https:\/\/tucomarca.whitekongsoftware.com\/ca\/wp-json\/wp\/v2\/posts"}],"about":[{"href":"https:\/\/tucomarca.whitekongsoftware.com\/ca\/wp-json\/wp\/v2\/types\/post"}],"author":[{"embeddable":true,"href":"https:\/\/tucomarca.whitekongsoftware.com\/ca\/wp-json\/wp\/v2\/users\/1"}],"replies":[{"embeddable":true,"href":"https:\/\/tucomarca.whitekongsoftware.com\/ca\/wp-json\/wp\/v2\/comments?post=79411"}],"version-history":[{"count":0,"href":"https:\/\/tucomarca.whitekongsoftware.com\/ca\/wp-json\/wp\/v2\/posts\/79411\/revisions"}],"wp:featuredmedia":[{"embeddable":true,"href":"https:\/\/tucomarca.whitekongsoftware.com\/ca\/wp-json\/wp\/v2\/media\/79409"}],"wp:attachment":[{"href":"https:\/\/tucomarca.whitekongsoftware.com\/ca\/wp-json\/wp\/v2\/media?parent=79411"}],"wp:term":[{"taxonomy":"category","embeddable":true,"href":"https:\/\/tucomarca.whitekongsoftware.com\/ca\/wp-json\/wp\/v2\/categories?post=79411"},{"taxonomy":"post_tag","embeddable":true,"href":"https:\/\/tucomarca.whitekongsoftware.com\/ca\/wp-json\/wp\/v2\/tags?post=79411"}],"curies":[{"name":"wp","href":"https:\/\/api.w.org\/{rel}","templated":true}]}}