{"id":79403,"date":"2018-12-22T14:57:47","date_gmt":"2018-12-22T12:57:47","guid":{"rendered":"http:\/\/www.tucomarca.com\/wordpress\/segunda\/?p=79403"},"modified":"2018-12-22T14:57:47","modified_gmt":"2018-12-22T12:57:47","slug":"la-escola-per-a-mares-i-pares-de-xest-continua-amb-la-seva-oferta-per-a-families-de-tota-la-localitat","status":"publish","type":"post","link":"https:\/\/tucomarca.whitekongsoftware.com\/ca\/la-escola-per-a-mares-i-pares-de-xest-continua-amb-la-seva-oferta-per-a-families-de-tota-la-localitat\/","title":{"rendered":"La &#8220;Escola per a Mares i Pares&#8221; de Xest continua amb la seva oferta per a fam\u00edlies de tota la localitat"},"content":{"rendered":"<figure id=\"attachment_79396\" aria-describedby=\"caption-attachment-79396\" style=\"width: 426px\" class=\"wp-caption alignleft\"><img loading=\"lazy\" decoding=\"async\" class=\" wp-image-79396\" src=\"http:\/\/www.tucomarca.com\/wordpress\/segunda\/wp-content\/uploads\/2018\/12\/escueladepadres.jpg\" alt=\"La \u201cEscuela para Madres y Padres\u201d de Cheste contin\u00faa con su oferta para familias de toda la localidad.\" width=\"426\" height=\"284\" srcset=\"https:\/\/tucomarca.whitekongsoftware.com\/wp-content\/uploads\/2018\/12\/escueladepadres.jpg 5472w, https:\/\/tucomarca.whitekongsoftware.com\/wp-content\/uploads\/2018\/12\/escueladepadres-300x200.jpg 300w, https:\/\/tucomarca.whitekongsoftware.com\/wp-content\/uploads\/2018\/12\/escueladepadres-768x512.jpg 768w, https:\/\/tucomarca.whitekongsoftware.com\/wp-content\/uploads\/2018\/12\/escueladepadres-1024x683.jpg 1024w\" sizes=\"auto, (max-width: 426px) 100vw, 426px\" \/><figcaption id=\"caption-attachment-79396\" class=\"wp-caption-text\">La &#8220;Escola per a Mares i Pares&#8221; de Xest continua amb la seva oferta per a fam\u00edlies de tota la localitat.<\/figcaption><\/figure>\n<p>Dilluns passat, 17 de desembre, va acabar a Xest el taller per a pares i mares de nens i nenes de 3 anys, destinat a fam\u00edlies de tota la poblaci\u00f3, dins de la iniciativa Escola per a Mares i Pares que s&#8217;imparteix des del gabinet psicopedag\u00f2gic municipal , a c\u00e0rrec de Joan de la Creu, amb la col\u00b7laboraci\u00f3 de la regidoria d&#8217;Educaci\u00f3.<\/p>\n<p>&#8220;L&#8217;Escola per a Pares i Mares suposa un punt de trobada que permet als pares i les mares compartir les seves experi\u00e8ncies, pors i dificultats per millorar les relacions familiars, amb l&#8217;orientaci\u00f3 d&#8217;un professional, com \u00e9s Joan de la Creu&#8221;, declarava la regidora d&#8217;Educaci\u00f3, M\u00aa \u00c1ngeles Llorente. &#8220;Les fam\u00edlies avui dia s&#8217;enfronten a una societat que ha evolucionat molt r\u00e0pidament i sovint no disposen de les eines per afrontar els nous reptes. Els tallers de l&#8217;Escola per a Pares i Mares s\u00f3n totalment din\u00e0mics i participatius, on la reflexi\u00f3 i la comunicaci\u00f3 es presenten com a punts essencials a l&#8217;hora d&#8217;educar els nens i nenes &#8220;.<\/p>\n<p>Fonamentalment, el taller que va finalitzar el dilluns va estar enfocat cap al tema de les rebequeries i la gelosia i l&#8217;\u00faltima sessi\u00f3 es va dedicar a la tem\u00e0tica del son en nens i nenes de 3 anys.<\/p>\n<p>&#8220;En les primeres sessions els i les participants van compartir situacions de les seves pr\u00f2pies viv\u00e8ncies i treballem sobre les seves pr\u00f2pies experi\u00e8ncies. La meva tasca \u00e9s fer que pensin i que comparteixin les seves opinions, sempre que aix\u00ed ho vulguin; no es tracta que surtin d&#8217;aqu\u00ed amb lli\u00e7ons apreses, sin\u00f3 amb pautes per entendre millor als seus fills &#8220;, explicava De la Cruz. &#8220;L&#8217;escolta \u00e9s molt important i sobretot la meva intenci\u00f3 \u00e9s transmetre&#8217;ls que els problemes, conflictes o dubtes que tinguin no es solucionen amb quatre regles, sin\u00f3 intentant pensar qu\u00e8 est\u00e0 passant, entenent l&#8217;infant alhora que a ells i elles mateixes com a pares i mares &#8220;.<\/p>\n<p>El taller ha comptat amb la participaci\u00f3 de 8 persones i s&#8217;ha desenvolupat els dilluns i dimecres, en horari de 15:15 a 16:15 al Centre de Formaci\u00f3 de Persones Adultes. &#8220;Personalment em sento molt a gust impartint aquest taller, perqu\u00e8 veig que per part dels pares i mares hi ha molta receptivitat i aix\u00f2 em fa pensar que els arriba&#8221;, apuntava De la Cruz. &#8220;\u00c9s cert que l&#8217;assist\u00e8ncia \u00e9s poca, probablement a causa del ritme laboral de la majoria de pares i mares i de la retic\u00e8ncia d&#8217;algunes persones que pensen que van a rebre lli\u00e7ons sobre com han d&#8217;educar als seus fills. El taller \u00e9s m\u00e9s aviat un espai de vivencial i de reflexi\u00f3, on l&#8217;\u00e8mfasi es posa en el fet que les persones siguem capa\u00e7os d&#8217;expressar el que sentim per entendre&#8217;ns i comunicar-nos millor. Encara que poca, la participaci\u00f3 aquest any ha estat molt constant perqu\u00e8 les vuit persones que comen\u00e7aven el taller han continuat fins al final i aix\u00f2 \u00e9s senyal que els ha agradat l&#8217;activitat &#8220;.<\/p>\n<p>Durant el taller, a m\u00e9s de fomentar el di\u00e0leg i l&#8217;escolta i explicar la situaci\u00f3 madurativa dels fills i filles de les persones participants, l&#8217;especialista tamb\u00e9 ha compartit materials que els poden servir de refer\u00e8ncia, com llibres sobre psicologia infantil o contes. &#8220;La veritat \u00e9s que aquests tallers s\u00f3n molt \u00fatils perqu\u00e8 Joan ens d\u00f3na eines per al dia a dia&#8221;, comentaven Amparo S\u00e1nchez, Ana Alfaro i Carmen Juan, participants en l&#8217;activitat. &#8220;Et d\u00f3na unes pautes de comportament en les que potser tu no has caigut i t&#8217;ajuda a detectar errors, per\u00f2 tamb\u00e9 et fa saber el que est\u00e0s fent b\u00e9. A m\u00e9s, en posar en com\u00fa les nostres viv\u00e8ncies, aprenem dels altres pares i mares &#8220;.<\/p>\n<p>El proper taller comen\u00e7ar\u00e0 al gener i anir\u00e0 dedicat a l&#8217;aprenentatge en infantil i a la pregunta de quan han de comen\u00e7ar els nens i nenes a llegir i escriure. &#8220;Ens basarem en els principis psicopedag\u00f3cos que parlen sobre el moment evolutiu dels nens en aquesta edat i perqu\u00e8 els pares i mares ho comprenguin farem un treball bastant pr\u00e0ctic&#8221;<\/p>\n<p>Com \u00e9s habitual, les inscripcions es repartiran en els centres d&#8217;Educaci\u00f3 Infantil de Xest i totes les persones interessades a participar hauran omplir i lliurar-les al tutor o tutora de l&#8217;aula.<\/p>\n","protected":false},"excerpt":{"rendered":"<div class=\"mh-excerpt\">Dilluns passat, 17 de desembre, va acabar a Xest el taller per a pares i mares de nens i nenes de 3 anys, destinat a fam\u00edlies de tota la poblaci\u00f3, dins de la iniciativa Escola <a class=\"mh-excerpt-more\" href=\"https:\/\/tucomarca.whitekongsoftware.com\/ca\/la-escola-per-a-mares-i-pares-de-xest-continua-amb-la-seva-oferta-per-a-families-de-tota-la-localitat\/\" title=\"La &#8220;Escola per a Mares i Pares&#8221; de Xest continua amb la seva oferta per a fam\u00edlies de tota la localitat\">[+] <\/a><\/div>\n","protected":false},"author":2,"featured_media":79397,"comment_status":"open","ping_status":"open","sticky":false,"template":"","format":"standard","meta":{"footnotes":""},"categories":[10894,10912,10896,10974],"tags":[11108],"class_list":["post-79403","post","type-post","status-publish","format-standard","has-post-thumbnail","category-la-comarca-ca","category-la-hoya-ca","category-seccion-ca","category-cheste-ca","tag-la-foia-de-bunyol-xiva"],"_links":{"self":[{"href":"https:\/\/tucomarca.whitekongsoftware.com\/ca\/wp-json\/wp\/v2\/posts\/79403","targetHints":{"allow":["GET"]}}],"collection":[{"href":"https:\/\/tucomarca.whitekongsoftware.com\/ca\/wp-json\/wp\/v2\/posts"}],"about":[{"href":"https:\/\/tucomarca.whitekongsoftware.com\/ca\/wp-json\/wp\/v2\/types\/post"}],"author":[{"embeddable":true,"href":"https:\/\/tucomarca.whitekongsoftware.com\/ca\/wp-json\/wp\/v2\/users\/2"}],"replies":[{"embeddable":true,"href":"https:\/\/tucomarca.whitekongsoftware.com\/ca\/wp-json\/wp\/v2\/comments?post=79403"}],"version-history":[{"count":0,"href":"https:\/\/tucomarca.whitekongsoftware.com\/ca\/wp-json\/wp\/v2\/posts\/79403\/revisions"}],"wp:featuredmedia":[{"embeddable":true,"href":"https:\/\/tucomarca.whitekongsoftware.com\/ca\/wp-json\/wp\/v2\/media\/79397"}],"wp:attachment":[{"href":"https:\/\/tucomarca.whitekongsoftware.com\/ca\/wp-json\/wp\/v2\/media?parent=79403"}],"wp:term":[{"taxonomy":"category","embeddable":true,"href":"https:\/\/tucomarca.whitekongsoftware.com\/ca\/wp-json\/wp\/v2\/categories?post=79403"},{"taxonomy":"post_tag","embeddable":true,"href":"https:\/\/tucomarca.whitekongsoftware.com\/ca\/wp-json\/wp\/v2\/tags?post=79403"}],"curies":[{"name":"wp","href":"https:\/\/api.w.org\/{rel}","templated":true}]}}