{"id":79383,"date":"2018-12-21T21:25:49","date_gmt":"2018-12-21T19:25:49","guid":{"rendered":"http:\/\/www.tucomarca.com\/wordpress\/segunda\/?p=79383"},"modified":"2018-12-21T21:25:49","modified_gmt":"2018-12-21T19:25:49","slug":"lajuntament-de-xest-dona-comptes-en-ple-de-les-despeses-i-ingressos-ocasionats-pel-mundial-de-moto-gp-2018","status":"publish","type":"post","link":"https:\/\/tucomarca.whitekongsoftware.com\/ca\/lajuntament-de-xest-dona-comptes-en-ple-de-les-despeses-i-ingressos-ocasionats-pel-mundial-de-moto-gp-2018\/","title":{"rendered":"L&#8217;Ajuntament de Xest d\u00f3na comptes en Ple de les despeses i ingressos ocasionats pel Mundial de Moto GP 2018"},"content":{"rendered":"<figure id=\"attachment_79380\" aria-describedby=\"caption-attachment-79380\" style=\"width: 387px\" class=\"wp-caption alignleft\"><img loading=\"lazy\" decoding=\"async\" class=\" wp-image-79380\" src=\"http:\/\/www.tucomarca.com\/wordpress\/segunda\/wp-content\/uploads\/2018\/12\/CuentasMundial.jpg\" alt=\"La concejala encargada de organizar en Cheste las actividades paralelas al Gran Premio de Motociclismo, Carmen Delgado.\" width=\"387\" height=\"285\" srcset=\"https:\/\/tucomarca.whitekongsoftware.com\/wp-content\/uploads\/2018\/12\/CuentasMundial.jpg 2014w, https:\/\/tucomarca.whitekongsoftware.com\/wp-content\/uploads\/2018\/12\/CuentasMundial-300x221.jpg 300w, https:\/\/tucomarca.whitekongsoftware.com\/wp-content\/uploads\/2018\/12\/CuentasMundial-768x565.jpg 768w, https:\/\/tucomarca.whitekongsoftware.com\/wp-content\/uploads\/2018\/12\/CuentasMundial-1024x754.jpg 1024w\" sizes=\"auto, (max-width: 387px) 100vw, 387px\" \/><figcaption id=\"caption-attachment-79380\" class=\"wp-caption-text\">La regidora encarregada d&#8217;organitzar a Xest les activitats paral\u00b7leles al Gran Premi de Motociclisme, Carmen Delgado.<\/figcaption><\/figure>\n<p>Dimecres passat, 13 de desembre, la regidora encarregada d&#8217;organitzar a Xest les activitats paral\u00b7leles al Gran Premi de Motociclisme, Carmen Delgado, va detallar les quantitats que l&#8217;Ajuntament ha gastat i ingressat durant la passada edici\u00f3 del campionat, celebrat durant el 16, 17 i 18 de novembre a la localitat, aix\u00ed com el treball dut a terme en mat\u00e8ria de regulaci\u00f3, organitzaci\u00f3, seguretat, atenci\u00f3 sanit\u00e0ria i neteja del municipi.<\/p>\n<p><strong>Balan\u00e7 de comptes<\/strong><\/p>\n<p>&#8220;La suma total de les despeses ascendeix a una mica m\u00e9s de 80.000 euros i els ingressos cobrats a dia d&#8217;avui han estat de 35.000 euros&#8221; explicava Prim. &#8220;A m\u00e9s, les sancions de circulaci\u00f3 per l&#8217;ordenan\u00e7a municipal de drogues i alcohol suposaran uns ingressos considerables, per\u00f2 aquestes s&#8217;aniran cobrant segons es vagin comunicant als infractors, aix\u00ed que no les hem comptabilitzat en aquest balan\u00e7&#8221;.<\/p>\n<p>Tal com figura en l&#8217;informe aportat per la regidora, el desemborsament m\u00e9s important ha estat el corresponent a les despeses de personal, que suma un total 44.900 euros en concepte de comissionats de la Policia Local d&#8217;altres localitats i les hores extres de la Brigada municipal i la Policia Local de Xest. D&#8217;altra banda, la partida emmarcada en el bloc de log\u00edstica ascendeix a 31.791 euros i contempla despeses com lloguer de v\u00e0ters port\u00e0tils, dietes, lloguer de tanques, servei especial de grues o vigil\u00e0ncia de col\u00b7legis, entre d&#8217;altres. Aix\u00ed mateix a &#8220;altres partides&#8221; s&#8217;han assumit despeses com la contractaci\u00f3 d&#8217;un servei especial de neteja.<\/p>\n<p>El v\u00eddeo mapping, el cami\u00f3 i la pantalla Led, la paella gegant i l&#8217;actuaci\u00f3 musical amb carpa a la carretera de Ll\u00edria s&#8217;han finan\u00e7at a trav\u00e9s de patrocinis, de manera que han suposat una despesa zero per a les arques municipals.<\/p>\n<p>Pel que fa als ingressos, els 35.000 euros corresponen a recaptaci\u00f3 per taxes municipals, principalment procedents dels llocs ambulants, seguides de les pagades en concepte de barres de bar i inodors, les dels vehicles confiscats i les taxes dels llocs de menjar.<\/p>\n<p>&#8220;Es tracta d&#8217;un esdeveniment que \u00e9s deficitari per a l&#8217;Ajuntament, per\u00f2 ens veiem en l&#8217;obligaci\u00f3 de gestionar-el millor que podem&#8221;, apuntava Prim. &#8220;Aquest any ens han visitat unes 60.000 persones, moltes menys que en altres edicions, a causa de les pluges. Igualment, aix\u00f2 suposa un impacte molt alt en la localitat en concepte de lloguers, jornals, recaptaci\u00f3 dels bars, forns, carnisseries, etc &#8220;.<\/p>\n<p><strong>Regulaci\u00f3 i organitzaci\u00f3<\/strong><\/p>\n<p>Durant el ple, Delgado tamb\u00e9 va detallar tot el treball realitzat des de l&#8217;Ajuntament. &#8220;Volem agrair als funcionaris de l&#8217;Ajuntament, al personal de la brigada municipal i la Policia Local, l&#8217;esfor\u00e7 de treball que realitzat aquest any, especialment per les dif\u00edcils condicions en qu\u00e8 han hagut de desenvolupar la seva tasca, a causa de la pluja; aix\u00ed com la col\u00b7laboraci\u00f3 dels voluntaris i les volunt\u00e0ries de Protecci\u00f3 Civil vinguts de tot Espanya &#8220;.<\/p>\n<p>Aix\u00ed, la regidora va explicar que en un primer moment es van dictar els decrets d&#8217;alcaldia per regular els horaris especials d&#8217;obertura locals i per a la instal\u00b7laci\u00f3 de llocs de venda ambulant, durant els dies de durada de l&#8217;esdeveniment. Tamb\u00e9 es van mantenir reunions amb onze associacions i clubs esportius per organitzar les zones d&#8217;acampades, en qu\u00e8 es van allotjar m\u00e9s de 1000 persones i prop de 100 es van haver de refugiar a cobert a les instal\u00b7lacions esportives, aix\u00ed com per gestionar les zones d&#8217;aparcament. Van ser 200 persones, en torns de treball de quatre hores, durant les 24 hores del dia, les que van col\u00b7laborar des de les 16 hores de dijous, a les 19 hores de diumenge. &#8220;Sense ells i elles i el seu nivell d&#8217;organitzaci\u00f3 i experi\u00e8ncia acumulada, no es podria organitzar aquest esdeveniment, de manera que els dono les gr\u00e0cies en nom de l&#8217;equip de govern&#8221;, assenyalava la regidora.<\/p>\n<p>D&#8217;altra banda, l&#8217;Ajuntament va mantenir reunions amb els locals per organitzar l&#8217;\u00fas de les barres i inodors port\u00e0tils i va posar en marxa autobusos llan\u00e7adora per accedir al poble des del Circuit i des de la rotonda de la Universitat Laboral, quan la Gu\u00e0rdia Civil tallava l&#8217;acc\u00e9s de vehicles al poble per la carretera CV-378.<\/p>\n<p>&#8220;Demanem disculpes als ve\u00efns i ve\u00efnes per les mol\u00e8sties, la brut\u00edcia i els actes de vandalisme, que des de l&#8217;Ajuntament hem volgut minimitzar adoptant mesures especials de vigil\u00e0ncia i horaris&#8221;, manifestava Prim. &#8220;Alguns danys que ens reclamen no poden ser atesos per la nostra asseguran\u00e7a de responsabilitat civil, per\u00f2 tot i aix\u00ed per part de l&#8217;Ajuntament s&#8217;han at\u00e8s en la mesura dels possible alguns desperfectes i pintades&#8221;.<\/p>\n<p><strong>Balan\u00e7 de seguretat i atenci\u00f3 sanit\u00e0ria<\/strong><\/p>\n<p>Per part de la Policia Local, els serveis m\u00e9s destacats han estat:<\/p>\n<p><b>Balance de seguridad y atenci\u00f3n sanitaria<\/b><\/p>\n<p>Por parte de la Polic\u00eda Local, los servicios m\u00e1s destacados han sido:<span class=\"Apple-converted-space\">\u00a0<\/span><\/p>\n<ul>\n<li>33 den\u00fancies per tr\u00e0fic (casc, direcci\u00f3 prohibida, soroll).<\/li>\n<li>32 den\u00fancies per ordenances municipals (orinar i carros menjar).<\/li>\n<li>38 proves de drogues a conductors (6 positives).<\/li>\n<li>165 proves alcohol\u00e8mia a conductors (18 positives).<\/li>\n<li>170 actes de drogues per consum i possessi\u00f3 amb 3 gossos.<\/li>\n<li>82 den\u00fancies de tr\u00e0nsit per no tenir ITV ni asseguran\u00e7a.<\/li>\n<li>98 immobilitzacions de vehicles, la majoria motos.<\/li>\n<li>3 actes per arma blanca i falta de respecte als agents.<\/li>\n<li>8 llocs ambulants de menjar van ser retirats de la via p\u00fablica.<\/li>\n<li>4 detencions (robatori amb viol\u00e8ncia, desobedi\u00e8ncia i un per viol\u00e8ncia de g\u00e8nere).<\/li>\n<li>145 trucades a la gu\u00e0rdia, la majoria demanant informaci\u00f3 i queixant-se per les mol\u00e8sties.<\/li>\n<li>500 den\u00fancies per exc\u00e9s de velocitat amb radar.<br \/>\nPer part del Centre de Salut s&#8217;ha informat que no es va atendre cap cas greu, ni hi va haver trasllats a hospitals. En aquesta l\u00ednia, el balan\u00e7 de Protecci\u00f3 Civil indica que no es va atendre cap accident d&#8217;import\u00e0ncia.&#8221;El m\u00e9s important \u00e9s que no hem hagut de lamentar cap accident greu dins el municipi, no hi ha hagut comes et\u00edlics atesos i no hi ha hagut baralles, la qual cosa indica que les mesures de seguretat s\u00f3n encertades i que la sort ens ha acompanyat un any m\u00e9s &#8220;, finalitzava Prim.<\/li>\n<\/ul>\n","protected":false},"excerpt":{"rendered":"<div class=\"mh-excerpt\">Dimecres passat, 13 de desembre, la regidora encarregada d&#8217;organitzar a Xest les activitats paral\u00b7leles al Gran Premi de Motociclisme, Carmen Delgado, va detallar les quantitats que l&#8217;Ajuntament ha gastat i ingressat durant la passada edici\u00f3 <a class=\"mh-excerpt-more\" href=\"https:\/\/tucomarca.whitekongsoftware.com\/ca\/lajuntament-de-xest-dona-comptes-en-ple-de-les-despeses-i-ingressos-ocasionats-pel-mundial-de-moto-gp-2018\/\" title=\"L&#8217;Ajuntament de Xest d\u00f3na comptes en Ple de les despeses i ingressos ocasionats pel Mundial de Moto GP 2018\">[+] <\/a><\/div>\n","protected":false},"author":2,"featured_media":79381,"comment_status":"open","ping_status":"open","sticky":false,"template":"","format":"standard","meta":{"footnotes":""},"categories":[10898,10948,10912,10947,10896,10974],"tags":[11222,10914,11403],"class_list":["post-79383","post","type-post","status-publish","format-standard","has-post-thumbnail","category-ventana-ca","category-infraestructuras-ca","category-la-hoya-ca","category-politica","category-seccion-ca","category-cheste-ca","tag-ayuntamiento-de-cheste-ca","tag-la-hoya-de-bunol-chiva-ca","tag-mundial-de-moto-gp-2018-ca"],"_links":{"self":[{"href":"https:\/\/tucomarca.whitekongsoftware.com\/ca\/wp-json\/wp\/v2\/posts\/79383","targetHints":{"allow":["GET"]}}],"collection":[{"href":"https:\/\/tucomarca.whitekongsoftware.com\/ca\/wp-json\/wp\/v2\/posts"}],"about":[{"href":"https:\/\/tucomarca.whitekongsoftware.com\/ca\/wp-json\/wp\/v2\/types\/post"}],"author":[{"embeddable":true,"href":"https:\/\/tucomarca.whitekongsoftware.com\/ca\/wp-json\/wp\/v2\/users\/2"}],"replies":[{"embeddable":true,"href":"https:\/\/tucomarca.whitekongsoftware.com\/ca\/wp-json\/wp\/v2\/comments?post=79383"}],"version-history":[{"count":0,"href":"https:\/\/tucomarca.whitekongsoftware.com\/ca\/wp-json\/wp\/v2\/posts\/79383\/revisions"}],"wp:featuredmedia":[{"embeddable":true,"href":"https:\/\/tucomarca.whitekongsoftware.com\/ca\/wp-json\/wp\/v2\/media\/79381"}],"wp:attachment":[{"href":"https:\/\/tucomarca.whitekongsoftware.com\/ca\/wp-json\/wp\/v2\/media?parent=79383"}],"wp:term":[{"taxonomy":"category","embeddable":true,"href":"https:\/\/tucomarca.whitekongsoftware.com\/ca\/wp-json\/wp\/v2\/categories?post=79383"},{"taxonomy":"post_tag","embeddable":true,"href":"https:\/\/tucomarca.whitekongsoftware.com\/ca\/wp-json\/wp\/v2\/tags?post=79383"}],"curies":[{"name":"wp","href":"https:\/\/api.w.org\/{rel}","templated":true}]}}