{"id":79338,"date":"2018-12-19T23:51:53","date_gmt":"2018-12-19T21:51:53","guid":{"rendered":"http:\/\/www.tucomarca.com\/wordpress\/segunda\/?p=79338"},"modified":"2018-12-19T23:51:53","modified_gmt":"2018-12-19T21:51:53","slug":"la-diputacio-de-valencia-augmenta-en-13-milions-deuros-mes-el-seu-pressupost-per-al-proper-2019","status":"publish","type":"post","link":"https:\/\/tucomarca.whitekongsoftware.com\/ca\/la-diputacio-de-valencia-augmenta-en-13-milions-deuros-mes-el-seu-pressupost-per-al-proper-2019\/","title":{"rendered":"La Diputaci\u00f3 de Val\u00e8ncia augmenta en 13 milions d&#8217;euros m\u00e9s el seu pressupost per al proper 2019"},"content":{"rendered":"<p><strong>Els comptes de l&#8217;ens provincial per al nou exercici ascendeixen a 486.300.000 d&#8217;euros<\/strong><\/p>\n<p>La Diputaci\u00f3 de Val\u00e8ncia t\u00e9 previst aprovar en l&#8217;\u00faltim ple de l&#8217;any el pressupost de l&#8217;entitat per 2019, que arribar\u00e0 als 486.300.000 d&#8217;euros, 13 m\u00e9s que el passat curs.<\/p>\n<p>La diputada d&#8217;Hisenda, Rebeca Torr\u00f3, ha avan\u00e7at aquesta setmana les principals l\u00ednies d&#8217;uns comptes que augmenten en un 2,7% i insisteixen \u00aben l&#8217;autonomia dels alcaldes i alcaldesses i el refor\u00e7 de les transfer\u00e8ncies directes als municipis valencians\u00bb, segons fonts de la Diputaci\u00f3.<\/p>\n<p>En aquest sentit, els municipis rebran 126.700.000 d&#8217;euros en finan\u00e7ament directe de la Diputaci\u00f3, enfront dels 117,2 de l&#8217;any passat, a trav\u00e9s de programes com el Pla de Serveis i Obres Municipals (SOM), dotat amb 36 milions d&#8217;euros, el Fons de Cooperaci\u00f3 Municipal, que destinar\u00e0 als ajuntaments 22,4 milions d&#8217;euros, o els serveis socials generals per a municipis de menys de 10.000 habitants, que el 2019 disposaran d&#8217;una partida de 13,5 milions d&#8217;euros, el triple que a l&#8217;inici de la legislatura.<\/p>\n<p>A aquestes ajudes directes que els consistoris podran destinar a inversi\u00f3 o despesa corrent caldr\u00e0 sumar, al llarg de l&#8217;any que ve, el super\u00e0vit del present exercici, que com \u00e9s habitual des de finals de 2015, primer any de la legislatura, es destinar\u00e0 a noves inversions sostenibles en els municipis a trav\u00e9s del IFS, un pla que en aquests quatre anys supera \u00e0mpliament els 100 milions d&#8217;euros.<\/p>\n<p>Quant a l&#8217;increment dels comptes per al proper any, s&#8217;incrementa en 5 milions la partida per a l&#8217;Hospital General i s&#8217;introdueix una l\u00ednia de 1,3 milions d&#8217;euros per al programa contra el despoblament dels municipis d&#8217;interior de la prov\u00edncia, com a partides destacades. La resta del pressupost mant\u00e9 l&#8217;ess\u00e8ncia dels comptes de la legislatura que finalitza al maig, amb la simplificaci\u00f3 de plans i tr\u00e0mits, l&#8217;autonomia i la millora del finan\u00e7ament dels municipis i l&#8217;equilibri econ\u00f2mic amb una reducci\u00f3 progressiva del deute com a eixos de la gesti\u00f3 provincial.<\/p>\n<p><strong>La meitat de deute<\/strong><\/p>\n<p>\u00abLa prioritat que l&#8217;actual equip de govern de la Diputaci\u00f3 ha donat a la inversi\u00f3 en els municipis front a l&#8217;amortitzaci\u00f3 de deute bancari no ha impedit que l&#8217;endeutament de la corporaci\u00f3 hagi anat baixant en els \u00faltims anys\u00bb, segons Rebeca Torr\u00f3.<\/p>\n<p>\u00abEn 2019 aquest deute quedar\u00e0 en els 130 milions d&#8217;euros, menys de la meitat dels 266 milions que havia de la instituci\u00f3 en 2014. Aquests 130 milions, tres menys que en l&#8217;anterior exercici, suposen un deute del 30,44%, molt lluny del 110% perm\u00e8s per la legislaci\u00f3 vigent \u00bb, en paraules de la diputada. Sense ajudes arbitr\u00e0ries Un altre dels punts destacables del pressupost de la Diputaci\u00f3 \u00e9s la desaparici\u00f3 definitiva dels ajuts arbitr\u00e0ries, que el 2014 ascendien a 34.400.000 d&#8217;euros i que el 2019 nom\u00e9s van a mantenir 800.000 euros que es destinaran \u00fanicament a associacions i organismes sense \u00e0nim de lucre, com ara Creu Roja, la Universitat de Val\u00e8ncia, la Uni\u00f3 de Llauradors, el Fons Valenci\u00e0 per la Solidaritat o la Coordinadora Valenciana d&#8217;ONG, entre d&#8217;altres.<\/p>\n<p>L&#8217;evoluci\u00f3 d&#8217;aquesta partida ha estat especialment significativa al llarg de la legislatura, introduint criteris objectius en els diferents plans provincials i reduint a la m\u00ednima expressi\u00f3 les ajudes de Presid\u00e8ncia, que el 2017 van ser de 4 milions d&#8217;euros, 2 milions en 2018 i 800.000 euros el 2019, nom\u00e9s per a aquestes organitzacions no lucratives. Primer es van eliminar els convenis singulars i en el present any les ajudes directes a municipis, fins a quedar nom\u00e9s les concedides a ens sense \u00e0nim de lucre.<\/p>\n<p>En opini\u00f3 de la diputada d&#8217;Hisenda, Rebeca Torr\u00f3, \u00abuna altra Diputaci\u00f3 \u00e9s possible i s&#8217;ha posat de manifest en la present legislatura, una corporaci\u00f3 al servei de les ciutadanes i ciutadans que combina l&#8217;increment de les transfer\u00e8ncies directes als Ajuntaments i l&#8217;autonomia d&#8217;aquests per decidir les inversions amb la contenci\u00f3 del deute \u00bb.<\/p>\n","protected":false},"excerpt":{"rendered":"<div class=\"mh-excerpt\">Els comptes de l&#8217;ens provincial per al nou exercici ascendeixen a 486.300.000 d&#8217;euros La Diputaci\u00f3 de Val\u00e8ncia t\u00e9 previst aprovar en l&#8217;\u00faltim ple de l&#8217;any el pressupost de l&#8217;entitat per 2019, que arribar\u00e0 als 486.300.000 <a class=\"mh-excerpt-more\" href=\"https:\/\/tucomarca.whitekongsoftware.com\/ca\/la-diputacio-de-valencia-augmenta-en-13-milions-deuros-mes-el-seu-pressupost-per-al-proper-2019\/\" title=\"La Diputaci\u00f3 de Val\u00e8ncia augmenta en 13 milions d&#8217;euros m\u00e9s el seu pressupost per al proper 2019\">[+] <\/a><\/div>\n","protected":false},"author":2,"featured_media":79335,"comment_status":"open","ping_status":"open","sticky":false,"template":"","format":"standard","meta":{"footnotes":""},"categories":[10898,10948,10904,10947,10896,11062],"tags":[11246],"class_list":["post-79338","post","type-post","status-publish","format-standard","has-post-thumbnail","category-ventana-ca","category-infraestructuras-ca","category-sin-categorizar-ca","category-politica","category-seccion-ca","category-videos","tag-diputacio-de-valencia-ca"],"_links":{"self":[{"href":"https:\/\/tucomarca.whitekongsoftware.com\/ca\/wp-json\/wp\/v2\/posts\/79338","targetHints":{"allow":["GET"]}}],"collection":[{"href":"https:\/\/tucomarca.whitekongsoftware.com\/ca\/wp-json\/wp\/v2\/posts"}],"about":[{"href":"https:\/\/tucomarca.whitekongsoftware.com\/ca\/wp-json\/wp\/v2\/types\/post"}],"author":[{"embeddable":true,"href":"https:\/\/tucomarca.whitekongsoftware.com\/ca\/wp-json\/wp\/v2\/users\/2"}],"replies":[{"embeddable":true,"href":"https:\/\/tucomarca.whitekongsoftware.com\/ca\/wp-json\/wp\/v2\/comments?post=79338"}],"version-history":[{"count":0,"href":"https:\/\/tucomarca.whitekongsoftware.com\/ca\/wp-json\/wp\/v2\/posts\/79338\/revisions"}],"wp:featuredmedia":[{"embeddable":true,"href":"https:\/\/tucomarca.whitekongsoftware.com\/ca\/wp-json\/wp\/v2\/media\/79335"}],"wp:attachment":[{"href":"https:\/\/tucomarca.whitekongsoftware.com\/ca\/wp-json\/wp\/v2\/media?parent=79338"}],"wp:term":[{"taxonomy":"category","embeddable":true,"href":"https:\/\/tucomarca.whitekongsoftware.com\/ca\/wp-json\/wp\/v2\/categories?post=79338"},{"taxonomy":"post_tag","embeddable":true,"href":"https:\/\/tucomarca.whitekongsoftware.com\/ca\/wp-json\/wp\/v2\/tags?post=79338"}],"curies":[{"name":"wp","href":"https:\/\/api.w.org\/{rel}","templated":true}]}}