{"id":79158,"date":"2018-12-14T20:17:53","date_gmt":"2018-12-14T18:17:53","guid":{"rendered":"http:\/\/www.tucomarca.com\/wordpress\/segunda\/?p=79158"},"modified":"2018-12-14T20:18:11","modified_gmt":"2018-12-14T18:18:11","slug":"cs-presenta-una-mocio-perque-lajuntament-es-comprometi-a-col%c2%b7laborar-en-el-50-aniversari-de-la-nostra-veu","status":"publish","type":"post","link":"https:\/\/tucomarca.whitekongsoftware.com\/ca\/cs-presenta-una-mocio-perque-lajuntament-es-comprometi-a-col%c2%b7laborar-en-el-50-aniversari-de-la-nostra-veu\/","title":{"rendered":"Cs presenta una moci\u00f3 perqu\u00e8 l&#8217;Ajuntament es comprometa a col\u00b7laborar en el 50 aniversari de La Nostra Veu"},"content":{"rendered":"<figure id=\"attachment_79155\" aria-describedby=\"caption-attachment-79155\" style=\"width: 333px\" class=\"wp-caption alignleft\"><img loading=\"lazy\" decoding=\"async\" class=\" wp-image-79155\" src=\"http:\/\/www.tucomarca.com\/wordpress\/segunda\/wp-content\/uploads\/2018\/12\/CsAlzira.jpg\" alt=\"Imagen de la iniciativa.\" width=\"333\" height=\"284\" srcset=\"https:\/\/tucomarca.whitekongsoftware.com\/wp-content\/uploads\/2018\/12\/CsAlzira.jpg 1626w, https:\/\/tucomarca.whitekongsoftware.com\/wp-content\/uploads\/2018\/12\/CsAlzira-300x256.jpg 300w, https:\/\/tucomarca.whitekongsoftware.com\/wp-content\/uploads\/2018\/12\/CsAlzira-768x655.jpg 768w, https:\/\/tucomarca.whitekongsoftware.com\/wp-content\/uploads\/2018\/12\/CsAlzira-1024x873.jpg 1024w\" sizes=\"auto, (max-width: 333px) 100vw, 333px\" \/><figcaption id=\"caption-attachment-79155\" class=\"wp-caption-text\">Imagen de la iniciativa.<\/figcaption><\/figure>\n<p>Ciutadans (Cs) d&#8217;Alzira ha presentat una moci\u00f3 perqu\u00e8 l&#8217;Ajuntament es comprometa a col\u00b7laborar en el 50 aniversari de La Nostra Veu (antiga PROSUB). La portaveu del grup municipal, Maria Jos\u00e9 Llopis, ha assenyalat que\u00a0&#8220;esta associaci\u00f3 realitza una gran tasca social per les persones amb discapacitat d\u2019Alzira i els voltants&#8221;.<\/p>\n<p>Llopis ha explicat que\u00a0&#8220;s&#8217;ofereixen tallers en qu\u00e8 els socis poden aprendre diferents habilitats o, senzillament, desenvolupar la seua part m\u00e9s social amb altres amics&#8221;. En este sentit, la representant de Ciutadans ha recordat que\u00a0&#8220;hi ha molt per fer per aconseguir una veritable inclusi\u00f3 perqu\u00e8 tots, sense distinci\u00f3, puguen dur una vida normalitzada en la qual es garantisquen tots els seus drets&#8221;.<\/p>\n<p>&#8220;Per esta ra\u00f3 \u00e9s important que l&#8217;Ajuntament pose a la seua disposici\u00f3 tots els mitjans per poder fer una celebraci\u00f3 digna dels 50 anys de servei que porten prestant a la nostra ciutat&#8221;, ha declarat la regidora de Ciutadans, que tamb\u00e9 ha exposat que\u00a0&#8220;este aniversari pot servir d&#8217;impuls per donar a con\u00e8ixer el funcionament intern de l&#8217;associaci\u00f3 i animar la implicaci\u00f3 de m\u00e9s gent disposada a col\u00b7laborar&#8221;.<\/p>\n<p>D&#8217;altra banda, Llopis ha reconegut que\u00a0&#8220;hi ha nombroses agrupacions que contribu\u00efxen al bon funcionament social d&#8217;Alzira perqu\u00e8 suplixen buits que l&#8217;Administraci\u00f3 no \u00e9s capa\u00e7 d&#8217;omplir\u201d.\u00a0&#8220;Totes i cadascuna d&#8217;elles mereixen el suport absolut de l&#8217;Administraci\u00f3 local i per este motiu, hem ajudat a totes les organitzacions que ens ho han demanat&#8221;, ha assegurat.<\/p>\n","protected":false},"excerpt":{"rendered":"<div class=\"mh-excerpt\">Ciutadans (Cs) d&#8217;Alzira ha presentat una moci\u00f3 perqu\u00e8 l&#8217;Ajuntament es comprometa a col\u00b7laborar en el 50 aniversari de La Nostra Veu (antiga PROSUB). La portaveu del grup municipal, Maria Jos\u00e9 Llopis, ha assenyalat que\u00a0&#8220;esta associaci\u00f3 <a class=\"mh-excerpt-more\" href=\"https:\/\/tucomarca.whitekongsoftware.com\/ca\/cs-presenta-una-mocio-perque-lajuntament-es-comprometi-a-col%c2%b7laborar-en-el-50-aniversari-de-la-nostra-veu\/\" title=\"Cs presenta una moci\u00f3 perqu\u00e8 l&#8217;Ajuntament es comprometa a col\u00b7laborar en el 50 aniversari de La Nostra Veu\">[+] <\/a><\/div>\n","protected":false},"author":1,"featured_media":79156,"comment_status":"open","ping_status":"open","sticky":false,"template":"","format":"standard","meta":{"footnotes":""},"categories":[10889,10948,10894,10902,10947,10896],"tags":[11192],"class_list":["post-79158","post","type-post","status-publish","format-standard","has-post-thumbnail","category-alzira-cat","category-infraestructuras-ca","category-la-comarca-ca","category-la-ribera-ca","category-politica","category-seccion-ca","tag-alzira-ca"],"_links":{"self":[{"href":"https:\/\/tucomarca.whitekongsoftware.com\/ca\/wp-json\/wp\/v2\/posts\/79158","targetHints":{"allow":["GET"]}}],"collection":[{"href":"https:\/\/tucomarca.whitekongsoftware.com\/ca\/wp-json\/wp\/v2\/posts"}],"about":[{"href":"https:\/\/tucomarca.whitekongsoftware.com\/ca\/wp-json\/wp\/v2\/types\/post"}],"author":[{"embeddable":true,"href":"https:\/\/tucomarca.whitekongsoftware.com\/ca\/wp-json\/wp\/v2\/users\/1"}],"replies":[{"embeddable":true,"href":"https:\/\/tucomarca.whitekongsoftware.com\/ca\/wp-json\/wp\/v2\/comments?post=79158"}],"version-history":[{"count":0,"href":"https:\/\/tucomarca.whitekongsoftware.com\/ca\/wp-json\/wp\/v2\/posts\/79158\/revisions"}],"wp:featuredmedia":[{"embeddable":true,"href":"https:\/\/tucomarca.whitekongsoftware.com\/ca\/wp-json\/wp\/v2\/media\/79156"}],"wp:attachment":[{"href":"https:\/\/tucomarca.whitekongsoftware.com\/ca\/wp-json\/wp\/v2\/media?parent=79158"}],"wp:term":[{"taxonomy":"category","embeddable":true,"href":"https:\/\/tucomarca.whitekongsoftware.com\/ca\/wp-json\/wp\/v2\/categories?post=79158"},{"taxonomy":"post_tag","embeddable":true,"href":"https:\/\/tucomarca.whitekongsoftware.com\/ca\/wp-json\/wp\/v2\/tags?post=79158"}],"curies":[{"name":"wp","href":"https:\/\/api.w.org\/{rel}","templated":true}]}}