{"id":78924,"date":"2018-12-08T19:35:32","date_gmt":"2018-12-08T17:35:32","guid":{"rendered":"http:\/\/www.tucomarca.com\/wordpress\/segunda\/?p=78924"},"modified":"2018-12-08T19:35:32","modified_gmt":"2018-12-08T17:35:32","slug":"leliana-va-celebrar-el-lliurament-dels-premis-ciutadania-2018","status":"publish","type":"post","link":"https:\/\/tucomarca.whitekongsoftware.com\/ca\/leliana-va-celebrar-el-lliurament-dels-premis-ciutadania-2018\/","title":{"rendered":"L\u2019Eliana va celebrar el lliurament dels Premis Ciutadania 2018"},"content":{"rendered":"<figure id=\"attachment_78921\" aria-describedby=\"caption-attachment-78921\" style=\"width: 840px\" class=\"wp-caption alignnone\"><img loading=\"lazy\" decoding=\"async\" class=\" wp-image-78921\" src=\"http:\/\/www.tucomarca.com\/wordpress\/segunda\/wp-content\/uploads\/2018\/12\/LElianaCiudadania.jpg\" alt=\"Coincidiendo con el D\u00eda de la Constituci\u00f3n, esta gala trata de reconocer y premiar a los ciudadanos y colectivos de l\u2019Eliana por su trayectoria y compromiso con el municipio.\" width=\"840\" height=\"488\" srcset=\"https:\/\/tucomarca.whitekongsoftware.com\/wp-content\/uploads\/2018\/12\/LElianaCiudadania.jpg 1920w, https:\/\/tucomarca.whitekongsoftware.com\/wp-content\/uploads\/2018\/12\/LElianaCiudadania-300x174.jpg 300w, https:\/\/tucomarca.whitekongsoftware.com\/wp-content\/uploads\/2018\/12\/LElianaCiudadania-768x446.jpg 768w, https:\/\/tucomarca.whitekongsoftware.com\/wp-content\/uploads\/2018\/12\/LElianaCiudadania-1024x595.jpg 1024w\" sizes=\"auto, (max-width: 840px) 100vw, 840px\" \/><figcaption id=\"caption-attachment-78921\" class=\"wp-caption-text\"><b>Coincidint amb el Dia de la Constituci\u00f3, aquesta gala tracta de recon\u00e8ixer i premiar als ciutadans i col\u00b7lectius de l&#8217;Eliana per la seua traject\u00f2ria i comprom\u00eds amb el municipi.<\/b><\/figcaption><\/figure>\n<p>Coincidint amb la commemoraci\u00f3 del Dia de la Constituci\u00f3, l&#8217;Eliana va celebrar el lliurament dels Premis Ciutadania 2018, un acte amb el qual, cada any, s&#8217;atorga el premi als ciutadans i col\u00b7lectius del municipi que millor han influ\u00eft en la conviv\u00e8ncia del mateix, aix\u00ed com en el seu desenvolupament, durant l&#8217;any.<\/p>\n<p>L&#8217;acte va comen\u00e7ar als 10:45 hores en la Pla\u00e7a del Pa\u00eds Valenci\u00e0, punt on es van congregar els premiats i assistents per a iniciar una process\u00f3 c\u00edvica cap al centre sociocultural. Aquesta process\u00f3 va comptar amb m\u00fasica tradicional valenciana.<\/p>\n<p>Una vegada all\u00ed, l&#8217;acte de lliurament dels premis va donar comen\u00e7ament en la nova sala del Centre Sociocultural, on el grup de majors de l&#8217;Escola Coral de l&#8217;Eliana va oferir una especial actuaci\u00f3. L&#8217;acte va comptar amb una alta assist\u00e8ncia de p\u00fablic.<\/p>\n<p>Aix\u00ed, els premiats van ser: en la categoria de \u201cMillor Expedient Acad\u00e8mic de l&#8217;IES l&#8217;Eliana\u201d, l&#8217;estudiant F\u00e9lix Moreno Pe\u00f1arrubia, en representaci\u00f3 del qual va arreplegar el premi el seu pare; en la categoria de \u201cEmpresa i Comer\u00e7\u201d, l&#8217;Associaci\u00f3 de Comerciants de l&#8217;Eliana; en la categoria de \u201cEsports\u201d , l&#8217;atleta Concha Montaner; en la categoria de \u201cPremi al Ciutad\u00e0\u201d, es va atorgar el premi a Jos\u00e9 Cerezo; en la categoria de \u201cCultura\u201d, el premi va recaure en el grup Teatreliana, representat per Sefa Bernet; en la categoria de \u201cEducaci\u00f3\u201d , els premiats van ser la professora Inmaculada Mondr\u00eda S\u00e1ez i l&#8217;Associaci\u00f3 Salamandra, representada per Pepe del Campo i Reyes Belv\u00eds.<\/p>\n<p>En paraules de l&#8217;Alcalde de l&#8217;Eliana, Salva Torrent, \u201c<i>este \u00e9s un acte que va n\u00e0ixer amb la independ\u00e8ncia de l&#8217;Eliana de la Pobla de Vallbona, i a dia d&#8217;avui segueix premiant i reconeixent a tots aquells que cada dia fan de l&#8217;Eliana un poble millor, a m\u00e9s de convertir-se en una de les celebracions m\u00e9s especials i emotives del nostre municipi\u201d.<\/i><\/p>\n","protected":false},"excerpt":{"rendered":"<div class=\"mh-excerpt\">Coincidint amb la commemoraci\u00f3 del Dia de la Constituci\u00f3, l&#8217;Eliana va celebrar el lliurament dels Premis Ciutadania 2018, un acte amb el qual, cada any, s&#8217;atorga el premi als ciutadans i col\u00b7lectius del municipi que <a class=\"mh-excerpt-more\" href=\"https:\/\/tucomarca.whitekongsoftware.com\/ca\/leliana-va-celebrar-el-lliurament-dels-premis-ciutadania-2018\/\" title=\"L\u2019Eliana va celebrar el lliurament dels Premis Ciutadania 2018\">[+] <\/a><\/div>\n","protected":false},"author":1,"featured_media":78922,"comment_status":"open","ping_status":"open","sticky":false,"template":"","format":"standard","meta":{"footnotes":""},"categories":[10892,10898,10948,10894,10893,10947,10896],"tags":[10899],"class_list":["post-78924","post","type-post","status-publish","format-standard","has-post-thumbnail","category-camp-de-turia-ca","category-ventana-ca","category-infraestructuras-ca","category-la-comarca-ca","category-leliana-ca","category-politica","category-seccion-ca","tag-camp-de-turia-ca"],"_links":{"self":[{"href":"https:\/\/tucomarca.whitekongsoftware.com\/ca\/wp-json\/wp\/v2\/posts\/78924","targetHints":{"allow":["GET"]}}],"collection":[{"href":"https:\/\/tucomarca.whitekongsoftware.com\/ca\/wp-json\/wp\/v2\/posts"}],"about":[{"href":"https:\/\/tucomarca.whitekongsoftware.com\/ca\/wp-json\/wp\/v2\/types\/post"}],"author":[{"embeddable":true,"href":"https:\/\/tucomarca.whitekongsoftware.com\/ca\/wp-json\/wp\/v2\/users\/1"}],"replies":[{"embeddable":true,"href":"https:\/\/tucomarca.whitekongsoftware.com\/ca\/wp-json\/wp\/v2\/comments?post=78924"}],"version-history":[{"count":0,"href":"https:\/\/tucomarca.whitekongsoftware.com\/ca\/wp-json\/wp\/v2\/posts\/78924\/revisions"}],"wp:featuredmedia":[{"embeddable":true,"href":"https:\/\/tucomarca.whitekongsoftware.com\/ca\/wp-json\/wp\/v2\/media\/78922"}],"wp:attachment":[{"href":"https:\/\/tucomarca.whitekongsoftware.com\/ca\/wp-json\/wp\/v2\/media?parent=78924"}],"wp:term":[{"taxonomy":"category","embeddable":true,"href":"https:\/\/tucomarca.whitekongsoftware.com\/ca\/wp-json\/wp\/v2\/categories?post=78924"},{"taxonomy":"post_tag","embeddable":true,"href":"https:\/\/tucomarca.whitekongsoftware.com\/ca\/wp-json\/wp\/v2\/tags?post=78924"}],"curies":[{"name":"wp","href":"https:\/\/api.w.org\/{rel}","templated":true}]}}