{"id":78916,"date":"2018-12-07T23:54:52","date_gmt":"2018-12-07T21:54:52","guid":{"rendered":"http:\/\/www.tucomarca.com\/wordpress\/segunda\/?p=78916"},"modified":"2018-12-07T23:54:52","modified_gmt":"2018-12-07T21:54:52","slug":"el-cd-bunyol-rep-al-seu-camp-el-requena-en-un-derbi-intercomarcal-que-es-preveu-intens","status":"publish","type":"post","link":"https:\/\/tucomarca.whitekongsoftware.com\/ca\/el-cd-bunyol-rep-al-seu-camp-el-requena-en-un-derbi-intercomarcal-que-es-preveu-intens\/","title":{"rendered":"El CD Bunyol rep al seu camp el Requena en un derbi intercomarcal que es preveu intens"},"content":{"rendered":"<p>Aquest diumenge, el Club Esportiu Bunyol torna a jugar al Beltr\u00e1n B\u00e1guena per enfrontar-se a un rival gaireb\u00e9 directe, separats per sis punts i en un derbi intercomarcal que ha de fer valer l&#8217;anterior empat dels blancs.<\/p>\n<p>Els blancs necessiten sumar de quatre per aconseguir l&#8217;objectiu final de la temporada que ha de ser el d&#8217;anar donant mostres que van pel cam\u00ed correcte; per la qual cosa cal fer de casa un fort\u00ed perqu\u00e8 aquest cap de setmana es prengui un rumb positiu.<\/p>\n<p>Compte amb Ignacio Verds, que amb sis gols \u00e9s el m\u00e0xim artiller del seu equip a nom\u00e9s tres del m\u00e0xim realitzador del grup, de manera que caldr\u00e0 aprofitar la condici\u00f3 de local per mostrar-se com un conjunt organitzat i tancada des de la saga. Informa Ra\u00fal Miralles Lacalle @raulmks<\/p>\n","protected":false},"excerpt":{"rendered":"<div class=\"mh-excerpt\">Aquest diumenge, el Club Esportiu Bunyol torna a jugar al Beltr\u00e1n B\u00e1guena per enfrontar-se a un rival gaireb\u00e9 directe, separats per sis punts i en un derbi intercomarcal que ha de fer valer l&#8217;anterior empat <a class=\"mh-excerpt-more\" href=\"https:\/\/tucomarca.whitekongsoftware.com\/ca\/el-cd-bunyol-rep-al-seu-camp-el-requena-en-un-derbi-intercomarcal-que-es-preveu-intens\/\" title=\"El CD Bunyol rep al seu camp el Requena en un derbi intercomarcal que es preveu intens\">[+] <\/a><\/div>\n","protected":false},"author":1,"featured_media":77472,"comment_status":"open","ping_status":"open","sticky":false,"template":"","format":"standard","meta":{"footnotes":""},"categories":[10911,11015,11003,10898,10912,10908,10909,10896],"tags":[11264,11075],"class_list":["post-78916","post","type-post","status-publish","format-standard","has-post-thumbnail","category-bunol-ca","category-canal-futbol","category-sports","category-ventana-ca","category-la-hoya-ca","category-requena-ca","category-requena-utiel-ca","category-seccion-ca","tag-esports-ca","tag-futbol-ca"],"_links":{"self":[{"href":"https:\/\/tucomarca.whitekongsoftware.com\/ca\/wp-json\/wp\/v2\/posts\/78916","targetHints":{"allow":["GET"]}}],"collection":[{"href":"https:\/\/tucomarca.whitekongsoftware.com\/ca\/wp-json\/wp\/v2\/posts"}],"about":[{"href":"https:\/\/tucomarca.whitekongsoftware.com\/ca\/wp-json\/wp\/v2\/types\/post"}],"author":[{"embeddable":true,"href":"https:\/\/tucomarca.whitekongsoftware.com\/ca\/wp-json\/wp\/v2\/users\/1"}],"replies":[{"embeddable":true,"href":"https:\/\/tucomarca.whitekongsoftware.com\/ca\/wp-json\/wp\/v2\/comments?post=78916"}],"version-history":[{"count":0,"href":"https:\/\/tucomarca.whitekongsoftware.com\/ca\/wp-json\/wp\/v2\/posts\/78916\/revisions"}],"wp:featuredmedia":[{"embeddable":true,"href":"https:\/\/tucomarca.whitekongsoftware.com\/ca\/wp-json\/wp\/v2\/media\/77472"}],"wp:attachment":[{"href":"https:\/\/tucomarca.whitekongsoftware.com\/ca\/wp-json\/wp\/v2\/media?parent=78916"}],"wp:term":[{"taxonomy":"category","embeddable":true,"href":"https:\/\/tucomarca.whitekongsoftware.com\/ca\/wp-json\/wp\/v2\/categories?post=78916"},{"taxonomy":"post_tag","embeddable":true,"href":"https:\/\/tucomarca.whitekongsoftware.com\/ca\/wp-json\/wp\/v2\/tags?post=78916"}],"curies":[{"name":"wp","href":"https:\/\/api.w.org\/{rel}","templated":true}]}}