{"id":78889,"date":"2018-12-07T23:27:14","date_gmt":"2018-12-07T21:27:14","guid":{"rendered":"http:\/\/www.tucomarca.com\/wordpress\/segunda\/?p=78889"},"modified":"2018-12-07T23:27:14","modified_gmt":"2018-12-07T21:27:14","slug":"lajuntament-de-xest-contractara-a-8-peons-durant-6-mesos","status":"publish","type":"post","link":"https:\/\/tucomarca.whitekongsoftware.com\/ca\/lajuntament-de-xest-contractara-a-8-peons-durant-6-mesos\/","title":{"rendered":"L&#8217;Ajuntament de Xest contractar\u00e0 a 8 peons durant 6 mesos"},"content":{"rendered":"<div class=\"\">\n<figure id=\"attachment_67087\" aria-describedby=\"caption-attachment-67087\" style=\"width: 309px\" class=\"wp-caption alignleft\"><img loading=\"lazy\" decoding=\"async\" class=\" wp-image-67087\" src=\"http:\/\/www.tucomarca.com\/wordpress\/segunda\/wp-content\/uploads\/2018\/03\/JVGuijarro.jpg\" alt=\"Jos\u00e9 Vicente Guijarro. Concejal\u00eda de Empleo, Personal, Servicios Municipales y Transparencia.\" width=\"309\" height=\"206\" srcset=\"https:\/\/tucomarca.whitekongsoftware.com\/wp-content\/uploads\/2018\/03\/JVGuijarro.jpg 5760w, https:\/\/tucomarca.whitekongsoftware.com\/wp-content\/uploads\/2018\/03\/JVGuijarro-300x200.jpg 300w, https:\/\/tucomarca.whitekongsoftware.com\/wp-content\/uploads\/2018\/03\/JVGuijarro-768x512.jpg 768w, https:\/\/tucomarca.whitekongsoftware.com\/wp-content\/uploads\/2018\/03\/JVGuijarro-1024x683.jpg 1024w\" sizes=\"auto, (max-width: 309px) 100vw, 309px\" \/><figcaption id=\"caption-attachment-67087\" class=\"wp-caption-text\">Jos\u00e9 Vicente Guijarro. Regidoria d&#8217;Ocupaci\u00f3, Personal, Serveis Municipals i Transpar\u00e8ncia.<\/figcaption><\/figure>\n<p>El regidor de Serveis Municipals, Jos\u00e9 Vicente Guijarro, ha anunciat que l&#8217;Ajuntament contractar\u00e0 a vuit peons per a la brigada, procedents de la borsa de treball municipal que es va constituir fa dos anys amb aquesta finalitat. Els contractes seran de 6 mesos, des de gener a juny de 2019, a jornada completa i s&#8217;establiran dos torns, un de dilluns a divendres i un altre de dimecres a diumenge.<\/p>\n<p>Tal com explica el regidor, la quantitat econ\u00f2mica que es destinar\u00e0 a aquestes contractacions prov\u00e9 de fons municipals i &#8220;en 2019 es podran realitzar m\u00e9s contractacions per refor\u00e7ar la brigada, ja que es podr\u00e0 invertir part de la quantitat que el consistori estalviar\u00e0 amb la nova contractaci\u00f3 del servei de recollida de residus urbans (RSU) &#8220;. Aquest servei, que entrar\u00e0 en funcionament a partir l&#8217;1 de gener de 2019, incorporar\u00e0 la neteja dels grans esdeveniments que fins ara realitzava el personal municipal, repercutint en una reducci\u00f3 d&#8217;hores extraordin\u00e0ries.<\/p>\n<p>&#8220;La brigada necessita personal per\u00f2 amb l&#8217;actual Llei d&#8217;Estabilitat Pressupost\u00e0ria l&#8217;\u00fanica opci\u00f3 que tenim de generar treball i de cobrir aquestes places \u00e9s amb contractes temporals&#8221;, explica Guijarro. &#8220;Es tracta de generar ocupaci\u00f3 p\u00fablica i de qualitat dins dels marges que ens permet la llei en aquests moments&#8221;.<\/p>\n<\/div>\n","protected":false},"excerpt":{"rendered":"<div class=\"mh-excerpt\">El regidor de Serveis Municipals, Jos\u00e9 Vicente Guijarro, ha anunciat que l&#8217;Ajuntament contractar\u00e0 a vuit peons per a la brigada, procedents de la borsa de treball municipal que es va constituir fa dos anys amb <a class=\"mh-excerpt-more\" href=\"https:\/\/tucomarca.whitekongsoftware.com\/ca\/lajuntament-de-xest-contractara-a-8-peons-durant-6-mesos\/\" title=\"L&#8217;Ajuntament de Xest contractar\u00e0 a 8 peons durant 6 mesos\">[+] <\/a><\/div>\n","protected":false},"author":2,"featured_media":78890,"comment_status":"open","ping_status":"open","sticky":false,"template":"","format":"standard","meta":{"footnotes":""},"categories":[10894,10912,10896,10974],"tags":[11108,11109],"class_list":["post-78889","post","type-post","status-publish","format-standard","has-post-thumbnail","category-la-comarca-ca","category-la-hoya-ca","category-seccion-ca","category-cheste-ca","tag-la-foia-de-bunyol-xiva","tag-xest"],"_links":{"self":[{"href":"https:\/\/tucomarca.whitekongsoftware.com\/ca\/wp-json\/wp\/v2\/posts\/78889","targetHints":{"allow":["GET"]}}],"collection":[{"href":"https:\/\/tucomarca.whitekongsoftware.com\/ca\/wp-json\/wp\/v2\/posts"}],"about":[{"href":"https:\/\/tucomarca.whitekongsoftware.com\/ca\/wp-json\/wp\/v2\/types\/post"}],"author":[{"embeddable":true,"href":"https:\/\/tucomarca.whitekongsoftware.com\/ca\/wp-json\/wp\/v2\/users\/2"}],"replies":[{"embeddable":true,"href":"https:\/\/tucomarca.whitekongsoftware.com\/ca\/wp-json\/wp\/v2\/comments?post=78889"}],"version-history":[{"count":0,"href":"https:\/\/tucomarca.whitekongsoftware.com\/ca\/wp-json\/wp\/v2\/posts\/78889\/revisions"}],"wp:featuredmedia":[{"embeddable":true,"href":"https:\/\/tucomarca.whitekongsoftware.com\/ca\/wp-json\/wp\/v2\/media\/78890"}],"wp:attachment":[{"href":"https:\/\/tucomarca.whitekongsoftware.com\/ca\/wp-json\/wp\/v2\/media?parent=78889"}],"wp:term":[{"taxonomy":"category","embeddable":true,"href":"https:\/\/tucomarca.whitekongsoftware.com\/ca\/wp-json\/wp\/v2\/categories?post=78889"},{"taxonomy":"post_tag","embeddable":true,"href":"https:\/\/tucomarca.whitekongsoftware.com\/ca\/wp-json\/wp\/v2\/tags?post=78889"}],"curies":[{"name":"wp","href":"https:\/\/api.w.org\/{rel}","templated":true}]}}