{"id":78862,"date":"2018-12-06T10:25:15","date_gmt":"2018-12-06T08:25:15","guid":{"rendered":"http:\/\/www.tucomarca.com\/wordpress\/segunda\/?p=78862"},"modified":"2018-12-06T10:25:15","modified_gmt":"2018-12-06T08:25:15","slug":"el-secretari-autonomic-deducacio-visita-xest-amb-motiu-de-les-actuacions-del-pla-edificant-a-la-localitat","status":"publish","type":"post","link":"https:\/\/tucomarca.whitekongsoftware.com\/ca\/el-secretari-autonomic-deducacio-visita-xest-amb-motiu-de-les-actuacions-del-pla-edificant-a-la-localitat\/","title":{"rendered":"El secretari auton\u00f2mic d&#8217;Educaci\u00f3 visita Xest amb motiu de les actuacions del Pla Edificant a la localitat"},"content":{"rendered":"<div class=\"\">\n<figure id=\"attachment_78858\" aria-describedby=\"caption-attachment-78858\" style=\"width: 458px\" class=\"wp-caption alignleft\"><img loading=\"lazy\" decoding=\"async\" class=\" wp-image-78858\" src=\"http:\/\/www.tucomarca.com\/wordpress\/segunda\/wp-content\/uploads\/2018\/12\/ChesteEscuelas.jpg\" alt=\"El secretario auton\u00f3mico de Educaci\u00f3n, Miguel Soler, ha estado esta ma\u00f1ana en Cheste.\" width=\"458\" height=\"305\" srcset=\"https:\/\/tucomarca.whitekongsoftware.com\/wp-content\/uploads\/2018\/12\/ChesteEscuelas.jpg 5472w, https:\/\/tucomarca.whitekongsoftware.com\/wp-content\/uploads\/2018\/12\/ChesteEscuelas-300x200.jpg 300w, https:\/\/tucomarca.whitekongsoftware.com\/wp-content\/uploads\/2018\/12\/ChesteEscuelas-768x512.jpg 768w, https:\/\/tucomarca.whitekongsoftware.com\/wp-content\/uploads\/2018\/12\/ChesteEscuelas-1024x683.jpg 1024w\" sizes=\"auto, (max-width: 458px) 100vw, 458px\" \/><figcaption id=\"caption-attachment-78858\" class=\"wp-caption-text\">El secretari auton\u00f2mic d&#8217;Educaci\u00f3, Miguel Soler, ha estat aquest mat\u00ed a Xest.<\/figcaption><\/figure>\n<p>El secretari auton\u00f2mic d&#8217;Educaci\u00f3, Miguel Soler, ha estat aquest dimecres\u00a0a Xest coneixent a fons les instal\u00b7lacions de l&#8217;IES Ricardo Mar\u00edn i dels centres d&#8217;Educaci\u00f3 Infantil i Prim\u00e0ria Vicente Blasco Ib\u00e1\u00f1ez, Francisco Giner dels Rius i n\u00famero 3, dins de les gestions del Pla Edificant, que ja estan en marxa al municipi. Durant la visita l&#8217;han acompanyat l&#8217;alcalde de Xest, Jos\u00e9 Morell, i la regidora d&#8217;Educaci\u00f3, M\u00aa \u00c1ngeles Llorente, que, al costat de Soler, han ofert una roda de premsa a l&#8217;IES Ricardo Mar\u00edn, on els han rebut la directora del centre i el coordinador de Secund\u00e0ria.<\/p>\n<p>&#8220;El motiu d&#8217;aquesta visita \u00e9s repassar la situaci\u00f3 de les diferents infraestructures que es van a millorar a Xest&#8221;, ha explicat Soler. &#8220;En primer lloc vull felicitar l&#8217;Ajuntament de Xest perqu\u00e8, si mirem el conjunt de la Comunitat on hi ha molts ajuntaments, ha estat dels primers a &#8216;fer els deures&#8217; amb actuacions en tots els centres p\u00fablics de la seva localitat. Gr\u00e0cies a la seva agilitat, a l&#8217;IES Ricardo Mar\u00edn ja disposen del projecte d&#8217;ampliaci\u00f3 d&#8217;un aulari i, a partir d&#8217;ara, comen\u00e7ar\u00e0 el proc\u00e9s d&#8217;edificaci\u00f3. Per als altres centres de la localitat tamb\u00e9 estan ja fetes les propostes de la delegaci\u00f3 i aquest mes de desembre l&#8217;Ajuntament les acceptar\u00e0 i passaran a estar en la mateixa situaci\u00f3 de l&#8217;IES &#8220;.<\/p>\n<p>La sol\u00b7licitud de l&#8217;IES Ricardo Mar\u00edn consisteix en l&#8217;ampliaci\u00f3 d&#8217;un aulari, que comporta la construcci\u00f3 d&#8217;un bloc annex que comptar\u00e0 amb 8 aules de mat\u00e8ries comunes m\u00e9s unes altres 4 per a possibles cicles professionals; biblioteca, sala d&#8217;actes, aula d&#8217;inform\u00e0tica, magatzem i cafeteria. Aquesta actuaci\u00f3 suposa una inversi\u00f3 de 1.224.000 euros per part de Conselleria, entitat que assumeix la despesa complet de les reformes i adequacions de Pla Edificant, mentre que l&#8217;Ajuntament s&#8217;encarrega de la redacci\u00f3 i supervisi\u00f3 dels projectes, licitaci\u00f3, contractaci\u00f3, direcci\u00f3 facultativa i recepci\u00f3 de l&#8217;obra.<\/p>\n<p>&#8220;En el cas de l&#8217;institut, fa 10 anys que vam inaugurar l&#8217;edifici i abans d&#8217;inaugurar-ja es va haver de fer una ampliaci\u00f3 perqu\u00e8 les instal\u00b7lacions eren insuficients&#8221;, ha declarat la directora de l&#8217;IES Ricardo Mar\u00edn, Pilar Rodr\u00edguez. &#8220;Fa 10 anys ten\u00edem 300 alumnes i alumnes i ara estem al voltant dels 460. Tamb\u00e9 ha augmentat el nombre de grups i no tenim aules suficients. Hem invertit molta part del pressupost de l&#8217;IES a anar rehabilitant zones, com la biblioteca i la cafeteria que s&#8217;han convertit en aules. El panorama \u00e9s bastant ca\u00f2tic des de fa molt de temps i era necess\u00e0ria una ampliaci\u00f3 urgent. Per aix\u00f2 vull agrair a la Conselleria la iniciativa d&#8217;aquest pla Edificant que permetr\u00e0 a molts centres solucionar els seus problemes d&#8217;infraestructura d&#8217;una manera intel\u00b7ligent i tamb\u00e9 vull donar les gr\u00e0cies a l&#8217;Ajuntament, i especialment a la regidora d&#8217;Educaci\u00f3, perqu\u00e8 sempre ha estat al nostre costat &#8220;.<\/p>\n<p>Per la seva banda, el CEIP Vicente Blasco Ib\u00e1\u00f1ez rebr\u00e0 una actuaci\u00f3 valorada en 400.000 euros, que contemplar\u00e0 la instal\u00b7laci\u00f3 d&#8217;un ascensor per accedir a la planta primera i la reforma de les finestres del centre; tamb\u00e9 es remodelaran els banys interiors, adaptant-los a persones amb diversitat funcional i actualitzant fusteries i sanitaris i s&#8217;instal\u00b7lar\u00e0 una coberta al pati.<\/p>\n<p>Al CEIP n\u00ba 3 s&#8217;actualitzar\u00e0 la instal\u00b7laci\u00f3 el\u00e8ctrica, s&#8217;adaptaran els banys exteriors i s&#8217;adequaran nous vestidors; a m\u00e9s s&#8217;executar\u00e0 la coberta de la pista esportiva i es canviaran i s&#8217;adequaran les finestres exteriors. Tot amb una inversi\u00f3 de 632.000 euros.<\/p>\n<p>Finalment, s&#8217;invertiran 282.000 euros en millores i adequacions al CEIP Francisco Giner dels Rius, on s&#8217;adaptar\u00e0 la cuina actual i les seves instal\u00b7lacions per a no dependre d&#8217;un c\u00e0tering. Per a aix\u00f2, es realitzar\u00e0 l&#8217;adequaci\u00f3 d&#8217;acord amb els nous requeriments el\u00e8ctrics, de gas i seguretat; es renovaran els finestrals i la seva vidre, segons la normativa i es renovar\u00e0 tota la bancada de la cuina, el seu mobiliari i instal\u00b7laci\u00f3 de piques. A m\u00e9s, es requerir\u00e0 una cambra frigor\u00edfica i una de congelaci\u00f3. Al costat d&#8217;aquestes obres, s&#8217;ampliar\u00e0 el nucli de lavabos per adaptar-los al nombre d&#8217;alumnes i les alumnes que van al menjador i es crear\u00e0 un acc\u00e9s per a persones amb discapacitat. Tot aix\u00f2 anir\u00e0 en un bloc nou al costat de l&#8217;edificaci\u00f3 ja existent de la cuina.<\/p>\n<p>&#8220;S&#8217;est\u00e0 demostrant el gran treball del govern del Bot\u00e0nic, que tamb\u00e9 enlla\u00e7a amb l&#8217;aposta del nostre equip de govern a l&#8217;Ajuntament, des d&#8217;on tamb\u00e9 estem fent un esfor\u00e7 en el manteniment dels centres&#8221;, ha manifestat Morell. &#8220;Ara, amb el pla Edificant, es van a escometre millores m\u00e9s grans, ja que permet que es multipliquin les forces que tenim als ajuntaments. Per la nostra part posarem tot l&#8217;esfor\u00e7 en que les reformes i les noves instal\u00b7lacions estiguin a punt el m\u00e9s aviat possible &#8220;.<\/p>\n<p>Tal com ha declarat l&#8217;alcalde, les actuacions en els col\u00b7legis p\u00fablics s&#8217;executaran en 2019 i l&#8217;ampliaci\u00f3 de l&#8217;IES Ricardo Mar\u00edn es realitzar\u00e0 entre 2019 i 2020.<\/p>\n<p>&#8220;Els centres educatius d&#8217;aqu\u00ed a dos o tres anys van a tenir resolts els problemes que han anat acumulant durant prop de 20 anys i als quals el Partit Popular no havia donat cap tipus de resposta&#8221;, ha afegit M\u00aa \u00c1ngeles Llorente. &#8220;Jo crec que el govern del Bot\u00e0nic, un govern d&#8217;esquerres, ha apostat com correspon per l&#8217;educaci\u00f3 p\u00fablica i ho ha fet amb intel\u00b7lig\u00e8ncia i amb coneixement del sistema. El pla Edificant \u00e9s un pla estrat\u00e8gic que ha perm\u00e8s la col\u00b7laboraci\u00f3 entre dues administracions, la local i l&#8217;auton\u00f2mica, per donar resposta a necessitats educatives que els centres estaven demanant des de fa molt temps &#8220;.<\/p>\n<p>En aquesta l\u00ednia, Soler ha expressat la idea de la Conselleria d&#8217;rec\u00f3rrer diferents municipis per analitzar les situacions concretes, contactant amb l&#8217;administraci\u00f3 local i els centres. &#8220;En educaci\u00f3 sempre hi ha problemes i del que es tracta \u00e9s d&#8217;escoltar, con\u00e8ixer i anar veient com establim unes prioritats o altres&#8221;, ha explicat Soler. &#8220;A dia d&#8217;avui hi ha 351 actuacions delegades i han sol\u00b7licitat actuacions 612 centres, gaireb\u00e9 el 50% del total dels centres de la Comunitat. Dur a terme aquestes mesures li hauria costat a la Generalitat uns 40 anys, per la incapacitat de poder actuar simult\u00e0niament en tants llocs, per\u00f2 amb aquest pla \u00e9s possible agilitar-i veure les actuacions dutes a terme en 3 o 4 anys &#8220;.<\/p>\n<p>&#8220;Aquest pla \u00e9s un exemple de gesti\u00f3&#8221;, ha subratllat en la roda de premsa Santiago Navarro, coordinador de Secund\u00e0ria de l&#8217;IES Ricardo Mar\u00edn. &#8220;Quan rebem l&#8217;institut de Xest jo era el secretari i llavors ja vam veure les necessitats d&#8217;ampliaci\u00f3. Efectivament, aquestes obres podrien haver trigat 30 o 40 anys a realitzar-; per aix\u00f2 crec que cal posar en valor aquesta idea de gesti\u00f3 de Conselleria i donar l&#8217;enhorabona perqu\u00e8 est\u00e0 funcionant &#8220;.<\/p>\n<p>De la mateixa manera, durant la roda de premsa, la regidora d&#8217;Educaci\u00f3 ha destacat la gesti\u00f3 de Conselleria pel que fa a l&#8217;augment dels bons d&#8217;educaci\u00f3 infantil i la creaci\u00f3 d&#8217;aules p\u00fabliques per a infants de 2 anys.<\/p>\n<p>&#8220;Calia fer una oferta educativa de qualitat i comencem pels dos anys, que \u00e9s on hi havia xifres m\u00e9s baixes d&#8217;escolaritat i on hi havia una estructura b\u00e0sicament privada. Un exemple \u00e9s que el 1995 hi havia 31 escoles d&#8217;educaci\u00f3 infantil p\u00fabliques i el 2015, 33; \u00e9s a dir, que es van fer 2 escoles a 20 anys i mentre es va apostar per un altre model, que \u00e9s el de l&#8217;escola infantil privada. Llavors s\u00ed que hi havia un bo infantil, per\u00f2 es donava 60 euros a totes les fam\u00edlies, independentment de les seves possibilitats, quan s&#8217;enfrontaven a una mensualitat d&#8217;uns 280 euros al mes &#8220;, ha aclarit Soler. &#8220;Davant d&#8217;aix\u00f2, vam comen\u00e7ar a posar aules p\u00fabliques de dos anys, que ja sumen 134, una d&#8217;elles al CEIP Francisco Giner dels Rius de Xest; i aquest any totes les aules de dos anys de les escoles municipals infantils han passat a ser gratu\u00eftes, oferint als 14.000 nens i nenes en la Comunitat una pla\u00e7a gratu\u00efta a l&#8217;escola infantil. Simult\u00e0niament a aquestes accions, es va modificar el bo infantil i es va fer proporcional a la renda, oferint una ajuda que oscil\u00b7la entre els 80 i els 140 euros, excloent nom\u00e9s a les fam\u00edlies els pares i mares cobren m\u00e9s de 72.000 euros a l&#8217;any, que equivalen a un 8% de la poblaci\u00f3 &#8220;.<\/p>\n<\/div>\n","protected":false},"excerpt":{"rendered":"<div class=\"mh-excerpt\">El secretari auton\u00f2mic d&#8217;Educaci\u00f3, Miguel Soler, ha estat aquest dimecres\u00a0a Xest coneixent a fons les instal\u00b7lacions de l&#8217;IES Ricardo Mar\u00edn i dels centres d&#8217;Educaci\u00f3 Infantil i Prim\u00e0ria Vicente Blasco Ib\u00e1\u00f1ez, Francisco Giner dels Rius i <a class=\"mh-excerpt-more\" href=\"https:\/\/tucomarca.whitekongsoftware.com\/ca\/el-secretari-autonomic-deducacio-visita-xest-amb-motiu-de-les-actuacions-del-pla-edificant-a-la-localitat\/\" title=\"El secretari auton\u00f2mic d&#8217;Educaci\u00f3 visita Xest amb motiu de les actuacions del Pla Edificant a la localitat\">[+] <\/a><\/div>\n","protected":false},"author":1,"featured_media":78859,"comment_status":"open","ping_status":"open","sticky":false,"template":"","format":"standard","meta":{"footnotes":""},"categories":[10898,10948,10894,10904,10912,11007,10947,10896,10974],"tags":[11071,11109],"class_list":["post-78862","post","type-post","status-publish","format-standard","has-post-thumbnail","category-ventana-ca","category-infraestructuras-ca","category-la-comarca-ca","category-sin-categorizar-ca","category-la-hoya-ca","category-ocio-y-cultura-ca","category-politica","category-seccion-ca","category-cheste-ca","tag-cheste","tag-xest"],"_links":{"self":[{"href":"https:\/\/tucomarca.whitekongsoftware.com\/ca\/wp-json\/wp\/v2\/posts\/78862","targetHints":{"allow":["GET"]}}],"collection":[{"href":"https:\/\/tucomarca.whitekongsoftware.com\/ca\/wp-json\/wp\/v2\/posts"}],"about":[{"href":"https:\/\/tucomarca.whitekongsoftware.com\/ca\/wp-json\/wp\/v2\/types\/post"}],"author":[{"embeddable":true,"href":"https:\/\/tucomarca.whitekongsoftware.com\/ca\/wp-json\/wp\/v2\/users\/1"}],"replies":[{"embeddable":true,"href":"https:\/\/tucomarca.whitekongsoftware.com\/ca\/wp-json\/wp\/v2\/comments?post=78862"}],"version-history":[{"count":0,"href":"https:\/\/tucomarca.whitekongsoftware.com\/ca\/wp-json\/wp\/v2\/posts\/78862\/revisions"}],"wp:featuredmedia":[{"embeddable":true,"href":"https:\/\/tucomarca.whitekongsoftware.com\/ca\/wp-json\/wp\/v2\/media\/78859"}],"wp:attachment":[{"href":"https:\/\/tucomarca.whitekongsoftware.com\/ca\/wp-json\/wp\/v2\/media?parent=78862"}],"wp:term":[{"taxonomy":"category","embeddable":true,"href":"https:\/\/tucomarca.whitekongsoftware.com\/ca\/wp-json\/wp\/v2\/categories?post=78862"},{"taxonomy":"post_tag","embeddable":true,"href":"https:\/\/tucomarca.whitekongsoftware.com\/ca\/wp-json\/wp\/v2\/tags?post=78862"}],"curies":[{"name":"wp","href":"https:\/\/api.w.org\/{rel}","templated":true}]}}