{"id":78843,"date":"2018-12-05T21:34:05","date_gmt":"2018-12-05T19:34:05","guid":{"rendered":"http:\/\/www.tucomarca.com\/wordpress\/segunda\/?p=78843"},"modified":"2018-12-05T21:34:05","modified_gmt":"2018-12-05T19:34:05","slug":"la-regidoria-de-parcs-i-jardins-de-xest-invertira-30-000-euros-del-pressupost-municipal-2018-en-millorar-els-espais-verds-del-municipi","status":"publish","type":"post","link":"https:\/\/tucomarca.whitekongsoftware.com\/ca\/la-regidoria-de-parcs-i-jardins-de-xest-invertira-30-000-euros-del-pressupost-municipal-2018-en-millorar-els-espais-verds-del-municipi\/","title":{"rendered":"La regidoria de Parcs i Jardins de Xest invertir\u00e0 30.000 euros del pressupost municipal 2018 en millorar els espais verds del municipi"},"content":{"rendered":"<div class=\"\">\n<div class=\"\">\n<p>L&#8217;alcalde i regidor de Parcs i Jardins de l&#8217;Ajuntament de Xest, Jos\u00e9 Morell, ha anunciat que es van a invertir 30.000 euros de pressupost municipal durant aquest mes de desembre a realitzar diferents tasques de millora dels espais verds de Xest. Per posar en marxa aquest pla s&#8217;ha contractat a l&#8217;estudi valenci\u00e0 R2 Paisatge, especialista en el disseny i manteniment de jardins.<\/p>\n<p>&#8220;L&#8217;objectiu \u00e9s reverdir Xest i augmentar la qualitat dels espais comuns a l&#8217;aire lliure&#8221;, explica Morell. &#8220;Anem a comen\u00e7ar amb una primera fase durant el mes de desembre, per\u00f2 les actuacions continuaran en 2019&#8221;.<\/p>\n<p>Tal com explica Morell, en primer lloc es van a restituir noranta arbres en els escocells que estan buits a la poblaci\u00f3 i, seguidament, es procedir\u00e0 a la repoblaci\u00f3 amb plantes ornamentals als Parcs Ricardo Mar\u00edn i Esperantista Arnau, aix\u00ed com a la glorieta de Loriguilla i els pipicans de la Im\u00e9s i l&#8217;avinguda del Pa\u00eds Valenci\u00e0.<\/p>\n<p>Segons es detalla en l&#8217;informe de l&#8217;estudi paisatgista, els arbres que es reposaran seran diferents als que hi ha actualment al municipi, incorporant onze esp\u00e8cies noves seleccionades sobre la base de l&#8217;arboricultura moderna i tenint en compte criteris com la qualitat del subministrament o que les proporcions siguin les adequades a l&#8217;espai.<\/p>\n<p>A la glorieta de Loriguilla es va a potenciar la jardineria sostenible plantant esp\u00e8cies aut\u00f2ctones, amb baixes necessitats h\u00eddriques, facilitat d&#8217;arrelament i baix manteniment.<\/p>\n<p>&#8220;Per a les reposici\u00f3 de les plantes dels parcs Ricardo Mar\u00edn i Enrique Arnau s&#8217;optar\u00e0 per esp\u00e8cies de flor que alegrin la vista i donen ombra, sempre respectant en harmonia amb Medi Ambient, amb un manteniment naturalitzat&#8221;, apunta el Morell. &#8220;Finalment, en els pipicans de la Im\u00e9s i l&#8217;avinguda Pa\u00eds Valenci\u00e0, es plantar\u00e0 un per\u00edmetre d&#8217;esp\u00e8cies vegetals que quedar\u00e0 integrat amb l&#8217;entorn enjardinat, aportar\u00e0 ombra en els dies calorosos d&#8217;estiu i crear\u00e0 una certa intimitat als seus usuaris&#8221;.<\/p>\n<\/div>\n<\/div>\n","protected":false},"excerpt":{"rendered":"<div class=\"mh-excerpt\">L&#8217;alcalde i regidor de Parcs i Jardins de l&#8217;Ajuntament de Xest, Jos\u00e9 Morell, ha anunciat que es van a invertir 30.000 euros de pressupost municipal durant aquest mes de desembre a realitzar diferents tasques de <a class=\"mh-excerpt-more\" href=\"https:\/\/tucomarca.whitekongsoftware.com\/ca\/la-regidoria-de-parcs-i-jardins-de-xest-invertira-30-000-euros-del-pressupost-municipal-2018-en-millorar-els-espais-verds-del-municipi\/\" title=\"La regidoria de Parcs i Jardins de Xest invertir\u00e0 30.000 euros del pressupost municipal 2018 en millorar els espais verds del municipi\">[+] <\/a><\/div>\n","protected":false},"author":1,"featured_media":78844,"comment_status":"open","ping_status":"open","sticky":false,"template":"","format":"standard","meta":{"footnotes":""},"categories":[10948,10894,10912,10903,10947,10896,10974],"tags":[11109],"class_list":["post-78843","post","type-post","status-publish","format-standard","has-post-thumbnail","category-infraestructuras-ca","category-la-comarca-ca","category-la-hoya-ca","category-medio-ambiente-la-comarca-ca","category-politica","category-seccion-ca","category-cheste-ca","tag-xest"],"_links":{"self":[{"href":"https:\/\/tucomarca.whitekongsoftware.com\/ca\/wp-json\/wp\/v2\/posts\/78843","targetHints":{"allow":["GET"]}}],"collection":[{"href":"https:\/\/tucomarca.whitekongsoftware.com\/ca\/wp-json\/wp\/v2\/posts"}],"about":[{"href":"https:\/\/tucomarca.whitekongsoftware.com\/ca\/wp-json\/wp\/v2\/types\/post"}],"author":[{"embeddable":true,"href":"https:\/\/tucomarca.whitekongsoftware.com\/ca\/wp-json\/wp\/v2\/users\/1"}],"replies":[{"embeddable":true,"href":"https:\/\/tucomarca.whitekongsoftware.com\/ca\/wp-json\/wp\/v2\/comments?post=78843"}],"version-history":[{"count":0,"href":"https:\/\/tucomarca.whitekongsoftware.com\/ca\/wp-json\/wp\/v2\/posts\/78843\/revisions"}],"wp:featuredmedia":[{"embeddable":true,"href":"https:\/\/tucomarca.whitekongsoftware.com\/ca\/wp-json\/wp\/v2\/media\/78844"}],"wp:attachment":[{"href":"https:\/\/tucomarca.whitekongsoftware.com\/ca\/wp-json\/wp\/v2\/media?parent=78843"}],"wp:term":[{"taxonomy":"category","embeddable":true,"href":"https:\/\/tucomarca.whitekongsoftware.com\/ca\/wp-json\/wp\/v2\/categories?post=78843"},{"taxonomy":"post_tag","embeddable":true,"href":"https:\/\/tucomarca.whitekongsoftware.com\/ca\/wp-json\/wp\/v2\/tags?post=78843"}],"curies":[{"name":"wp","href":"https:\/\/api.w.org\/{rel}","templated":true}]}}