{"id":78771,"date":"2018-12-03T23:45:19","date_gmt":"2018-12-03T21:45:19","guid":{"rendered":"http:\/\/www.tucomarca.com\/wordpress\/segunda\/?p=78771"},"modified":"2018-12-03T23:45:19","modified_gmt":"2018-12-03T21:45:19","slug":"el-pp-de-bunyol-inicia-una-campanya-de-recollida-de-signatures-per-demanar-li-a-puig-i-oltra-que-el-centre-de-menors-de-la-localitat-torne-a-ser-dacollida","status":"publish","type":"post","link":"https:\/\/tucomarca.whitekongsoftware.com\/ca\/el-pp-de-bunyol-inicia-una-campanya-de-recollida-de-signatures-per-demanar-li-a-puig-i-oltra-que-el-centre-de-menors-de-la-localitat-torne-a-ser-dacollida\/","title":{"rendered":"El PP de Bunyol inicia una campanya de recollida de signatures per demanar-li a Puig i Oltra que el centre de menors de la localitat torne a ser d&#8217;acollida"},"content":{"rendered":"<p>El Partit Popular de Bunyol ha iniciat una campanya de recollida de signatures &#8220;perqu\u00e8, davant la incapacitat de l&#8217;actual govern local de donar solucions, el President de la Generalitat, Ximo Puig, i la vicepresidenta, M\u00f3nica Oltra, reaccionin davant la situaci\u00f3 que viuen els menors i la localitat i reconverteixi de forma immediata el centre de menors de recepci\u00f3 a un d&#8217;acollida &#8220;, segons han informat.<\/p>\n<p>El PP s&#8217;ha referit d&#8217;aquesta manera als \u00faltims esdeveniments viscuts al centre i, en aquest context, ha denunciat &#8220;que l&#8217;alcaldessa del PSPV, Jonquera Carrascosa, ha estat incapa\u00e7 en tres mesos de concretar una reuni\u00f3 amb el President de la Generalitat , el socialista Ximo Puig, tal com li va exigir el ple de l&#8217;Ajuntament per intentar resoldre els problemes de conviv\u00e8ncia en el centre i en el municipi &#8220;.<\/p>\n<p>Aix\u00ed, des del PP ha assegurat que al govern local de Bunyol, &#8220;conegut com l&#8217;ensalada russa per l&#8217;amalgama de partits d&#8217;esquerra, se li ha anat de les mans el control institucional del centre de menors, ja que, l&#8217;amuntegament a qu\u00e8 estan sotmesos els menors i la mala situaci\u00f3 del centre ja denunciada per la Fiscalia fa insostenible mantenir aquesta situaci\u00f3 per m\u00e9s temps &#8220;. En aquesta l\u00ednia, han criticat la &#8220;passivitat de Jonquera Carrascosa que t\u00e9 por d&#8217;enfrontar-se al seu partit a Val\u00e8ncia, preferint defensar els interessos del seu partit als interessos generals del nostre estimat Bunyol&#8221;.<\/p>\n<p>El Grup Municipal Popular considera &#8220;intolerable la situaci\u00f3 que s&#8217;est\u00e0 vivint al centre ia la localitat derivat de la mala gesti\u00f3 del PSPV i Comprom\u00eds amb menors vulnerables&#8221;.<\/p>\n<p>&#8220;Aix\u00ed mateix, tamb\u00e9 \u00e9s preocupant la situaci\u00f3 de desprotecci\u00f3 i les insalubritat en qu\u00e8 es troben els menors del centre de recepci\u00f3, que dormen en matalassos a terra a causa de la massificaci\u00f3 permanent als quals els sotmet la Generalitat Valenciana. Tot aix\u00f2 ens reafirma a manifestar que la ubicaci\u00f3 a Bu\u00f1ol del centre de menors no \u00e9s adequada per la falta de recursos educatius, infraestructures hospital\u00e0ries i falta de cossos de seguretat de l&#8217;Estat per mantenir una conviv\u00e8ncia ve\u00efnal que el govern local de Bunyol ha perm\u00e8s que es trenqu\u00e9s &#8220;.<\/p>\n<p>&#8220;\u00c9s per aix\u00f2, que les mesures per donar soluci\u00f3 a aquest greu problema no pot esperar m\u00e9s, de manera que els populars de Bunyol iniciarem una campanya de recollida de signatures per portar-les al Consell del socialista Ximo Puig perqu\u00e8 resolgui de forma immediata aquesta situaci\u00f3 que \u00e9s ja insostenible, per poder recuperar la tranquil\u00b7litat del poble de Bunyol que a dia d&#8217;avui s&#8217;ha perdut &#8220;, han finalitzat des del PP bu\u00f1olense.<\/p>\n","protected":false},"excerpt":{"rendered":"<div class=\"mh-excerpt\">El Partit Popular de Bunyol ha iniciat una campanya de recollida de signatures &#8220;perqu\u00e8, davant la incapacitat de l&#8217;actual govern local de donar solucions, el President de la Generalitat, Ximo Puig, i la vicepresidenta, M\u00f3nica <a class=\"mh-excerpt-more\" href=\"https:\/\/tucomarca.whitekongsoftware.com\/ca\/el-pp-de-bunyol-inicia-una-campanya-de-recollida-de-signatures-per-demanar-li-a-puig-i-oltra-que-el-centre-de-menors-de-la-localitat-torne-a-ser-dacollida\/\" title=\"El PP de Bunyol inicia una campanya de recollida de signatures per demanar-li a Puig i Oltra que el centre de menors de la localitat torne a ser d&#8217;acollida\">[+] <\/a><\/div>\n","protected":false},"author":1,"featured_media":73856,"comment_status":"open","ping_status":"open","sticky":false,"template":"","format":"standard","meta":{"footnotes":""},"categories":[10911,10898,10948,10894,10904,10912,10947,10896,10897],"tags":[11193],"class_list":["post-78771","post","type-post","status-publish","format-standard","has-post-thumbnail","category-bunol-ca","category-ventana-ca","category-infraestructuras-ca","category-la-comarca-ca","category-sin-categorizar-ca","category-la-hoya-ca","category-politica","category-seccion-ca","category-sucesos-la-comarca-ca","tag-centro-de-menores-ca"],"_links":{"self":[{"href":"https:\/\/tucomarca.whitekongsoftware.com\/ca\/wp-json\/wp\/v2\/posts\/78771","targetHints":{"allow":["GET"]}}],"collection":[{"href":"https:\/\/tucomarca.whitekongsoftware.com\/ca\/wp-json\/wp\/v2\/posts"}],"about":[{"href":"https:\/\/tucomarca.whitekongsoftware.com\/ca\/wp-json\/wp\/v2\/types\/post"}],"author":[{"embeddable":true,"href":"https:\/\/tucomarca.whitekongsoftware.com\/ca\/wp-json\/wp\/v2\/users\/1"}],"replies":[{"embeddable":true,"href":"https:\/\/tucomarca.whitekongsoftware.com\/ca\/wp-json\/wp\/v2\/comments?post=78771"}],"version-history":[{"count":0,"href":"https:\/\/tucomarca.whitekongsoftware.com\/ca\/wp-json\/wp\/v2\/posts\/78771\/revisions"}],"wp:featuredmedia":[{"embeddable":true,"href":"https:\/\/tucomarca.whitekongsoftware.com\/ca\/wp-json\/wp\/v2\/media\/73856"}],"wp:attachment":[{"href":"https:\/\/tucomarca.whitekongsoftware.com\/ca\/wp-json\/wp\/v2\/media?parent=78771"}],"wp:term":[{"taxonomy":"category","embeddable":true,"href":"https:\/\/tucomarca.whitekongsoftware.com\/ca\/wp-json\/wp\/v2\/categories?post=78771"},{"taxonomy":"post_tag","embeddable":true,"href":"https:\/\/tucomarca.whitekongsoftware.com\/ca\/wp-json\/wp\/v2\/tags?post=78771"}],"curies":[{"name":"wp","href":"https:\/\/api.w.org\/{rel}","templated":true}]}}