{"id":78756,"date":"2018-12-03T23:05:31","date_gmt":"2018-12-03T21:05:31","guid":{"rendered":"http:\/\/www.tucomarca.com\/wordpress\/segunda\/?p=78756"},"modified":"2018-12-03T23:05:31","modified_gmt":"2018-12-03T21:05:31","slug":"jose-munoz-anima-a-la-costera-la-canal-a-tots-a-seguir-treballant-dur-perque-el-partit-socialista-segueixi-sent-el-motor-de-transformacio-de-la-societat","status":"publish","type":"post","link":"https:\/\/tucomarca.whitekongsoftware.com\/ca\/jose-munoz-anima-a-la-costera-la-canal-a-tots-a-seguir-treballant-dur-perque-el-partit-socialista-segueixi-sent-el-motor-de-transformacio-de-la-societat\/","title":{"rendered":"Jos\u00e9 Mu\u00f1oz anima a La Costera-La Canal a tots a &#8220;seguir treballant dur perqu\u00e8 el partit socialista segueixi sent el motor de transformaci\u00f3 de la societat&#8221;"},"content":{"rendered":"<figure id=\"attachment_78737\" aria-describedby=\"caption-attachment-78737\" style=\"width: 542px\" class=\"wp-caption alignleft\"><img loading=\"lazy\" decoding=\"async\" class=\" wp-image-78737\" src=\"http:\/\/www.tucomarca.com\/wordpress\/segunda\/wp-content\/uploads\/2018\/12\/PSOELaCanal01.jpg\" alt=\"El secretario de Organizaci\u00f3n del PSPV-PSOE, Jos\u00e9 Mu\u00f1oz ha participado este fin de semana en el almuerzo comarcal de La Costera-La Canal.\" width=\"542\" height=\"406\" srcset=\"https:\/\/tucomarca.whitekongsoftware.com\/wp-content\/uploads\/2018\/12\/PSOELaCanal01.jpg 4160w, https:\/\/tucomarca.whitekongsoftware.com\/wp-content\/uploads\/2018\/12\/PSOELaCanal01-300x225.jpg 300w, https:\/\/tucomarca.whitekongsoftware.com\/wp-content\/uploads\/2018\/12\/PSOELaCanal01-768x576.jpg 768w, https:\/\/tucomarca.whitekongsoftware.com\/wp-content\/uploads\/2018\/12\/PSOELaCanal01-1024x768.jpg 1024w\" sizes=\"auto, (max-width: 542px) 100vw, 542px\" \/><figcaption id=\"caption-attachment-78737\" class=\"wp-caption-text\">El secretario de Organizaci\u00f3n del PSPV-PSOE, Jos\u00e9 Mu\u00f1oz ha participado este fin de semana en el almuerzo comarcal de La Costera-La Canal.<\/figcaption><\/figure>\n<p>El secretari d&#8217;Organitzaci\u00f3 del PSPV-PSOE, Jos\u00e9 Mu\u00f1oz ha participat aquest cap de setmana al dinar comarcal de La Costera-La Canal que ha tingut lloc a la localitat d&#8217;Enguera on ha posat en valor el &#8220;important esfor\u00e7 que s&#8217;est\u00e0 fent des tots i cadascun dels racons de la Comunitat a trav\u00e9s d&#8217;alcaldes, alcaldesses, regidors i regidores socialistes per convertir aquesta terra en un model d&#8217;\u00e8xit &#8220;, segons ha dit.<\/p>\n<p>&#8220;En aquests tres anys hem aconseguit sortir del fangar de corrupci\u00f3 en qu\u00e8 ens va ficar el PP&#8221; ha denunciat Mu\u00f1oz, &#8220;hem deixat de ser el paradigma de la corrupci\u00f3 per ser el paradigma de la solidaritat, de la igualtat d&#8217;oportunitats, hem posat a les persones en el centre de les pol\u00edtiques del que ens ha convertit en model d&#8217;\u00e8xit &#8220;ha signat.<\/p>\n<p>Aix\u00ed s&#8217;ha referit despr\u00e9s de participar en el dinar i en el posterior Comit\u00e8 Comarcal que s&#8217;ha celebrat a la comarca de La Costera-La Canal i que tamb\u00e9 ha comptat amb les intervencions del secretari comarcal, Roger Cerd\u00e0, la secret\u00e0ria local, Asun Chorques i l&#8217;alcalde de la localitat, Oscar Mart\u00ednez.<\/p>\n<p>Jos\u00e9 Mu\u00f1oz ha recordat que durant aquests tres anys s&#8217;han reparats drets, amb una Sanitat universal i p\u00fablica; eliminat els copagaments; amb un pla de gratu\u00eftat de llibres de text; augmentat les beques universit\u00e0ries; atenent els malalts d&#8217;Hepatitis C, i als dependents. Per\u00f2 a m\u00e9s, tal com ha subratllat, &#8220;s&#8217;ha reconstru\u00eft l&#8217;economia amb la creaci\u00f3 de m\u00e9s de 200.000 llocs de treball; s&#8217;ha incrementat la inversi\u00f3 estrangera; s&#8217;est\u00e0 treballant en la lluita contra la despoblaci\u00f3. Estem renaixent com a poble perqu\u00e8 tenim un govern honest i honrat comprom\u00e8s amb el benestar dels seus ciutadans &#8220;, ha apuntat.<\/p>\n<p>Finalment ha recordat que el partit socialista ha estat &#8220;sempre el motor de transformaci\u00f3 de la societat qui ha garantit la igualtat i per tant l&#8217;esperan\u00e7a de molta gent&#8221;, per tot aix\u00f2 ha reclamat l&#8217;ajuda i el comprom\u00eds de tots per &#8220;guanyar a una dreta sense argument pol\u00edtic i que es recolza en els s\u00edmbols, com a \u00fanica opci\u00f3 mentre el partit socialista sempre estar\u00e0 del costat de les llibertats i la democr\u00e0cia &#8220;.<\/p>\n<p>Per la seva banda, el secretari comarcal, Roger Cerd\u00e0 ha animat a tots els assistents a &#8220;seguir treballant per consolidar el canvi. Feia molts anys que no govern\u00e0vem alhora en tantes institucions com el govern d&#8217;Espanya, la Generalitat, la Diputaci\u00f3 de Val\u00e8ncia i molts ajuntaments de la Comunitat &#8220;, ha recordat alhora que ha instat a tots els assistents a&#8221; ser responsables per seguir sent la for\u00e7a majorit\u00e0ria &#8220;.<\/p>\n<p>Finalment, la secret\u00e0ria general del PSPV a Enguera, Asun Chorques, i Oscar Mart\u00ednez, alcalde de la localitat, han donat la benvinguda i agra\u00eft la pres\u00e8ncia del secretari d&#8217;Organitzaci\u00f3 en el Comit\u00e8 Comarcal i han aprofitat la seva intervenci\u00f3 per posar en valor &#8220;els \u00e8xits que durant aquests anys, gr\u00e0cies als governs socialistes, s&#8217;han assolit a la Comunitat, a la comarca i en gran part dels ajuntaments governats pels socialistes &#8220;.<\/p>\n","protected":false},"excerpt":{"rendered":"<div class=\"mh-excerpt\">El secretari d&#8217;Organitzaci\u00f3 del PSPV-PSOE, Jos\u00e9 Mu\u00f1oz ha participat aquest cap de setmana al dinar comarcal de La Costera-La Canal que ha tingut lloc a la localitat d&#8217;Enguera on ha posat en valor el &#8220;important <a class=\"mh-excerpt-more\" href=\"https:\/\/tucomarca.whitekongsoftware.com\/ca\/jose-munoz-anima-a-la-costera-la-canal-a-tots-a-seguir-treballant-dur-perque-el-partit-socialista-segueixi-sent-el-motor-de-transformacio-de-la-societat\/\" title=\"Jos\u00e9 Mu\u00f1oz anima a La Costera-La Canal a tots a &#8220;seguir treballant dur perqu\u00e8 el partit socialista segueixi sent el motor de transformaci\u00f3 de la societat&#8221;\">[+] <\/a><\/div>\n","protected":false},"author":1,"featured_media":78740,"comment_status":"open","ping_status":"open","sticky":false,"template":"","format":"standard","meta":{"footnotes":""},"categories":[10969,10898,10948,10963,10894,10904,10947,10896],"tags":[11378],"class_list":["post-78756","post","type-post","status-publish","format-standard","has-post-thumbnail","category-enguera-ca","category-ventana-ca","category-infraestructuras-ca","category-la-canal-de-navarres-ca","category-la-comarca-ca","category-sin-categorizar-ca","category-politica","category-seccion-ca","tag-psoe-ca"],"_links":{"self":[{"href":"https:\/\/tucomarca.whitekongsoftware.com\/ca\/wp-json\/wp\/v2\/posts\/78756","targetHints":{"allow":["GET"]}}],"collection":[{"href":"https:\/\/tucomarca.whitekongsoftware.com\/ca\/wp-json\/wp\/v2\/posts"}],"about":[{"href":"https:\/\/tucomarca.whitekongsoftware.com\/ca\/wp-json\/wp\/v2\/types\/post"}],"author":[{"embeddable":true,"href":"https:\/\/tucomarca.whitekongsoftware.com\/ca\/wp-json\/wp\/v2\/users\/1"}],"replies":[{"embeddable":true,"href":"https:\/\/tucomarca.whitekongsoftware.com\/ca\/wp-json\/wp\/v2\/comments?post=78756"}],"version-history":[{"count":0,"href":"https:\/\/tucomarca.whitekongsoftware.com\/ca\/wp-json\/wp\/v2\/posts\/78756\/revisions"}],"wp:featuredmedia":[{"embeddable":true,"href":"https:\/\/tucomarca.whitekongsoftware.com\/ca\/wp-json\/wp\/v2\/media\/78740"}],"wp:attachment":[{"href":"https:\/\/tucomarca.whitekongsoftware.com\/ca\/wp-json\/wp\/v2\/media?parent=78756"}],"wp:term":[{"taxonomy":"category","embeddable":true,"href":"https:\/\/tucomarca.whitekongsoftware.com\/ca\/wp-json\/wp\/v2\/categories?post=78756"},{"taxonomy":"post_tag","embeddable":true,"href":"https:\/\/tucomarca.whitekongsoftware.com\/ca\/wp-json\/wp\/v2\/tags?post=78756"}],"curies":[{"name":"wp","href":"https:\/\/api.w.org\/{rel}","templated":true}]}}