{"id":78552,"date":"2018-11-30T22:32:34","date_gmt":"2018-11-30T20:32:34","guid":{"rendered":"http:\/\/www.tucomarca.com\/wordpress\/segunda\/?p=78552"},"modified":"2018-11-30T22:32:34","modified_gmt":"2018-11-30T20:32:34","slug":"es-constitueix-la-federacio-dassociacions-dempresaris-i-autonoms-de-la-foia","status":"publish","type":"post","link":"https:\/\/tucomarca.whitekongsoftware.com\/ca\/es-constitueix-la-federacio-dassociacions-dempresaris-i-autonoms-de-la-foia\/","title":{"rendered":"Es constitueix la Federaci\u00f3 d&#8217;Associacions d&#8217;Empresaris i Aut\u00f2noms de la Foia"},"content":{"rendered":"<figure id=\"attachment_78549\" aria-describedby=\"caption-attachment-78549\" style=\"width: 427px\" class=\"wp-caption alignleft\"><img loading=\"lazy\" decoding=\"async\" class=\" wp-image-78549\" src=\"http:\/\/www.tucomarca.com\/wordpress\/segunda\/wp-content\/uploads\/2018\/11\/LaHoya.jpg\" alt=\"Los municipios firmantes son Alborache, Bu\u00f1ol, Cheste, Chiva, Tur\u00eds y Y\u00e1tova.\" width=\"427\" height=\"320\" srcset=\"https:\/\/tucomarca.whitekongsoftware.com\/wp-content\/uploads\/2018\/11\/LaHoya.jpg 1024w, https:\/\/tucomarca.whitekongsoftware.com\/wp-content\/uploads\/2018\/11\/LaHoya-300x225.jpg 300w, https:\/\/tucomarca.whitekongsoftware.com\/wp-content\/uploads\/2018\/11\/LaHoya-768x576.jpg 768w\" sizes=\"auto, (max-width: 427px) 100vw, 427px\" \/><figcaption id=\"caption-attachment-78549\" class=\"wp-caption-text\">Els municipis signants s\u00f3n Alborache, Bunyol, Xest, Xiva, Tur\u00eds i Y\u00e1tova.<\/figcaption><\/figure>\n<p>L&#8217;auditori de la Mancomunitat de la Foia de Bunyol-Xiva ha acollit la signatura de constituci\u00f3 de la Federaci\u00f3 d&#8217;Empresaris i Aut\u00f2noms de la Foia. Una alian\u00e7a que neix amb l&#8217;objectiu d&#8217;enfortir i desenvolupar el comer\u00e7 de la comarca i que est\u00e0 integrada per les associacions de l&#8217;empresariat, el comer\u00e7 i el treball aut\u00f2nom dels municipis signants: Alborache, Bunyol, Xest, Xiva, Tur\u00eds i Y\u00e1tova.<\/p>\n<p>En l&#8217;acte van estar presents les alcaldies i regidories de les esmentades localitats, les presid\u00e8ncies de les associacions del teixit empresarial i representants d&#8217;Uni\u00f3 Gremial. Tamb\u00e9 van assistir a l&#8217;esdeveniment Francisco Galarza, president d&#8217;aquesta federaci\u00f3; Natxo Costa, director general de Comer\u00e7 de la Generalitat, Mar\u00eda Jos\u00e9 Mira, secret\u00e0ria auton\u00f2mica de Model Econ\u00f2mic i Finan\u00e7ament; Blanca Mar\u00edn, secret\u00e0ria auton\u00f2mica d&#8217;Economia Sostenible, Sectors Productius i Comer\u00e7; i Jos\u00e9 Morell, alcalde de Xest i president de la Mancomunitat, totes aquestes persones encarregades dels parlaments.<\/p>\n<p>Galarza va proposar l&#8217;\u00fas de la innovaci\u00f3 i la tecnologia com a pedres angulars del projecte. &#8220;Podrem dur a terme campanyes i estrat\u00e8gies comercials en com\u00fa i competir enfront d&#8217;altres models comercials, demostrant el nostre valor, la qualitat del producte i el servei que podem oferir als nostres clients&#8221;.<\/p>\n<p>Costa es va referir al suport de la Generalitat, &#8220;conscienciada en la defensa del petit comer\u00e7, el tradicional, l&#8217;urb\u00e0&#8221;, i va animar la Federaci\u00f3 no nom\u00e9s a sol\u00b7licitar ajuda econ\u00f2mica, sin\u00f3 a l&#8217;hora de gestionar projectes i d&#8217;obtenir informaci\u00f3.<\/p>\n<p>Mira i Mar\u00edn van parlar de la import\u00e0ncia de la generaci\u00f3 de sinergies entre diversos municipis. &#8220;Des de la integraci\u00f3 es guanya for\u00e7a i m\u00e9s oportunitats. Hi ha molta vida darrere dels aparadors, per la seva funci\u00f3 social d&#8217;atendre les necessitats dels seus ciutadans &#8220;.<\/p>\n<p>Morell ha posat \u00e8mfasi en la ferotge compet\u00e8ncia dels centres comercials com a punt de partida per a la recerca de noves vies de mercat. &#8220;Les t\u00e8cniques van avan\u00e7ant a tot el m\u00f3n. Hem de donar resposta als reptes que se&#8217;ns plantegen. Com a administraci\u00f3 p\u00fablica \u00e9s imprescindible tenir un interlocutor com\u00fa com la Federaci\u00f3. Per tot aix\u00f2 avui \u00e9s un dia per felicitar-nos i per estar contents &#8220;.<\/p>\n<p>Despr\u00e9s de la finalitzaci\u00f3 de l&#8217;acte es va obsequiar les persones assistents amb un vi d&#8217;honor, cortesia de la Mancomunitat, en el que van poder compartir impressions i confid\u00e8ncies sobre aquest gran pas per a la comarca a nivell industrial, empresarial, comercial i tur\u00edstic.<\/p>\n","protected":false},"excerpt":{"rendered":"<div class=\"mh-excerpt\">L&#8217;auditori de la Mancomunitat de la Foia de Bunyol-Xiva ha acollit la signatura de constituci\u00f3 de la Federaci\u00f3 d&#8217;Empresaris i Aut\u00f2noms de la Foia. Una alian\u00e7a que neix amb l&#8217;objectiu d&#8217;enfortir i desenvolupar el comer\u00e7 <a class=\"mh-excerpt-more\" href=\"https:\/\/tucomarca.whitekongsoftware.com\/ca\/es-constitueix-la-federacio-dassociacions-dempresaris-i-autonoms-de-la-foia\/\" title=\"Es constitueix la Federaci\u00f3 d&#8217;Associacions d&#8217;Empresaris i Aut\u00f2noms de la Foia\">[+] <\/a><\/div>\n","protected":false},"author":1,"featured_media":78550,"comment_status":"open","ping_status":"open","sticky":false,"template":"","format":"standard","meta":{"footnotes":""},"categories":[10911,10898,10948,10894,10912,10896],"tags":[11108],"class_list":["post-78552","post","type-post","status-publish","format-standard","has-post-thumbnail","category-bunol-ca","category-ventana-ca","category-infraestructuras-ca","category-la-comarca-ca","category-la-hoya-ca","category-seccion-ca","tag-la-foia-de-bunyol-xiva"],"_links":{"self":[{"href":"https:\/\/tucomarca.whitekongsoftware.com\/ca\/wp-json\/wp\/v2\/posts\/78552","targetHints":{"allow":["GET"]}}],"collection":[{"href":"https:\/\/tucomarca.whitekongsoftware.com\/ca\/wp-json\/wp\/v2\/posts"}],"about":[{"href":"https:\/\/tucomarca.whitekongsoftware.com\/ca\/wp-json\/wp\/v2\/types\/post"}],"author":[{"embeddable":true,"href":"https:\/\/tucomarca.whitekongsoftware.com\/ca\/wp-json\/wp\/v2\/users\/1"}],"replies":[{"embeddable":true,"href":"https:\/\/tucomarca.whitekongsoftware.com\/ca\/wp-json\/wp\/v2\/comments?post=78552"}],"version-history":[{"count":0,"href":"https:\/\/tucomarca.whitekongsoftware.com\/ca\/wp-json\/wp\/v2\/posts\/78552\/revisions"}],"wp:featuredmedia":[{"embeddable":true,"href":"https:\/\/tucomarca.whitekongsoftware.com\/ca\/wp-json\/wp\/v2\/media\/78550"}],"wp:attachment":[{"href":"https:\/\/tucomarca.whitekongsoftware.com\/ca\/wp-json\/wp\/v2\/media?parent=78552"}],"wp:term":[{"taxonomy":"category","embeddable":true,"href":"https:\/\/tucomarca.whitekongsoftware.com\/ca\/wp-json\/wp\/v2\/categories?post=78552"},{"taxonomy":"post_tag","embeddable":true,"href":"https:\/\/tucomarca.whitekongsoftware.com\/ca\/wp-json\/wp\/v2\/tags?post=78552"}],"curies":[{"name":"wp","href":"https:\/\/api.w.org\/{rel}","templated":true}]}}