{"id":78222,"date":"2018-11-27T11:02:56","date_gmt":"2018-11-27T09:02:56","guid":{"rendered":"http:\/\/www.tucomarca.com\/wordpress\/segunda\/?p=78222"},"modified":"2018-11-27T11:02:56","modified_gmt":"2018-11-27T09:02:56","slug":"fotogaleria-xest-celebra-el-seu-classica-mitja-marato-gran-premi-reymos","status":"publish","type":"post","link":"https:\/\/tucomarca.whitekongsoftware.com\/ca\/fotogaleria-xest-celebra-el-seu-classica-mitja-marato-gran-premi-reymos\/","title":{"rendered":"Fotogaleria: Xest celebra el seu cl\u00e0ssica Mitja Marat\u00f3 Gran Premi Reymos"},"content":{"rendered":"<figure id=\"attachment_78191\" aria-describedby=\"caption-attachment-78191\" style=\"width: 251px\" class=\"wp-caption alignleft\"><img loading=\"lazy\" decoding=\"async\" class=\" wp-image-78191\" src=\"http:\/\/www.tucomarca.com\/wordpress\/segunda\/wp-content\/uploads\/2018\/11\/MediaMaraton08.jpg\" alt=\"22\u00aa edici\u00f3n de su Media Marat\u00f3n patrocinada por las bodegas locales Reymos.\" width=\"251\" height=\"167\" srcset=\"https:\/\/tucomarca.whitekongsoftware.com\/wp-content\/uploads\/2018\/11\/MediaMaraton08.jpg 5472w, https:\/\/tucomarca.whitekongsoftware.com\/wp-content\/uploads\/2018\/11\/MediaMaraton08-300x200.jpg 300w, https:\/\/tucomarca.whitekongsoftware.com\/wp-content\/uploads\/2018\/11\/MediaMaraton08-768x512.jpg 768w, https:\/\/tucomarca.whitekongsoftware.com\/wp-content\/uploads\/2018\/11\/MediaMaraton08-1024x683.jpg 1024w\" sizes=\"auto, (max-width: 251px) 100vw, 251px\" \/><figcaption id=\"caption-attachment-78191\" class=\"wp-caption-text\">22\u00aa edici\u00f3 del seu Mitja Marat\u00f3 patrocinada pels cellers locals Reymos.<\/figcaption><\/figure>\n<p>Diumenge passat, 25 de novembre, Xest va acollir la 22a edici\u00f3 del seu Mitja Marat\u00f3 patrocinada pels cellers locals Reymos.<\/p>\n<p>&#8220;Aquesta cursa \u00e9s un cl\u00e0ssic conegut en tota la Comunitat Valenciana&#8221;, apuntava Francisco Llorens, regidor d&#8217;esports de l&#8217;Ajuntament de Xest, abans de l&#8217;inici de la cursa. &#8220;Organitzar aquest esdeveniment \u00e9s una gran tasca, per\u00f2 tenim l&#8217;avantatge de comptar amb l&#8217;ajuda de m\u00e9s de cent voluntaris de totes les associacions de Xest i amb un esquema de treball ja assentat, de manera que no deixem res a la improvisaci\u00f3 i aix\u00ed ens assegurem cada any que tot va anar a la perfecci\u00f3 &#8220;.<\/p>\n<p>Tal com apuntava el regidor, en aquesta edici\u00f3 la Cooperativa Xest Agr\u00e0ria &#8220;s&#8217;ha bolcat en la carrera amb motiu del seu centenari, col\u00b7laborant amb la bossa del corredor, les samarretes, el photocall, els premis i amb personal per ajudar&#8221;.<\/p>\n<p>Aix\u00ed des de primera hora del mat\u00ed, voluntaris, organitzadors i col\u00b7laboradors van estar preparant tot mentre anaven arribant els prop de 230 corredors i corredores a la pla\u00e7a Doctor Cajal per recollir els seus dorsals i preparar-se per la prova, que va donar comen\u00e7ament a les 10 en punt.<\/p>\n<p>&#8220;Tenia ganes de participar a la Mitja Marat\u00f3 de Xest, m&#8217;havien parlat molt b\u00e9 d&#8217;ella, aix\u00ed que m&#8217;he decidit a venir des de Castell\u00f3&#8221;, explicava un dels corredors. &#8220;Suposa un bon entrenament per a la marat\u00f3 de Val\u00e8ncia del pr\u00f2xim cap de setmana&#8221;.<\/p>\n<p>Els primers corredors en arribar a meta van ser Rub\u00e9n Mart\u00edn Ferrera, de l&#8217;Tin Massatges, amb un crono de 1:14:49, seguit de Javi Lozano Velasco, de l&#8217;Atletisme Arroyo, amb un temps de 1:18:29 i de Sergio Sant Gabino L\u00f3pez, de CA Urban Running Castell\u00f3, a penes un minut despr\u00e9s, amb 1:19:41. La classificaci\u00f3 femenina va estar encap\u00e7alada per Patricia Lorena Montalvo, de l&#8217;Games Running, seguida per Olga Garc\u00eda Santa Maria 1:37:56, corredora independent, i Marian Munt Iserte, del Delta Val\u00e8ncia CA, amb un corn de 1:38:33.<\/p>\n<p>En finalitzar la cursa els participants van poder gaudir d&#8217;un avituallament amb aigua i fruita. Com a novetat, a m\u00e9s del servei de massatges que ofereix habitualment la cl\u00ednica Tecma, la cl\u00ednica Mar\u00edn, de la localitat, tamb\u00e9 va oferir suport sanitari al corredor i an\u00e0lisi de la petjada.<\/p>\n<p>&#8220;Com sempre, hem apostat per una carrera en qu\u00e8 intentem afavorir molt al corredor popular, pel que crec que al final ha estat molt bona l&#8217;acollida, ja que, a m\u00e9s, s&#8217;han lliurat molts premis&#8221;, explicava Isaac Ll\u00e1cer, un dels coordinadors de la prova. &#8220;Hem repetit recorregut i ha estat molt b\u00e9, tot i que pensem que ens ha perjudicat una mica el temps i el vent, ja que ten\u00edem m\u00e9s corredors inscrits dels que despr\u00e9s han sortit en l\u00ednia de meta&#8221;.<\/p>\n<p>A la finalitzaci\u00f3 de la carrera, es va procedir al lliurament de premis, per part de l&#8217;alcalde de Xest, Jos\u00e9 Morell, el regidor d&#8217;Esports, Francisco Llorens i Vicente Pol i Jes\u00fas Mar\u00edn per part dels cellers Reymos. Aix\u00ed, els tres primers classificats de cadascuna de les nou categories van rebre un lot de productes locals, incloent-hi els vencedors per equips.<\/p>\n<p>El p\u00f2dium per als corredors locals va ser per a Manuel P\u00e9rez Tar\u00edn (1:26:50), Juavi Gil Tar\u00edn (1:33:19) i Juan Carlos Junquero (1:34:13). Per la seva banda, les guanyadores del municipi van ser Carla Lorente Balaguer (1:49:03) i Ainhoa \u200b\u200bM\u00e9s (01:51: 23). En la categoria per equips el guanyador va ser el CA Xest, seguit pel CA Pu\u00e7ol i el Calcheros Runners Team.<\/p>\n<div id='gallery-1' class='gallery galleryid-78222 gallery-columns-3 gallery-size-medium'><figure class='gallery-item'>\n\t\t\t<div class='gallery-icon landscape'>\n\t\t\t\t<a href='https:\/\/tucomarca.whitekongsoftware.com\/ca\/fotogaleria-xest-celebra-el-seu-classica-mitja-marato-gran-premi-reymos\/mediamaraton01-2\/'><img loading=\"lazy\" decoding=\"async\" width=\"300\" height=\"200\" src=\"https:\/\/tucomarca.whitekongsoftware.com\/wp-content\/uploads\/2018\/11\/MediaMaraton01-300x200.jpg\" class=\"attachment-medium size-medium\" alt=\"\" srcset=\"https:\/\/tucomarca.whitekongsoftware.com\/wp-content\/uploads\/2018\/11\/MediaMaraton01-300x200.jpg 300w, https:\/\/tucomarca.whitekongsoftware.com\/wp-content\/uploads\/2018\/11\/MediaMaraton01-768x512.jpg 768w, https:\/\/tucomarca.whitekongsoftware.com\/wp-content\/uploads\/2018\/11\/MediaMaraton01-1024x683.jpg 1024w\" sizes=\"auto, (max-width: 300px) 100vw, 300px\" \/><\/a>\n\t\t\t<\/div><\/figure><figure class='gallery-item'>\n\t\t\t<div class='gallery-icon landscape'>\n\t\t\t\t<a href='https:\/\/tucomarca.whitekongsoftware.com\/ca\/fotogaleria-xest-celebra-el-seu-classica-mitja-marato-gran-premi-reymos\/mediamaraton02-2\/'><img loading=\"lazy\" decoding=\"async\" width=\"300\" height=\"200\" src=\"https:\/\/tucomarca.whitekongsoftware.com\/wp-content\/uploads\/2018\/11\/MediaMaraton02-300x200.jpg\" class=\"attachment-medium size-medium\" alt=\"\" srcset=\"https:\/\/tucomarca.whitekongsoftware.com\/wp-content\/uploads\/2018\/11\/MediaMaraton02-300x200.jpg 300w, https:\/\/tucomarca.whitekongsoftware.com\/wp-content\/uploads\/2018\/11\/MediaMaraton02-768x512.jpg 768w, https:\/\/tucomarca.whitekongsoftware.com\/wp-content\/uploads\/2018\/11\/MediaMaraton02-1024x683.jpg 1024w\" sizes=\"auto, (max-width: 300px) 100vw, 300px\" \/><\/a>\n\t\t\t<\/div><\/figure><figure class='gallery-item'>\n\t\t\t<div class='gallery-icon landscape'>\n\t\t\t\t<a href='https:\/\/tucomarca.whitekongsoftware.com\/ca\/fotogaleria-xest-celebra-el-seu-classica-mitja-marato-gran-premi-reymos\/mediamaraton03-2\/'><img loading=\"lazy\" decoding=\"async\" width=\"300\" height=\"200\" src=\"https:\/\/tucomarca.whitekongsoftware.com\/wp-content\/uploads\/2018\/11\/MediaMaraton03-300x200.jpg\" class=\"attachment-medium size-medium\" alt=\"\" srcset=\"https:\/\/tucomarca.whitekongsoftware.com\/wp-content\/uploads\/2018\/11\/MediaMaraton03-300x200.jpg 300w, https:\/\/tucomarca.whitekongsoftware.com\/wp-content\/uploads\/2018\/11\/MediaMaraton03-768x512.jpg 768w, https:\/\/tucomarca.whitekongsoftware.com\/wp-content\/uploads\/2018\/11\/MediaMaraton03-1024x683.jpg 1024w\" sizes=\"auto, (max-width: 300px) 100vw, 300px\" \/><\/a>\n\t\t\t<\/div><\/figure><figure class='gallery-item'>\n\t\t\t<div class='gallery-icon landscape'>\n\t\t\t\t<a href='https:\/\/tucomarca.whitekongsoftware.com\/ca\/fotogaleria-xest-celebra-el-seu-classica-mitja-marato-gran-premi-reymos\/mediamaraton04-2\/'><img loading=\"lazy\" decoding=\"async\" width=\"300\" height=\"200\" src=\"https:\/\/tucomarca.whitekongsoftware.com\/wp-content\/uploads\/2018\/11\/MediaMaraton04-300x200.jpg\" class=\"attachment-medium size-medium\" alt=\"\" srcset=\"https:\/\/tucomarca.whitekongsoftware.com\/wp-content\/uploads\/2018\/11\/MediaMaraton04-300x200.jpg 300w, https:\/\/tucomarca.whitekongsoftware.com\/wp-content\/uploads\/2018\/11\/MediaMaraton04-768x512.jpg 768w, https:\/\/tucomarca.whitekongsoftware.com\/wp-content\/uploads\/2018\/11\/MediaMaraton04-1024x683.jpg 1024w\" sizes=\"auto, (max-width: 300px) 100vw, 300px\" \/><\/a>\n\t\t\t<\/div><\/figure><figure class='gallery-item'>\n\t\t\t<div class='gallery-icon landscape'>\n\t\t\t\t<a href='https:\/\/tucomarca.whitekongsoftware.com\/ca\/fotogaleria-xest-celebra-el-seu-classica-mitja-marato-gran-premi-reymos\/mediamaraton05-2\/'><img loading=\"lazy\" decoding=\"async\" width=\"300\" height=\"200\" src=\"https:\/\/tucomarca.whitekongsoftware.com\/wp-content\/uploads\/2018\/11\/MediaMaraton05-300x200.jpg\" class=\"attachment-medium size-medium\" alt=\"\" srcset=\"https:\/\/tucomarca.whitekongsoftware.com\/wp-content\/uploads\/2018\/11\/MediaMaraton05-300x200.jpg 300w, https:\/\/tucomarca.whitekongsoftware.com\/wp-content\/uploads\/2018\/11\/MediaMaraton05-768x512.jpg 768w, https:\/\/tucomarca.whitekongsoftware.com\/wp-content\/uploads\/2018\/11\/MediaMaraton05-1024x683.jpg 1024w\" sizes=\"auto, (max-width: 300px) 100vw, 300px\" \/><\/a>\n\t\t\t<\/div><\/figure><figure class='gallery-item'>\n\t\t\t<div class='gallery-icon landscape'>\n\t\t\t\t<a href='https:\/\/tucomarca.whitekongsoftware.com\/ca\/fotogaleria-xest-celebra-el-seu-classica-mitja-marato-gran-premi-reymos\/mediamaraton06-2\/'><img loading=\"lazy\" decoding=\"async\" width=\"300\" height=\"200\" src=\"https:\/\/tucomarca.whitekongsoftware.com\/wp-content\/uploads\/2018\/11\/MediaMaraton06-300x200.jpg\" class=\"attachment-medium size-medium\" alt=\"\" srcset=\"https:\/\/tucomarca.whitekongsoftware.com\/wp-content\/uploads\/2018\/11\/MediaMaraton06-300x200.jpg 300w, https:\/\/tucomarca.whitekongsoftware.com\/wp-content\/uploads\/2018\/11\/MediaMaraton06-768x512.jpg 768w, https:\/\/tucomarca.whitekongsoftware.com\/wp-content\/uploads\/2018\/11\/MediaMaraton06-1024x683.jpg 1024w\" sizes=\"auto, (max-width: 300px) 100vw, 300px\" \/><\/a>\n\t\t\t<\/div><\/figure><figure class='gallery-item'>\n\t\t\t<div class='gallery-icon landscape'>\n\t\t\t\t<a href='https:\/\/tucomarca.whitekongsoftware.com\/ca\/fotogaleria-xest-celebra-el-seu-classica-mitja-marato-gran-premi-reymos\/mediamaraton07-2\/'><img loading=\"lazy\" decoding=\"async\" width=\"300\" height=\"200\" src=\"https:\/\/tucomarca.whitekongsoftware.com\/wp-content\/uploads\/2018\/11\/MediaMaraton07-300x200.jpg\" class=\"attachment-medium size-medium\" alt=\"\" srcset=\"https:\/\/tucomarca.whitekongsoftware.com\/wp-content\/uploads\/2018\/11\/MediaMaraton07-300x200.jpg 300w, https:\/\/tucomarca.whitekongsoftware.com\/wp-content\/uploads\/2018\/11\/MediaMaraton07-768x512.jpg 768w, https:\/\/tucomarca.whitekongsoftware.com\/wp-content\/uploads\/2018\/11\/MediaMaraton07-1024x683.jpg 1024w\" sizes=\"auto, (max-width: 300px) 100vw, 300px\" \/><\/a>\n\t\t\t<\/div><\/figure><figure class='gallery-item'>\n\t\t\t<div class='gallery-icon landscape'>\n\t\t\t\t<a href='https:\/\/tucomarca.whitekongsoftware.com\/ca\/fotogaleria-xest-celebra-el-seu-classica-mitja-marato-gran-premi-reymos\/mediamaraton08-2-2\/'><img loading=\"lazy\" decoding=\"async\" width=\"300\" height=\"200\" src=\"https:\/\/tucomarca.whitekongsoftware.com\/wp-content\/uploads\/2018\/11\/MediaMaraton08-1-300x200.jpg\" class=\"attachment-medium size-medium\" alt=\"\" srcset=\"https:\/\/tucomarca.whitekongsoftware.com\/wp-content\/uploads\/2018\/11\/MediaMaraton08-1-300x200.jpg 300w, https:\/\/tucomarca.whitekongsoftware.com\/wp-content\/uploads\/2018\/11\/MediaMaraton08-1-768x512.jpg 768w, https:\/\/tucomarca.whitekongsoftware.com\/wp-content\/uploads\/2018\/11\/MediaMaraton08-1-1024x683.jpg 1024w\" sizes=\"auto, (max-width: 300px) 100vw, 300px\" \/><\/a>\n\t\t\t<\/div><\/figure><figure class='gallery-item'>\n\t\t\t<div class='gallery-icon landscape'>\n\t\t\t\t<a href='https:\/\/tucomarca.whitekongsoftware.com\/ca\/fotogaleria-xest-celebra-el-seu-classica-mitja-marato-gran-premi-reymos\/mediamaraton09-2\/'><img loading=\"lazy\" decoding=\"async\" width=\"300\" height=\"200\" src=\"https:\/\/tucomarca.whitekongsoftware.com\/wp-content\/uploads\/2018\/11\/MediaMaraton09-300x200.jpg\" class=\"attachment-medium size-medium\" alt=\"\" srcset=\"https:\/\/tucomarca.whitekongsoftware.com\/wp-content\/uploads\/2018\/11\/MediaMaraton09-300x200.jpg 300w, https:\/\/tucomarca.whitekongsoftware.com\/wp-content\/uploads\/2018\/11\/MediaMaraton09-768x512.jpg 768w, https:\/\/tucomarca.whitekongsoftware.com\/wp-content\/uploads\/2018\/11\/MediaMaraton09-1024x683.jpg 1024w\" sizes=\"auto, (max-width: 300px) 100vw, 300px\" \/><\/a>\n\t\t\t<\/div><\/figure><figure class='gallery-item'>\n\t\t\t<div class='gallery-icon landscape'>\n\t\t\t\t<a href='https:\/\/tucomarca.whitekongsoftware.com\/ca\/fotogaleria-xest-celebra-el-seu-classica-mitja-marato-gran-premi-reymos\/mediamaraton10-2\/'><img loading=\"lazy\" decoding=\"async\" width=\"300\" height=\"200\" src=\"https:\/\/tucomarca.whitekongsoftware.com\/wp-content\/uploads\/2018\/11\/MediaMaraton10-300x200.jpg\" class=\"attachment-medium size-medium\" alt=\"\" srcset=\"https:\/\/tucomarca.whitekongsoftware.com\/wp-content\/uploads\/2018\/11\/MediaMaraton10-300x200.jpg 300w, https:\/\/tucomarca.whitekongsoftware.com\/wp-content\/uploads\/2018\/11\/MediaMaraton10-768x512.jpg 768w, https:\/\/tucomarca.whitekongsoftware.com\/wp-content\/uploads\/2018\/11\/MediaMaraton10-1024x683.jpg 1024w\" sizes=\"auto, (max-width: 300px) 100vw, 300px\" \/><\/a>\n\t\t\t<\/div><\/figure><figure class='gallery-item'>\n\t\t\t<div class='gallery-icon landscape'>\n\t\t\t\t<a href='https:\/\/tucomarca.whitekongsoftware.com\/ca\/fotogaleria-xest-celebra-el-seu-classica-mitja-marato-gran-premi-reymos\/mediamaraton11-2\/'><img loading=\"lazy\" decoding=\"async\" width=\"300\" height=\"200\" src=\"https:\/\/tucomarca.whitekongsoftware.com\/wp-content\/uploads\/2018\/11\/MediaMaraton11-300x200.jpg\" class=\"attachment-medium size-medium\" alt=\"\" srcset=\"https:\/\/tucomarca.whitekongsoftware.com\/wp-content\/uploads\/2018\/11\/MediaMaraton11-300x200.jpg 300w, https:\/\/tucomarca.whitekongsoftware.com\/wp-content\/uploads\/2018\/11\/MediaMaraton11-768x512.jpg 768w, https:\/\/tucomarca.whitekongsoftware.com\/wp-content\/uploads\/2018\/11\/MediaMaraton11-1024x683.jpg 1024w\" sizes=\"auto, (max-width: 300px) 100vw, 300px\" \/><\/a>\n\t\t\t<\/div><\/figure><figure class='gallery-item'>\n\t\t\t<div class='gallery-icon landscape'>\n\t\t\t\t<a href='https:\/\/tucomarca.whitekongsoftware.com\/ca\/fotogaleria-xest-celebra-el-seu-classica-mitja-marato-gran-premi-reymos\/mediamaraton12-2\/'><img loading=\"lazy\" decoding=\"async\" width=\"300\" height=\"200\" src=\"https:\/\/tucomarca.whitekongsoftware.com\/wp-content\/uploads\/2018\/11\/MediaMaraton12-300x200.jpg\" class=\"attachment-medium size-medium\" alt=\"\" srcset=\"https:\/\/tucomarca.whitekongsoftware.com\/wp-content\/uploads\/2018\/11\/MediaMaraton12-300x200.jpg 300w, https:\/\/tucomarca.whitekongsoftware.com\/wp-content\/uploads\/2018\/11\/MediaMaraton12-768x512.jpg 768w, https:\/\/tucomarca.whitekongsoftware.com\/wp-content\/uploads\/2018\/11\/MediaMaraton12-1024x683.jpg 1024w\" sizes=\"auto, (max-width: 300px) 100vw, 300px\" \/><\/a>\n\t\t\t<\/div><\/figure><figure class='gallery-item'>\n\t\t\t<div class='gallery-icon landscape'>\n\t\t\t\t<a href='https:\/\/tucomarca.whitekongsoftware.com\/ca\/fotogaleria-xest-celebra-el-seu-classica-mitja-marato-gran-premi-reymos\/mediamaraton13-2\/'><img loading=\"lazy\" decoding=\"async\" width=\"300\" height=\"200\" src=\"https:\/\/tucomarca.whitekongsoftware.com\/wp-content\/uploads\/2018\/11\/MediaMaraton13-300x200.jpg\" class=\"attachment-medium size-medium\" alt=\"\" srcset=\"https:\/\/tucomarca.whitekongsoftware.com\/wp-content\/uploads\/2018\/11\/MediaMaraton13-300x200.jpg 300w, https:\/\/tucomarca.whitekongsoftware.com\/wp-content\/uploads\/2018\/11\/MediaMaraton13-768x512.jpg 768w, https:\/\/tucomarca.whitekongsoftware.com\/wp-content\/uploads\/2018\/11\/MediaMaraton13-1024x683.jpg 1024w\" sizes=\"auto, (max-width: 300px) 100vw, 300px\" \/><\/a>\n\t\t\t<\/div><\/figure><figure class='gallery-item'>\n\t\t\t<div class='gallery-icon landscape'>\n\t\t\t\t<a href='https:\/\/tucomarca.whitekongsoftware.com\/ca\/fotogaleria-xest-celebra-el-seu-classica-mitja-marato-gran-premi-reymos\/mediamaraton14-2\/'><img loading=\"lazy\" decoding=\"async\" width=\"300\" height=\"200\" src=\"https:\/\/tucomarca.whitekongsoftware.com\/wp-content\/uploads\/2018\/11\/MediaMaraton14-300x200.jpg\" class=\"attachment-medium size-medium\" alt=\"\" srcset=\"https:\/\/tucomarca.whitekongsoftware.com\/wp-content\/uploads\/2018\/11\/MediaMaraton14-300x200.jpg 300w, https:\/\/tucomarca.whitekongsoftware.com\/wp-content\/uploads\/2018\/11\/MediaMaraton14-768x512.jpg 768w, https:\/\/tucomarca.whitekongsoftware.com\/wp-content\/uploads\/2018\/11\/MediaMaraton14-1024x683.jpg 1024w\" sizes=\"auto, (max-width: 300px) 100vw, 300px\" \/><\/a>\n\t\t\t<\/div><\/figure>\n\t\t<\/div>\n\n","protected":false},"excerpt":{"rendered":"<div class=\"mh-excerpt\">Diumenge passat, 25 de novembre, Xest va acollir la 22a edici\u00f3 del seu Mitja Marat\u00f3 patrocinada pels cellers locals Reymos. &#8220;Aquesta cursa \u00e9s un cl\u00e0ssic conegut en tota la Comunitat Valenciana&#8221;, apuntava Francisco Llorens, regidor <a class=\"mh-excerpt-more\" href=\"https:\/\/tucomarca.whitekongsoftware.com\/ca\/fotogaleria-xest-celebra-el-seu-classica-mitja-marato-gran-premi-reymos\/\" title=\"Fotogaleria: Xest celebra el seu cl\u00e0ssica Mitja Marat\u00f3 Gran Premi Reymos\">[+] <\/a><\/div>\n","protected":false},"author":2,"featured_media":78192,"comment_status":"open","ping_status":"open","sticky":false,"template":"","format":"standard","meta":{"footnotes":""},"categories":[11018,11003,10898,10912,10896,10974],"tags":[11108,11241],"class_list":["post-78222","post","type-post","status-publish","format-standard","has-post-thumbnail","category-atletisme","category-sports","category-ventana-ca","category-la-hoya-ca","category-seccion-ca","category-cheste-ca","tag-la-foia-de-bunyol-xiva","tag-reymos-ca"],"_links":{"self":[{"href":"https:\/\/tucomarca.whitekongsoftware.com\/ca\/wp-json\/wp\/v2\/posts\/78222","targetHints":{"allow":["GET"]}}],"collection":[{"href":"https:\/\/tucomarca.whitekongsoftware.com\/ca\/wp-json\/wp\/v2\/posts"}],"about":[{"href":"https:\/\/tucomarca.whitekongsoftware.com\/ca\/wp-json\/wp\/v2\/types\/post"}],"author":[{"embeddable":true,"href":"https:\/\/tucomarca.whitekongsoftware.com\/ca\/wp-json\/wp\/v2\/users\/2"}],"replies":[{"embeddable":true,"href":"https:\/\/tucomarca.whitekongsoftware.com\/ca\/wp-json\/wp\/v2\/comments?post=78222"}],"version-history":[{"count":0,"href":"https:\/\/tucomarca.whitekongsoftware.com\/ca\/wp-json\/wp\/v2\/posts\/78222\/revisions"}],"wp:featuredmedia":[{"embeddable":true,"href":"https:\/\/tucomarca.whitekongsoftware.com\/ca\/wp-json\/wp\/v2\/media\/78192"}],"wp:attachment":[{"href":"https:\/\/tucomarca.whitekongsoftware.com\/ca\/wp-json\/wp\/v2\/media?parent=78222"}],"wp:term":[{"taxonomy":"category","embeddable":true,"href":"https:\/\/tucomarca.whitekongsoftware.com\/ca\/wp-json\/wp\/v2\/categories?post=78222"},{"taxonomy":"post_tag","embeddable":true,"href":"https:\/\/tucomarca.whitekongsoftware.com\/ca\/wp-json\/wp\/v2\/tags?post=78222"}],"curies":[{"name":"wp","href":"https:\/\/api.w.org\/{rel}","templated":true}]}}