{"id":78033,"date":"2018-11-21T15:02:13","date_gmt":"2018-11-21T13:02:13","guid":{"rendered":"http:\/\/www.tucomarca.com\/wordpress\/segunda\/?p=78033"},"modified":"2018-11-21T15:02:13","modified_gmt":"2018-11-21T13:02:13","slug":"veins-i-veines-de-requena-visiten-la-diputacio-de-valencia-acompanyats-per-lalcalde-de-la-localitat-mario-sanchez","status":"publish","type":"post","link":"https:\/\/tucomarca.whitekongsoftware.com\/ca\/veins-i-veines-de-requena-visiten-la-diputacio-de-valencia-acompanyats-per-lalcalde-de-la-localitat-mario-sanchez\/","title":{"rendered":"Ve\u00efns i ve\u00efnes de Requena visiten la Diputaci\u00f3 de Val\u00e8ncia acompanyats per l&#8217;alcalde de la localitat, Mario S\u00e1nchez"},"content":{"rendered":"<figure id=\"attachment_78034\" aria-describedby=\"caption-attachment-78034\" style=\"width: 698px\" class=\"wp-caption alignnone\"><img loading=\"lazy\" decoding=\"async\" class=\" wp-image-78034\" src=\"http:\/\/www.tucomarca.com\/wordpress\/segunda\/wp-content\/uploads\/2018\/11\/RequenaDipu.jpg\" alt=\"Vecinos y vecinas de Requena en la Diputaci\u00f3 de Val\u00e8ncia.\" width=\"698\" height=\"465\" srcset=\"https:\/\/tucomarca.whitekongsoftware.com\/wp-content\/uploads\/2018\/11\/RequenaDipu.jpg 3184w, https:\/\/tucomarca.whitekongsoftware.com\/wp-content\/uploads\/2018\/11\/RequenaDipu-300x200.jpg 300w, https:\/\/tucomarca.whitekongsoftware.com\/wp-content\/uploads\/2018\/11\/RequenaDipu-768x511.jpg 768w, https:\/\/tucomarca.whitekongsoftware.com\/wp-content\/uploads\/2018\/11\/RequenaDipu-1024x682.jpg 1024w\" sizes=\"auto, (max-width: 698px) 100vw, 698px\" \/><figcaption id=\"caption-attachment-78034\" class=\"wp-caption-text\">Ve\u00efns i ve\u00efnes de Requena a la Diputaci\u00f3 de Val\u00e8ncia.<\/figcaption><\/figure>\n<p>Els ve\u00efns i ve\u00efnes de Requena, acompanyats per l&#8217;alcalde de la localitat, Mario S\u00e1nchez, han visitat les instal\u00b7lacions de la Diputaci\u00f3 de Val\u00e8ncia.<\/p>\n<p>El diputat de Projectes Europeus, Bartolom\u00e9 Nofuentes, els ha acompanyat al llarg de la visita guiada i, en un moment de la mateixa, el president de la Diputaci\u00f3, Toni Gaspar, i el diputat de Patrimoni, Pepe Ruiz, han aprofitat per donar la benvinguda a la gent de Requena.<\/p>\n","protected":false},"excerpt":{"rendered":"<div class=\"mh-excerpt\">Els ve\u00efns i ve\u00efnes de Requena, acompanyats per l&#8217;alcalde de la localitat, Mario S\u00e1nchez, han visitat les instal\u00b7lacions de la Diputaci\u00f3 de Val\u00e8ncia. El diputat de Projectes Europeus, Bartolom\u00e9 Nofuentes, els ha acompanyat al llarg <a class=\"mh-excerpt-more\" href=\"https:\/\/tucomarca.whitekongsoftware.com\/ca\/veins-i-veines-de-requena-visiten-la-diputacio-de-valencia-acompanyats-per-lalcalde-de-la-localitat-mario-sanchez\/\" title=\"Ve\u00efns i ve\u00efnes de Requena visiten la Diputaci\u00f3 de Val\u00e8ncia acompanyats per l&#8217;alcalde de la localitat, Mario S\u00e1nchez\">[+] <\/a><\/div>\n","protected":false},"author":1,"featured_media":78034,"comment_status":"open","ping_status":"open","sticky":false,"template":"","format":"standard","meta":{"footnotes":""},"categories":[10894,11004,11008,10908,10909,10896],"tags":[10910],"class_list":["post-78033","post","type-post","status-publish","format-standard","has-post-thumbnail","category-la-comarca-ca","category-la-semana-en-imagenes-ca","category-pueblos-en-fiestas-ca","category-requena-ca","category-requena-utiel-ca","category-seccion-ca","tag-requena-utiel-ca"],"_links":{"self":[{"href":"https:\/\/tucomarca.whitekongsoftware.com\/ca\/wp-json\/wp\/v2\/posts\/78033","targetHints":{"allow":["GET"]}}],"collection":[{"href":"https:\/\/tucomarca.whitekongsoftware.com\/ca\/wp-json\/wp\/v2\/posts"}],"about":[{"href":"https:\/\/tucomarca.whitekongsoftware.com\/ca\/wp-json\/wp\/v2\/types\/post"}],"author":[{"embeddable":true,"href":"https:\/\/tucomarca.whitekongsoftware.com\/ca\/wp-json\/wp\/v2\/users\/1"}],"replies":[{"embeddable":true,"href":"https:\/\/tucomarca.whitekongsoftware.com\/ca\/wp-json\/wp\/v2\/comments?post=78033"}],"version-history":[{"count":0,"href":"https:\/\/tucomarca.whitekongsoftware.com\/ca\/wp-json\/wp\/v2\/posts\/78033\/revisions"}],"wp:featuredmedia":[{"embeddable":true,"href":"https:\/\/tucomarca.whitekongsoftware.com\/ca\/wp-json\/wp\/v2\/media\/78034"}],"wp:attachment":[{"href":"https:\/\/tucomarca.whitekongsoftware.com\/ca\/wp-json\/wp\/v2\/media?parent=78033"}],"wp:term":[{"taxonomy":"category","embeddable":true,"href":"https:\/\/tucomarca.whitekongsoftware.com\/ca\/wp-json\/wp\/v2\/categories?post=78033"},{"taxonomy":"post_tag","embeddable":true,"href":"https:\/\/tucomarca.whitekongsoftware.com\/ca\/wp-json\/wp\/v2\/tags?post=78033"}],"curies":[{"name":"wp","href":"https:\/\/api.w.org\/{rel}","templated":true}]}}