{"id":78009,"date":"2018-11-21T14:45:28","date_gmt":"2018-11-21T12:45:28","guid":{"rendered":"http:\/\/www.tucomarca.com\/wordpress\/segunda\/?p=78009"},"modified":"2018-11-21T14:45:28","modified_gmt":"2018-11-21T12:45:28","slug":"el-ceip-cervantes-de-bunyol-entrega-a-la-casa-ronald-mcdonald-de-valencia-la-recaptacio-del-rastell-i-marato-solidaria","status":"publish","type":"post","link":"https:\/\/tucomarca.whitekongsoftware.com\/ca\/el-ceip-cervantes-de-bunyol-entrega-a-la-casa-ronald-mcdonald-de-valencia-la-recaptacio-del-rastell-i-marato-solidaria\/","title":{"rendered":"El CEIP Cervantes de Bunyol entrega a la casa Ronald McDonald de Val\u00e8ncia la recaptaci\u00f3 del rastell i marat\u00f3 solid\u00e0ria"},"content":{"rendered":"<figure id=\"attachment_78004\" aria-describedby=\"caption-attachment-78004\" style=\"width: 305px\" class=\"wp-caption alignleft\"><img loading=\"lazy\" decoding=\"async\" class=\" wp-image-78004\" src=\"http:\/\/www.tucomarca.com\/wordpress\/segunda\/wp-content\/uploads\/2018\/11\/cervantes_ronald1.jpg\" alt=\"Momento de la entrega en la casa Ronald McDonald de Valencia.\" width=\"305\" height=\"228\" srcset=\"https:\/\/tucomarca.whitekongsoftware.com\/wp-content\/uploads\/2018\/11\/cervantes_ronald1.jpg 1024w, https:\/\/tucomarca.whitekongsoftware.com\/wp-content\/uploads\/2018\/11\/cervantes_ronald1-300x225.jpg 300w, https:\/\/tucomarca.whitekongsoftware.com\/wp-content\/uploads\/2018\/11\/cervantes_ronald1-768x576.jpg 768w\" sizes=\"auto, (max-width: 305px) 100vw, 305px\" \/><figcaption id=\"caption-attachment-78004\" class=\"wp-caption-text\">Moment de l&#8217;entrega en la casa Ronald McDonald de Val\u00e8ncia.<\/figcaption><\/figure>\n<p>El CEIP Cervantes de Bu\u00f1ol va fer entrega divendres passat a la casa Ronald McDonald de Val\u00e8ncia de la recaptaci\u00f3 del curs passat del rastell i marat\u00f3 solid\u00e0ria. La casa Ronald McDonald acull fam\u00edlies els xiquets i xiquetes de la qual estan en tractament medique o hospitalitzar-vos i residixen a m\u00e9s de 50 km de l&#8217;hospital.<\/p>\n<p>Segons paraules de Silvia Guinda, directora del centre escolar \u00abDurante el curs passat el nostre alumnat, va con\u00e9ixer el projecte i va visitar la casa per a aprendre de primera m\u00e0 la seua labor. Una experi\u00e8ncia que segur no oblidaran els nostres xiquets i xiquetes ni els adults que els acompa\u00f1\u00e1bamos\u00bb.<\/p>\n<p><img loading=\"lazy\" decoding=\"async\" class=\"alignleft wp-image-78006\" src=\"http:\/\/www.tucomarca.com\/wordpress\/segunda\/wp-content\/uploads\/2018\/11\/cervantes_ronald2.jpg\" alt=\"\" width=\"307\" height=\"230\" srcset=\"https:\/\/tucomarca.whitekongsoftware.com\/wp-content\/uploads\/2018\/11\/cervantes_ronald2.jpg 691w, https:\/\/tucomarca.whitekongsoftware.com\/wp-content\/uploads\/2018\/11\/cervantes_ronald2-300x225.jpg 300w\" sizes=\"auto, (max-width: 307px) 100vw, 307px\" \/><\/p>\n","protected":false},"excerpt":{"rendered":"<div class=\"mh-excerpt\">El CEIP Cervantes de Bu\u00f1ol va fer entrega divendres passat a la casa Ronald McDonald de Val\u00e8ncia de la recaptaci\u00f3 del curs passat del rastell i marat\u00f3 solid\u00e0ria. La casa Ronald McDonald acull fam\u00edlies els <a class=\"mh-excerpt-more\" href=\"https:\/\/tucomarca.whitekongsoftware.com\/ca\/el-ceip-cervantes-de-bunyol-entrega-a-la-casa-ronald-mcdonald-de-valencia-la-recaptacio-del-rastell-i-marato-solidaria\/\" title=\"El CEIP Cervantes de Bunyol entrega a la casa Ronald McDonald de Val\u00e8ncia la recaptaci\u00f3 del rastell i marat\u00f3 solid\u00e0ria\">[+] <\/a><\/div>\n","protected":false},"author":2,"featured_media":78005,"comment_status":"open","ping_status":"open","sticky":false,"template":"","format":"standard","meta":{"footnotes":""},"categories":[10911,10894,10912,10896],"tags":[11314,11368,11369],"class_list":["post-78009","post","type-post","status-publish","format-standard","has-post-thumbnail","category-bunol-ca","category-la-comarca-ca","category-la-hoya-ca","category-seccion-ca","tag-bunyol-ca","tag-casa-ronald-mcdonald-de-valencia-ca","tag-ceip-cervantes-de-bunol-ca"],"_links":{"self":[{"href":"https:\/\/tucomarca.whitekongsoftware.com\/ca\/wp-json\/wp\/v2\/posts\/78009","targetHints":{"allow":["GET"]}}],"collection":[{"href":"https:\/\/tucomarca.whitekongsoftware.com\/ca\/wp-json\/wp\/v2\/posts"}],"about":[{"href":"https:\/\/tucomarca.whitekongsoftware.com\/ca\/wp-json\/wp\/v2\/types\/post"}],"author":[{"embeddable":true,"href":"https:\/\/tucomarca.whitekongsoftware.com\/ca\/wp-json\/wp\/v2\/users\/2"}],"replies":[{"embeddable":true,"href":"https:\/\/tucomarca.whitekongsoftware.com\/ca\/wp-json\/wp\/v2\/comments?post=78009"}],"version-history":[{"count":0,"href":"https:\/\/tucomarca.whitekongsoftware.com\/ca\/wp-json\/wp\/v2\/posts\/78009\/revisions"}],"wp:featuredmedia":[{"embeddable":true,"href":"https:\/\/tucomarca.whitekongsoftware.com\/ca\/wp-json\/wp\/v2\/media\/78005"}],"wp:attachment":[{"href":"https:\/\/tucomarca.whitekongsoftware.com\/ca\/wp-json\/wp\/v2\/media?parent=78009"}],"wp:term":[{"taxonomy":"category","embeddable":true,"href":"https:\/\/tucomarca.whitekongsoftware.com\/ca\/wp-json\/wp\/v2\/categories?post=78009"},{"taxonomy":"post_tag","embeddable":true,"href":"https:\/\/tucomarca.whitekongsoftware.com\/ca\/wp-json\/wp\/v2\/tags?post=78009"}],"curies":[{"name":"wp","href":"https:\/\/api.w.org\/{rel}","templated":true}]}}