{"id":77882,"date":"2018-11-18T19:52:09","date_gmt":"2018-11-18T17:52:09","guid":{"rendered":"http:\/\/www.tucomarca.com\/wordpress\/segunda\/?p=77882"},"modified":"2018-11-18T19:52:09","modified_gmt":"2018-11-18T17:52:09","slug":"puig-estem-treballant-per-augmentar-el-rendiment-del-circuit-que-es-una-manera-de-tornar-a-la-societat-valenciana-tot-el-que-inverteix","status":"publish","type":"post","link":"https:\/\/tucomarca.whitekongsoftware.com\/ca\/puig-estem-treballant-per-augmentar-el-rendiment-del-circuit-que-es-una-manera-de-tornar-a-la-societat-valenciana-tot-el-que-inverteix\/","title":{"rendered":"Puig: &#8216;Estem treballant per augmentar el rendiment del circuit, que \u00e9s una manera de tornar a la societat valenciana tot el que inverteix&#8217;"},"content":{"rendered":"<figure id=\"attachment_77878\" aria-describedby=\"caption-attachment-77878\" style=\"width: 548px\" class=\"wp-caption alignleft\"><img loading=\"lazy\" decoding=\"async\" class=\" wp-image-77878\" src=\"http:\/\/www.tucomarca.com\/wordpress\/segunda\/wp-content\/uploads\/2018\/11\/XPuigGPCheste18.jpg\" alt=\"El president de la Generalitat ha visitado el Circuito Ricardo Tormo y ha mostrado la predisposici\u00f3n del Consell a dar continuidad a la prueba en las instalaciones de Cheste m\u00e1s all\u00e1 de 2021.\" width=\"548\" height=\"365\" srcset=\"https:\/\/tucomarca.whitekongsoftware.com\/wp-content\/uploads\/2018\/11\/XPuigGPCheste18.jpg 4737w, https:\/\/tucomarca.whitekongsoftware.com\/wp-content\/uploads\/2018\/11\/XPuigGPCheste18-300x200.jpg 300w, https:\/\/tucomarca.whitekongsoftware.com\/wp-content\/uploads\/2018\/11\/XPuigGPCheste18-768x512.jpg 768w, https:\/\/tucomarca.whitekongsoftware.com\/wp-content\/uploads\/2018\/11\/XPuigGPCheste18-1024x683.jpg 1024w\" sizes=\"auto, (max-width: 548px) 100vw, 548px\" \/><figcaption id=\"caption-attachment-77878\" class=\"wp-caption-text\">El president de la Generalitat ha visitat el Circuit Ricardo Tormo i ha mostrat la predisposici\u00f3 del Consell a donar continu\u00eftat a la prova a les instal\u00b7lacions de Xest m\u00e9s enll\u00e0 de 2021.<\/figcaption><\/figure>\n<p>El president de la Generalitat, Ximo Puig, ha assegurat que el Consell est\u00e0 treballant en el Circuit Ricardo Tormo &#8220;per millorar cada vegada m\u00e9s les prestacions, augmentant la capacitat, i, en definitiva, augmentar tamb\u00e9 el rendiment que \u00e9s una manera de tornar a la societat valenciana tot el que inverteix&#8221;.<\/p>\n<p>Aix\u00ed ho ha manifestat el cap del Consell durant la seva visita a les instal\u00b7lacions de Xest amb motiu del Gran Premi Motul de Motociclisme de la Comunitat Valenciana, on ha destacat la massiva pres\u00e8ncia d&#8217;aficionats, malgrat unes condicions climatol\u00f2giques adverses que, a m\u00e9s, han obligat a interrompre uns minuts la cursa de Moto GP. &#8220;L&#8217;afici\u00f3 al motociclisme \u00e9s una afici\u00f3 que est\u00e0 per sobre de qualsevol frontera climatol\u00f2gica&#8221;, ha incidit el president.<\/p>\n<p>En aquest sentit, Puig ha agra\u00eft la col\u00b7laboraci\u00f3 de les forces de seguretat, cossos d&#8217;emerg\u00e8ncies, Ajuntament i institucions &#8220;que han treballat perqu\u00e8 els ciutadans hagin arribat i estiguin en les millors condicions possibles&#8221;, ja que les pluges recents han obligat a modificar els dispositius d&#8217;acc\u00e9s per garantir la seguretat.<\/p>\n<p>De la mateixa manera, el president ha agra\u00eft la pres\u00e8ncia de la secret\u00e0ria d&#8217;Estat, Mar\u00eda Jos\u00e9 Rienda que, segons ha afirmat, &#8220;ve a subratllar la import\u00e0ncia que t\u00e9 aquesta competici\u00f3 i tamb\u00e9 la pr\u00f2pia resid\u00e8ncia a la Comunitat&#8221;.<\/p>\n<p>Pel que fa al futur de la prova en terres valencianes, Puig s&#8217;ha mostrat &#8220;conven\u00e7ut&#8221; que s&#8217;arribar\u00e0 a un acord amb Dorna per a la celebraci\u00f3 del Gran Premi Motul de la Comunitat Valenciana m\u00e9s enll\u00e0 de 2021. &#8220;Aquest Consell ha tingut clara la vocaci\u00f3 de perman\u00e8ncia del Gran Premi al Circuit de Xest i en aquest sentit continuarem &#8220;, ha afirmat Puig, que ha destacat que la prova&#8221; \u00e9s un dels esdeveniments amb m\u00e9s rendiment econ\u00f2mic, i social i d&#8217;imatge per a la Comunitat &#8220;.<\/p>\n<p><strong>Homenatge a Salvador Gasc\u00f3n<\/strong><\/p>\n<p>El president de la Generalitat ha participat, a m\u00e9s, en l&#8217;homenatge en mem\u00f2ria de Salvador Gasc\u00f3n, expresident de la Federaci\u00f3 de Motociclisme de la Comunitat Valenciana, que ha qualificat com &#8220;una persona arrelada a la nostra cultura en tots els aspectes&#8221;.<\/p>\n<p>Abans de la sortida de la cursa de Moto GP, Puig ha fet entrega d&#8217;una placa commemorativa al fill i la viuda de Gasc\u00f3n, a qu\u00e8 ha dedicat unes emotives paraules. &#8220;Per a nosaltres el circuit i, en certa mesura, aquesta competici\u00f3 sempre estaran lligats a la mem\u00f2ria de Salvador Gasc\u00f3n, que va fer molt\u00edssim perqu\u00e8 exist\u00eds aquest mateix circuit. Per a nosaltres \u00e9s un dia d&#8217;emoci\u00f3, compartida amb el m\u00f3n del motor, perqu\u00e8 ell sempre va ser una refer\u00e8ncia fonamental del motociclisme valenci\u00e0 i ho continuar\u00e0 sent amb el seu exemple &#8220;.<\/p>\n","protected":false},"excerpt":{"rendered":"<div class=\"mh-excerpt\">El president de la Generalitat, Ximo Puig, ha assegurat que el Consell est\u00e0 treballant en el Circuit Ricardo Tormo &#8220;per millorar cada vegada m\u00e9s les prestacions, augmentant la capacitat, i, en definitiva, augmentar tamb\u00e9 el <a class=\"mh-excerpt-more\" href=\"https:\/\/tucomarca.whitekongsoftware.com\/ca\/puig-estem-treballant-per-augmentar-el-rendiment-del-circuit-que-es-una-manera-de-tornar-a-la-societat-valenciana-tot-el-que-inverteix\/\" title=\"Puig: &#8216;Estem treballant per augmentar el rendiment del circuit, que \u00e9s una manera de tornar a la societat valenciana tot el que inverteix&#8217;\">[+] <\/a><\/div>\n","protected":false},"author":1,"featured_media":77878,"comment_status":"open","ping_status":"open","sticky":false,"template":"","format":"standard","meta":{"footnotes":""},"categories":[11003,10898,10948,10894,10904,10912,11011,10947,10896,10974],"tags":[11363,11109],"class_list":["post-77882","post","type-post","status-publish","format-standard","has-post-thumbnail","category-sports","category-ventana-ca","category-infraestructuras-ca","category-la-comarca-ca","category-sin-categorizar-ca","category-la-hoya-ca","category-motociclismo-ca","category-politica","category-seccion-ca","category-cheste-ca","tag-circuit-valencia-ca","tag-xest"],"_links":{"self":[{"href":"https:\/\/tucomarca.whitekongsoftware.com\/ca\/wp-json\/wp\/v2\/posts\/77882","targetHints":{"allow":["GET"]}}],"collection":[{"href":"https:\/\/tucomarca.whitekongsoftware.com\/ca\/wp-json\/wp\/v2\/posts"}],"about":[{"href":"https:\/\/tucomarca.whitekongsoftware.com\/ca\/wp-json\/wp\/v2\/types\/post"}],"author":[{"embeddable":true,"href":"https:\/\/tucomarca.whitekongsoftware.com\/ca\/wp-json\/wp\/v2\/users\/1"}],"replies":[{"embeddable":true,"href":"https:\/\/tucomarca.whitekongsoftware.com\/ca\/wp-json\/wp\/v2\/comments?post=77882"}],"version-history":[{"count":0,"href":"https:\/\/tucomarca.whitekongsoftware.com\/ca\/wp-json\/wp\/v2\/posts\/77882\/revisions"}],"wp:featuredmedia":[{"embeddable":true,"href":"https:\/\/tucomarca.whitekongsoftware.com\/ca\/wp-json\/wp\/v2\/media\/77878"}],"wp:attachment":[{"href":"https:\/\/tucomarca.whitekongsoftware.com\/ca\/wp-json\/wp\/v2\/media?parent=77882"}],"wp:term":[{"taxonomy":"category","embeddable":true,"href":"https:\/\/tucomarca.whitekongsoftware.com\/ca\/wp-json\/wp\/v2\/categories?post=77882"},{"taxonomy":"post_tag","embeddable":true,"href":"https:\/\/tucomarca.whitekongsoftware.com\/ca\/wp-json\/wp\/v2\/tags?post=77882"}],"curies":[{"name":"wp","href":"https:\/\/api.w.org\/{rel}","templated":true}]}}