{"id":77717,"date":"2018-11-15T02:26:15","date_gmt":"2018-11-15T00:26:15","guid":{"rendered":"http:\/\/www.tucomarca.com\/wordpress\/segunda\/?p=77717"},"modified":"2018-11-15T02:26:15","modified_gmt":"2018-11-15T00:26:15","slug":"bunyol-organitza-un-ample-programa-contra-la-violencia-de-genere","status":"publish","type":"post","link":"https:\/\/tucomarca.whitekongsoftware.com\/ca\/bunyol-organitza-un-ample-programa-contra-la-violencia-de-genere\/","title":{"rendered":"Bunyol organitza un ample programa contra la viol\u00e8ncia de g\u00e8nere"},"content":{"rendered":"<figure id=\"attachment_77713\" aria-describedby=\"caption-attachment-77713\" style=\"width: 188px\" class=\"wp-caption alignleft\"><img loading=\"lazy\" decoding=\"async\" class=\" wp-image-77713\" src=\"http:\/\/www.tucomarca.com\/wordpress\/segunda\/wp-content\/uploads\/2018\/11\/violenciagneroBunol.jpg\" alt=\"Bu\u00f1ol organiza un amplio programa contra la violencia de g\u00e9nero.\" width=\"188\" height=\"262\" srcset=\"https:\/\/tucomarca.whitekongsoftware.com\/wp-content\/uploads\/2018\/11\/violenciagneroBunol.jpg 2055w, https:\/\/tucomarca.whitekongsoftware.com\/wp-content\/uploads\/2018\/11\/violenciagneroBunol-216x300.jpg 216w, https:\/\/tucomarca.whitekongsoftware.com\/wp-content\/uploads\/2018\/11\/violenciagneroBunol-768x1068.jpg 768w, https:\/\/tucomarca.whitekongsoftware.com\/wp-content\/uploads\/2018\/11\/violenciagneroBunol-736x1024.jpg 736w, https:\/\/tucomarca.whitekongsoftware.com\/wp-content\/uploads\/2018\/11\/violenciagneroBunol-1024x1424.jpg 1024w\" sizes=\"auto, (max-width: 188px) 100vw, 188px\" \/><figcaption id=\"caption-attachment-77713\" class=\"wp-caption-text\">Bunyol organitza un ample programa contra la viol\u00e8ncia de genere.<\/figcaption><\/figure>\n<p><strong>Les regidories d&#8217;Igualtat i Benestar Social de l&#8217;Ajuntament de Bunyol, els col\u00b7legis p\u00fablics, l&#8217;Institut de Secund\u00e0ria i el Moviment Democr\u00e0tic de Dones organitzen una s\u00e8rie d&#8217;actes, activitats, manifestacions i esdeveniments contra la viol\u00e8ncia de g\u00e8nere<\/strong><\/p>\n<p>L&#8217;Ajuntament de Bunyol, a trav\u00e9s de les regidories d&#8217;Igualtat i Benestar Social, juntament amb els col\u00b7legis p\u00fablics de la localitat, Sant Llu\u00eds i Cervantes, l&#8217;IES La Foia i el Moviment Democr\u00e0tic de Dones s&#8217;han unit per reivindicar i posar el focus en la viol\u00e8ncia de g\u00e8nere.<\/p>\n<p>Aquest dissabte, amb l&#8217;obra de teatre &#8220;Els dies de la neu&#8221; a c\u00e0rrec de l&#8217;actriu espanyola Rosario Pardo al Montecarlo va arrencar l&#8217;extens programa d&#8217;actes. Un programa que va continuar aquest dimecres 14 amb un mon\u00f2leg a la Sala Raga a les 19,30h anomenat &#8220;Esp\u00e9rame en el cel&#8221;. Divendres 23 es posa en escena l&#8217;obra de teatre &#8220;Creatives a l&#8217;atur&#8221;, al Palau de la M\u00fasica a les 19,30h. Tracta amb humor els problemes de les dones. I aquest mateix dia, al CEIP Cervantes, a les 19h, organitzat per l&#8217;AMPA del col\u00b7legi, caf\u00e8 i cinema de la pel\u00b7l\u00edcula &#8220;Nom\u00e9s meva&#8221;.<\/p>\n<p>Dissabte 24, concentraci\u00f3 a la Pla\u00e7a 5 de mar\u00e7 de Bunyol a les 19h en repulsa de la viol\u00e8ncia masclista. I el diumenge 25 continuen les concentracions. En el Dia Internacional contra la Viol\u00e8ncia de G\u00e8nere s&#8217;anima a la participaci\u00f3 a Val\u00e8ncia de la gran manifestaci\u00f3 contra aquesta xacra social. Ser\u00e0 a les 12h. Tots haur\u00edem d&#8217;assistir.<\/p>\n<p>A la seg\u00fcent setmana, el dijous 29 una xerrada sobre el llenguatge inclusiu anomenada &#8220;La dona invisible&#8221;, a c\u00e0rrec d&#8217;alumnes de 1r batxillerat a la Sala Mercat a les 19h. De manera que tots tenen el seu espai de participaci\u00f3 en aquests actes. I finalment, a la Sala Raga, el dilluns 3 de desembre, a les 19h les periodistes Remei Castell\u00f3 i Anna Gimeno parlaran sobre el tractament en els mitjans de comunicaci\u00f3 de la viol\u00e8ncia masclista.<\/p>\n<p>Per\u00f2 els actes van m\u00e9s enll\u00e0. En el cas dels centres escolars, l&#8217;IES la Foia organitza el dilluns 26 &#8220;Prezi sobre l&#8217;iceberg de la viol\u00e8ncia masclista&#8221;, a c\u00e0rrec d&#8217;alumnes de 4t ESO al Col\u00b7legi Cervantes. Ser\u00e0 a les 11,30h. Dijous 29, la xerrada &#8220;la dona invisible&#8221;. Hi intervindran alumnes de 1r i ser\u00e0 a les 12,30h al Col\u00b7legi Cervantes. Finalment, aquest mateix dia, a les 19 a la Sala Mercat s&#8217;oferir\u00e0 aquesta mateixa xerrada. En acabar es servir\u00e0 un berenar per afavorir la trobada entre els assistents.<\/p>\n<p>Mentre que els col\u00b7legis p\u00fablics porten tamb\u00e9 una infinitat d&#8217;activitats en pro de la conscienciaci\u00f3 entre els m\u00e9s petits. El CEIP Cervantes organitza una campanya escolar anomenada &#8220;Apr\u00e8n a dir no&#8221;. S&#8217;elaborar\u00e0 un mural cooperatiu entre tots els alumnes del col\u00b7legi. En infantil i primer cicle de prim\u00e0ria &#8220;Ni un besito a la for\u00e7a&#8221;, conte de Marion Mebes; i el segon i tercer cicle, un treball sobre la can\u00e7\u00f3 &#8220;Maria es beu carrers&#8221;, de Pasi\u00f3n Vega. Mentre que al CEIP Sant Llu\u00eds es treballar\u00e0 sobre el v\u00eddeo &#8220;Ni un besito a la for\u00e7a&#8221; des d&#8217;infantil al segon cicle de prim\u00e0ria; tamb\u00e9 realitzaran obres d&#8217;art, relacionades amb els petons a trav\u00e9s de &#8220;Andy Warhol&#8221;, i tots els cicles realitzaran un mural i decoraci\u00f3 de l&#8217;entrada del col\u00b7legi.<\/p>\n<p>Maria \u00c1lvarez i Carles Xerri uneixen forces per oferir eines des de l&#8217;educaci\u00f3 per a visibilitzar, per detectar i per denunciar qualsevol tipus de viol\u00e8ncia masclista. Animen a la participaci\u00f3 dels actes i a l&#8217;assist\u00e8ncia de les manifestacions i concentracions. L&#8217;edil \u00c1lvarez diu: &#8220;treballem junts en l&#8217;\u00e0mbit educatiu, social i pol\u00edtic; treballem cada dia per aconseguir que homes i dones tinguem exactament els mateixos drets; lluitem per aconseguir que ens respectin, que no ens toquin, que no ens matin &#8220;.<\/p>\n<p>Per la seva banda Xerri incideix en la necessitat de conscienciar des de tots els \u00e0mbits, &#8220;que si li agrades no et pega, que ets alguna cosa m\u00e9s que maca, que nenes i nens s\u00f3n iguals. En aquest sentit l&#8217;Ajuntament est\u00e0 treballant i seguirem fent-ho, portant a terme projectes de sensibilitzaci\u00f3 i conscienciaci\u00f3 en els centres educatius com hem vingut fent durant aquests anys a trav\u00e9s del programa Nagore. Per\u00f2 sobretot cal estar al carrer reivindicant amb elles, perqu\u00e8 quan violen a una dona, \u00e9s com si violessin a totes, quan maten a una dona, maten a totes &#8230; perqu\u00e8 si alguna cosa ha assumit la lluita feminista, millor que cap altra lluita, \u00e9s que si ens toquen a una ens toquen a totes &#8220;.<\/p>\n","protected":false},"excerpt":{"rendered":"<div class=\"mh-excerpt\">Les regidories d&#8217;Igualtat i Benestar Social de l&#8217;Ajuntament de Bunyol, els col\u00b7legis p\u00fablics, l&#8217;Institut de Secund\u00e0ria i el Moviment Democr\u00e0tic de Dones organitzen una s\u00e8rie d&#8217;actes, activitats, manifestacions i esdeveniments contra la viol\u00e8ncia de g\u00e8nere <a class=\"mh-excerpt-more\" href=\"https:\/\/tucomarca.whitekongsoftware.com\/ca\/bunyol-organitza-un-ample-programa-contra-la-violencia-de-genere\/\" title=\"Bunyol organitza un ample programa contra la viol\u00e8ncia de g\u00e8nere\">[+] <\/a><\/div>\n","protected":false},"author":2,"featured_media":77714,"comment_status":"open","ping_status":"open","sticky":false,"template":"","format":"standard","meta":{"footnotes":""},"categories":[11019,10911,10894,10912,10896],"tags":[11108,11346],"class_list":["post-77717","post","type-post","status-publish","format-standard","has-post-thumbnail","category-agenda-ca","category-bunol-ca","category-la-comarca-ca","category-la-hoya-ca","category-seccion-ca","tag-la-foia-de-bunyol-xiva","tag-violencia-genero-ca"],"_links":{"self":[{"href":"https:\/\/tucomarca.whitekongsoftware.com\/ca\/wp-json\/wp\/v2\/posts\/77717","targetHints":{"allow":["GET"]}}],"collection":[{"href":"https:\/\/tucomarca.whitekongsoftware.com\/ca\/wp-json\/wp\/v2\/posts"}],"about":[{"href":"https:\/\/tucomarca.whitekongsoftware.com\/ca\/wp-json\/wp\/v2\/types\/post"}],"author":[{"embeddable":true,"href":"https:\/\/tucomarca.whitekongsoftware.com\/ca\/wp-json\/wp\/v2\/users\/2"}],"replies":[{"embeddable":true,"href":"https:\/\/tucomarca.whitekongsoftware.com\/ca\/wp-json\/wp\/v2\/comments?post=77717"}],"version-history":[{"count":0,"href":"https:\/\/tucomarca.whitekongsoftware.com\/ca\/wp-json\/wp\/v2\/posts\/77717\/revisions"}],"wp:featuredmedia":[{"embeddable":true,"href":"https:\/\/tucomarca.whitekongsoftware.com\/ca\/wp-json\/wp\/v2\/media\/77714"}],"wp:attachment":[{"href":"https:\/\/tucomarca.whitekongsoftware.com\/ca\/wp-json\/wp\/v2\/media?parent=77717"}],"wp:term":[{"taxonomy":"category","embeddable":true,"href":"https:\/\/tucomarca.whitekongsoftware.com\/ca\/wp-json\/wp\/v2\/categories?post=77717"},{"taxonomy":"post_tag","embeddable":true,"href":"https:\/\/tucomarca.whitekongsoftware.com\/ca\/wp-json\/wp\/v2\/tags?post=77717"}],"curies":[{"name":"wp","href":"https:\/\/api.w.org\/{rel}","templated":true}]}}