{"id":77644,"date":"2018-11-13T21:04:56","date_gmt":"2018-11-13T19:04:56","guid":{"rendered":"http:\/\/www.tucomarca.com\/wordpress\/segunda\/?p=77644"},"modified":"2018-11-13T21:04:56","modified_gmt":"2018-11-13T19:04:56","slug":"els-centres-educatius-de-xest-participaran-en-un-taller-de-comic-amb-motiu-de-la-celebracio-del-xviii-certamen-literari-ateneu-2019","status":"publish","type":"post","link":"https:\/\/tucomarca.whitekongsoftware.com\/ca\/els-centres-educatius-de-xest-participaran-en-un-taller-de-comic-amb-motiu-de-la-celebracio-del-xviii-certamen-literari-ateneu-2019\/","title":{"rendered":"Els centres educatius de Xest participaran en un taller de c\u00f2mic amb motiu de la celebraci\u00f3 del XVIII Certamen Literari Ateneu 2019"},"content":{"rendered":"<div class=\"\">\n<figure id=\"attachment_77638\" aria-describedby=\"caption-attachment-77638\" style=\"width: 299px\" class=\"wp-caption alignleft\"><img loading=\"lazy\" decoding=\"async\" class=\" wp-image-77638\" src=\"http:\/\/www.tucomarca.com\/wordpress\/segunda\/wp-content\/uploads\/2018\/11\/certamenliterario.jpg\" alt=\"XVIII Certamen Literario Ateneo 2019.\" width=\"299\" height=\"199\" srcset=\"https:\/\/tucomarca.whitekongsoftware.com\/wp-content\/uploads\/2018\/11\/certamenliterario.jpg 5472w, https:\/\/tucomarca.whitekongsoftware.com\/wp-content\/uploads\/2018\/11\/certamenliterario-300x200.jpg 300w, https:\/\/tucomarca.whitekongsoftware.com\/wp-content\/uploads\/2018\/11\/certamenliterario-768x512.jpg 768w, https:\/\/tucomarca.whitekongsoftware.com\/wp-content\/uploads\/2018\/11\/certamenliterario-1024x683.jpg 1024w\" sizes=\"auto, (max-width: 299px) 100vw, 299px\" \/><figcaption id=\"caption-attachment-77638\" class=\"wp-caption-text\">XVIII Certamen Literari Ateneu 2019.<\/figcaption><\/figure>\n<p>Un any m\u00e9s s&#8217;obren les bases del Certamen Literari Ateneu L&#8217;Alian\u00e7a de Xest, una de les iniciatives culturals que m\u00e9s repercussi\u00f3 t\u00e9 entre l&#8217;alumnat dels centres escolars, organitzada des de la seva 17a edici\u00f3 per l&#8217;Ajuntament de Xest, la Societat Ateneu L&#8217;Alian\u00e7a i la Fundaci\u00f3 cajacheste. &#8220;Les tres entitats port\u00e0vem molts anys celebrant cert\u00e0mens de manera paral\u00b7lela i l&#8217;any passat, per suggeriment dels centres educatius, es va convenir celebrar un \u00fanic certamen entre les tres institucions, amb molt bons resultats&#8221;, explica la regidora d&#8217;Educaci\u00f3 i Cultura, M\u00aa \u00c1ngeles Llorente.<\/p>\n<p>Aquest renovat certamen va portar amb si diverses novetats, entre elles l&#8217;edici\u00f3 d&#8217;un llibre amb les obres guanyadores, que ja s&#8217;ha editat i publicat; la realitzaci\u00f3 de tallers formatius vinculats amb la literatura i la inclusi\u00f3 d&#8217;una nova disciplina dins de concurs: el c\u00f2mic, que se sumava a les categories ja existents, relats curts i poesia, amb 43 treballs presentats en la passada edici\u00f3.<\/p>\n<p>&#8220;L&#8217;any passat vam introduir dins del certamen la realitzaci\u00f3 d&#8217;un taller de poesia que va funcionar molt b\u00e9, de fet van ser 164 els treballs que van participar en aquesta secci\u00f3, per aix\u00f2 aquest any hem decidit continuar apostant per aquest tipus de formaci\u00f3 pr\u00e0ctica a trav\u00e9s d&#8217;un taller de c\u00f2mic &#8220;, ha anunciat la regidora. &#8220;La finalitat d&#8217;aquest taller \u00e9s que els alumnes i les alumnes puguin con\u00e8ixer millor aquesta modalitat liter\u00e0ria i disposin de m\u00e9s recursos per realitzar els seus treballs&#8221;.<\/p>\n<p>Els tallers comen\u00e7aran aquest mes de novembre i comptaran amb la participaci\u00f3 d&#8217;alumnat de 1r i 2n de Prim\u00e0ria del CEIP Francisco Giner dels Rius; de 3r i 4t de Prim\u00e0ria del CEIP n\u00ba3 i del CEIP Vicente Blasco Ib\u00e1\u00f1ez; de diferents cursos d&#8217;ESO del Col\u00b7legi Sant Josep de la Muntanya i l&#8217;IES Ricardo Mar\u00edn; i alumnat del Centre de Formaci\u00f3 per a Persones Adultes.<\/p>\n<p>Lliris Bou i Pau Valls seran els que imparteixin els tallers, treballant en diferents sessions i per grups. &#8220;Tant Lliris com Pau on especialistes en il\u00b7lustraci\u00f3 infantil amb experi\u00e8ncia en tallers per a nens i nenes relacionats amb la creaci\u00f3 de c\u00f2mic i il\u00b7lustraci\u00f3&#8221;, ha destacat Llorente.<\/p>\n<p>Sobre Lliris Bou i Pau Valls<br \/>\nLliris Bou va estudiar il\u00b7lustraci\u00f3 a l&#8217;EASD d&#8217;Alcoi i uns anys m\u00e9s tard es va llicenciar en Belles Arts a la Universitat Polit\u00e8cnica de Val\u00e8ncia. Els seus dibuixos s&#8217;han utilitzat en llibres de text per a editorials com Santillana o Bromera, en revistes per a nens i adults (Namaka, Principia Kids, Descobrir) i en contes infantils per a primers lectors (Andana, Santillana, Bromera). Actualment combina la seva feina com a il\u00b7lustradora freelance amb la realitzaci\u00f3 de cursos i tallers infantils d&#8217;il\u00b7lustraci\u00f3.<\/p>\n<p>Per la seva banda, Pau Valls inicia els seus estudis d&#8217;il\u00b7lustraci\u00f3 a l&#8217;Escola d&#8217;Art i Superior de Disseny d&#8217;Alcoi. Posteriorment es va llicenciar en Belles Arts a la Universitat Polit\u00e8cnica de Val\u00e8ncia, ciutat on resideix actualment. Il\u00b7lustra per a p\u00fablic infantil i adult en diferents mitjans com llibres, revistes, premsa, cartelleria o publicitat.<\/p>\n<\/div>\n","protected":false},"excerpt":{"rendered":"<div class=\"mh-excerpt\">Un any m\u00e9s s&#8217;obren les bases del Certamen Literari Ateneu L&#8217;Alian\u00e7a de Xest, una de les iniciatives culturals que m\u00e9s repercussi\u00f3 t\u00e9 entre l&#8217;alumnat dels centres escolars, organitzada des de la seva 17a edici\u00f3 per <a class=\"mh-excerpt-more\" href=\"https:\/\/tucomarca.whitekongsoftware.com\/ca\/els-centres-educatius-de-xest-participaran-en-un-taller-de-comic-amb-motiu-de-la-celebracio-del-xviii-certamen-literari-ateneu-2019\/\" title=\"Els centres educatius de Xest participaran en un taller de c\u00f2mic amb motiu de la celebraci\u00f3 del XVIII Certamen Literari Ateneu 2019\">[+] <\/a><\/div>\n","protected":false},"author":2,"featured_media":77639,"comment_status":"open","ping_status":"open","sticky":false,"template":"","format":"standard","meta":{"footnotes":""},"categories":[11019,10912,11007,10896,10974],"tags":[11108,11109,11340],"class_list":["post-77644","post","type-post","status-publish","format-standard","has-post-thumbnail","category-agenda-ca","category-la-hoya-ca","category-ocio-y-cultura-ca","category-seccion-ca","category-cheste-ca","tag-la-foia-de-bunyol-xiva","tag-xest","tag-xviii-certamen-literario-ateneo-2019-ca"],"_links":{"self":[{"href":"https:\/\/tucomarca.whitekongsoftware.com\/ca\/wp-json\/wp\/v2\/posts\/77644","targetHints":{"allow":["GET"]}}],"collection":[{"href":"https:\/\/tucomarca.whitekongsoftware.com\/ca\/wp-json\/wp\/v2\/posts"}],"about":[{"href":"https:\/\/tucomarca.whitekongsoftware.com\/ca\/wp-json\/wp\/v2\/types\/post"}],"author":[{"embeddable":true,"href":"https:\/\/tucomarca.whitekongsoftware.com\/ca\/wp-json\/wp\/v2\/users\/2"}],"replies":[{"embeddable":true,"href":"https:\/\/tucomarca.whitekongsoftware.com\/ca\/wp-json\/wp\/v2\/comments?post=77644"}],"version-history":[{"count":0,"href":"https:\/\/tucomarca.whitekongsoftware.com\/ca\/wp-json\/wp\/v2\/posts\/77644\/revisions"}],"wp:featuredmedia":[{"embeddable":true,"href":"https:\/\/tucomarca.whitekongsoftware.com\/ca\/wp-json\/wp\/v2\/media\/77639"}],"wp:attachment":[{"href":"https:\/\/tucomarca.whitekongsoftware.com\/ca\/wp-json\/wp\/v2\/media?parent=77644"}],"wp:term":[{"taxonomy":"category","embeddable":true,"href":"https:\/\/tucomarca.whitekongsoftware.com\/ca\/wp-json\/wp\/v2\/categories?post=77644"},{"taxonomy":"post_tag","embeddable":true,"href":"https:\/\/tucomarca.whitekongsoftware.com\/ca\/wp-json\/wp\/v2\/tags?post=77644"}],"curies":[{"name":"wp","href":"https:\/\/api.w.org\/{rel}","templated":true}]}}