{"id":77625,"date":"2018-11-13T10:17:53","date_gmt":"2018-11-13T08:17:53","guid":{"rendered":"http:\/\/www.tucomarca.com\/wordpress\/segunda\/?p=77625"},"modified":"2018-11-13T10:17:53","modified_gmt":"2018-11-13T08:17:53","slug":"lajuntament-de-xest-destina-100-000-euros-a-beques-per-a-estudiants-de-formacio-professional","status":"publish","type":"post","link":"https:\/\/tucomarca.whitekongsoftware.com\/ca\/lajuntament-de-xest-destina-100-000-euros-a-beques-per-a-estudiants-de-formacio-professional\/","title":{"rendered":"L&#8217;Ajuntament de Xest destina 100.000 euros a beques per a estudiants de formaci\u00f3 professional"},"content":{"rendered":"<p>El passat 26 d&#8217;octubre l&#8217;Ajuntament va aprovar l&#8217;adjudicaci\u00f3 de 14 beques formatives per a estudiants de Formaci\u00f3 Professional d&#8217;Edificaci\u00f3 i Obra Civil i Agr\u00e0ria i des de dilluns passat, 5 de novembre, les persones benefici\u00e0ries ja estan realitzant les seves activitats en les depend\u00e8ncies municipals.<\/p>\n<p>Aquestes beques estan finan\u00e7ades per l&#8217;Ajuntament de Xest amb una dotaci\u00f3 de 100.000 euros i van dirigides a estudiants d&#8217;entre 16 i 65 anys que cursen en 2018\/2019 cicles formatius o cursos de Formaci\u00f3 Professional B\u00e0sica, Grau Mitj\u00e0 d&#8217;FP o Grau Superior de FP de les fam\u00edlies professionals objecte de les beques. &#8220;En total s&#8217;oferien 20 beques i per ara s&#8217;han pogut adjudicar 14, de manera que \u00e9s probable que encara s&#8217;adjudiqui alguna m\u00e9s&#8221;, apunta la regidora d&#8217;Educaci\u00f3, M\u00aa \u00c1ngeles Llorente.<\/p>\n<p>&#8220;Aquesta \u00e9s una iniciativa que va comen\u00e7ar en la legislatura anterior i hem apostat per mantenir-la i convertir-la en un projecte de continu\u00eftat&#8221;, declara Llorente. &#8220;Considerem que \u00e9s molt positiu ja que vincula la formaci\u00f3 amb l&#8217;ocupaci\u00f3, alhora que s&#8217;ofereix una dotaci\u00f3 econ\u00f2mica als estudiants que reben la beca&#8221;.<\/p>\n<p>La durada m\u00e0xima d&#8217;aquestes beques \u00e9s de 10 mesos i durant aquest per\u00edode de temps els estudiants realitzaran pr\u00e0ctiques formatives en l&#8217;Ajuntament de Xest, amb supervisi\u00f3 del seu empleats i empleades o de responsables d&#8217;empreses contractades pel consistori. La dedicaci\u00f3 de les persones becades ser\u00e0 de, com a m\u00ednim, 16 hores setmanals, amb una assignaci\u00f3 bruta mensual de 480 euros per mes complet.<\/p>\n<p>El passat 30 d&#8217;octubre, Llorente, amb el cap d&#8217;Estudis del CIFO, Luis Alfonso, i el cap de la Brigada Municipal, Alberto Garc\u00eda; rebre a les persones becades per donar-los la benvinguda i explicar el funcionament de la beca. La regidora va recordar als i les estudiants que han de mantenir un bon rendiment acad\u00e8mic i un bon comportament en les pr\u00e0ctiques, ja que, segons dicten les bases, l&#8217;informe desfavorable en qualsevol aquests aspectes pot implicar la p\u00e8rdua de la beca i, en conseq\u00fc\u00e8ncia , la no percepci\u00f3 de la quantitat econ\u00f2mica amb qu\u00e8 es dota la mateixa.<\/p>\n","protected":false},"excerpt":{"rendered":"<div class=\"mh-excerpt\">El passat 26 d&#8217;octubre l&#8217;Ajuntament va aprovar l&#8217;adjudicaci\u00f3 de 14 beques formatives per a estudiants de Formaci\u00f3 Professional d&#8217;Edificaci\u00f3 i Obra Civil i Agr\u00e0ria i des de dilluns passat, 5 de novembre, les persones benefici\u00e0ries <a class=\"mh-excerpt-more\" href=\"https:\/\/tucomarca.whitekongsoftware.com\/ca\/lajuntament-de-xest-destina-100-000-euros-a-beques-per-a-estudiants-de-formacio-professional\/\" title=\"L&#8217;Ajuntament de Xest destina 100.000 euros a beques per a estudiants de formaci\u00f3 professional\">[+] <\/a><\/div>\n","protected":false},"author":1,"featured_media":77626,"comment_status":"open","ping_status":"open","sticky":false,"template":"","format":"standard","meta":{"footnotes":""},"categories":[10898,10948,10894,10904,10912,10947,10896,10974],"tags":[11071,11109],"class_list":["post-77625","post","type-post","status-publish","format-standard","has-post-thumbnail","category-ventana-ca","category-infraestructuras-ca","category-la-comarca-ca","category-sin-categorizar-ca","category-la-hoya-ca","category-politica","category-seccion-ca","category-cheste-ca","tag-cheste","tag-xest"],"_links":{"self":[{"href":"https:\/\/tucomarca.whitekongsoftware.com\/ca\/wp-json\/wp\/v2\/posts\/77625","targetHints":{"allow":["GET"]}}],"collection":[{"href":"https:\/\/tucomarca.whitekongsoftware.com\/ca\/wp-json\/wp\/v2\/posts"}],"about":[{"href":"https:\/\/tucomarca.whitekongsoftware.com\/ca\/wp-json\/wp\/v2\/types\/post"}],"author":[{"embeddable":true,"href":"https:\/\/tucomarca.whitekongsoftware.com\/ca\/wp-json\/wp\/v2\/users\/1"}],"replies":[{"embeddable":true,"href":"https:\/\/tucomarca.whitekongsoftware.com\/ca\/wp-json\/wp\/v2\/comments?post=77625"}],"version-history":[{"count":0,"href":"https:\/\/tucomarca.whitekongsoftware.com\/ca\/wp-json\/wp\/v2\/posts\/77625\/revisions"}],"wp:featuredmedia":[{"embeddable":true,"href":"https:\/\/tucomarca.whitekongsoftware.com\/ca\/wp-json\/wp\/v2\/media\/77626"}],"wp:attachment":[{"href":"https:\/\/tucomarca.whitekongsoftware.com\/ca\/wp-json\/wp\/v2\/media?parent=77625"}],"wp:term":[{"taxonomy":"category","embeddable":true,"href":"https:\/\/tucomarca.whitekongsoftware.com\/ca\/wp-json\/wp\/v2\/categories?post=77625"},{"taxonomy":"post_tag","embeddable":true,"href":"https:\/\/tucomarca.whitekongsoftware.com\/ca\/wp-json\/wp\/v2\/tags?post=77625"}],"curies":[{"name":"wp","href":"https:\/\/api.w.org\/{rel}","templated":true}]}}