{"id":77604,"date":"2018-11-13T10:05:34","date_gmt":"2018-11-13T08:05:34","guid":{"rendered":"http:\/\/www.tucomarca.com\/wordpress\/segunda\/?p=77604"},"modified":"2018-11-13T10:05:34","modified_gmt":"2018-11-13T08:05:34","slug":"des-de-compromis-per-benifaio-lamenten-el-nou-robatori-al-ceip-trullas-i-la-tardanca-de-lalarma-compromesa-per-lajuntament","status":"publish","type":"post","link":"https:\/\/tucomarca.whitekongsoftware.com\/ca\/des-de-compromis-per-benifaio-lamenten-el-nou-robatori-al-ceip-trullas-i-la-tardanca-de-lalarma-compromesa-per-lajuntament\/","title":{"rendered":"Des de Comprom\u00eds per Benifai\u00f3 lamenten el nou robatori al CEIP Trull\u00e0s i la tardan\u00e7a de l&#8217;alarma compromesa per l&#8217;Ajuntament"},"content":{"rendered":"<figure id=\"attachment_77605\" aria-describedby=\"caption-attachment-77605\" style=\"width: 430px\" class=\"wp-caption alignleft\"><img loading=\"lazy\" decoding=\"async\" class=\" wp-image-77605\" src=\"http:\/\/www.tucomarca.com\/wordpress\/segunda\/wp-content\/uploads\/2018\/11\/CompromisBenifaio.jpg\" alt=\"Els regidors de Comprom\u00eds per Benifai\u00f3 lamenten el succ\u00e9s i la tardan\u00e7a de l'alarma compromesa per l'Ajuntament.\" width=\"430\" height=\"352\" srcset=\"https:\/\/tucomarca.whitekongsoftware.com\/wp-content\/uploads\/2018\/11\/CompromisBenifaio.jpg 720w, https:\/\/tucomarca.whitekongsoftware.com\/wp-content\/uploads\/2018\/11\/CompromisBenifaio-300x246.jpg 300w\" sizes=\"auto, (max-width: 430px) 100vw, 430px\" \/><figcaption id=\"caption-attachment-77605\" class=\"wp-caption-text\">Els regidors de Comprom\u00eds per Benifai\u00f3 lamenten el succ\u00e9s i la tardan\u00e7a de l&#8217;alarma compromesa per l&#8217;Ajuntament.<\/figcaption><\/figure>\n<p>Tal como han informat des de Comprom\u00eds, &#8220;la passada nit del 6 de novembre el CEIP Trull\u00e0s de Benifai\u00f3\u00a0 va sofrir un nou robatori, el segon en un any&#8221;. Des de Comprom\u00eds per Benifai\u00f3 &#8220;lamentem aquesta situaci\u00f3 ja que el robatori ha ocasionat desperfectes materials a l\u2019edifici de Prim\u00e0ria que a m\u00e9s del seu cost econ\u00f2mic, han afectat al funcionament normal de les classes&#8221;.<\/p>\n<p>&#8220;El passat mes de Juny a una reuni\u00f3 informativa l\u2019Ajuntament va anunciar que l\u2019alarma per a aquest centre ja estava pressupostada i que estaria en funcionament en breu.\u00a0 Quatre mesos despr\u00e9s el centre educatiu continua sense alarma&#8221;.<\/p>\n<p>&#8220;Des de Comprom\u00eds per Benifai\u00f3 considerem que aquest fet mereix una atenci\u00f3 especial i sol\u00b7licitarem una reuni\u00f3 amb la regidora de l&#8217;\u00e0rea i la direcci\u00f3 del col\u00b7legi per que es debatisca la problem\u00e0tica i les possibles soluciona&#8221;.<\/p>\n","protected":false},"excerpt":{"rendered":"<div class=\"mh-excerpt\">Tal como han informat des de Comprom\u00eds, &#8220;la passada nit del 6 de novembre el CEIP Trull\u00e0s de Benifai\u00f3\u00a0 va sofrir un nou robatori, el segon en un any&#8221;. Des de Comprom\u00eds per Benifai\u00f3 &#8220;lamentem <a class=\"mh-excerpt-more\" href=\"https:\/\/tucomarca.whitekongsoftware.com\/ca\/des-de-compromis-per-benifaio-lamenten-el-nou-robatori-al-ceip-trullas-i-la-tardanca-de-lalarma-compromesa-per-lajuntament\/\" title=\"Des de Comprom\u00eds per Benifai\u00f3 lamenten el nou robatori al CEIP Trull\u00e0s i la tardan\u00e7a de l&#8217;alarma compromesa per l&#8217;Ajuntament\">[+] <\/a><\/div>\n","protected":false},"author":1,"featured_media":77605,"comment_status":"open","ping_status":"open","sticky":false,"template":"","format":"standard","meta":{"footnotes":""},"categories":[10987,10894,10902,10947,10896,10897],"tags":[10460],"class_list":["post-77604","post","type-post","status-publish","format-standard","has-post-thumbnail","category-benifaio-ca","category-la-comarca-ca","category-la-ribera-ca","category-politica","category-seccion-ca","category-sucesos-la-comarca-ca","tag-benifaio"],"_links":{"self":[{"href":"https:\/\/tucomarca.whitekongsoftware.com\/ca\/wp-json\/wp\/v2\/posts\/77604","targetHints":{"allow":["GET"]}}],"collection":[{"href":"https:\/\/tucomarca.whitekongsoftware.com\/ca\/wp-json\/wp\/v2\/posts"}],"about":[{"href":"https:\/\/tucomarca.whitekongsoftware.com\/ca\/wp-json\/wp\/v2\/types\/post"}],"author":[{"embeddable":true,"href":"https:\/\/tucomarca.whitekongsoftware.com\/ca\/wp-json\/wp\/v2\/users\/1"}],"replies":[{"embeddable":true,"href":"https:\/\/tucomarca.whitekongsoftware.com\/ca\/wp-json\/wp\/v2\/comments?post=77604"}],"version-history":[{"count":0,"href":"https:\/\/tucomarca.whitekongsoftware.com\/ca\/wp-json\/wp\/v2\/posts\/77604\/revisions"}],"wp:featuredmedia":[{"embeddable":true,"href":"https:\/\/tucomarca.whitekongsoftware.com\/ca\/wp-json\/wp\/v2\/media\/77605"}],"wp:attachment":[{"href":"https:\/\/tucomarca.whitekongsoftware.com\/ca\/wp-json\/wp\/v2\/media?parent=77604"}],"wp:term":[{"taxonomy":"category","embeddable":true,"href":"https:\/\/tucomarca.whitekongsoftware.com\/ca\/wp-json\/wp\/v2\/categories?post=77604"},{"taxonomy":"post_tag","embeddable":true,"href":"https:\/\/tucomarca.whitekongsoftware.com\/ca\/wp-json\/wp\/v2\/tags?post=77604"}],"curies":[{"name":"wp","href":"https:\/\/api.w.org\/{rel}","templated":true}]}}