{"id":77552,"date":"2018-11-12T16:46:58","date_gmt":"2018-11-12T14:46:58","guid":{"rendered":"http:\/\/www.tucomarca.com\/wordpress\/segunda\/?p=77552"},"modified":"2018-11-12T16:46:58","modified_gmt":"2018-11-12T14:46:58","slug":"fotogaleria-xest-viu-un-cap-de-setmana-ple-dactes-amb-motiu-de-la-celebracio-de-santa-cecilia","status":"publish","type":"post","link":"https:\/\/tucomarca.whitekongsoftware.com\/ca\/fotogaleria-xest-viu-un-cap-de-setmana-ple-dactes-amb-motiu-de-la-celebracio-de-santa-cecilia\/","title":{"rendered":"Fotogaleria: Xest viu un cap de setmana ple d&#8217;actes amb motiu de la celebraci\u00f3 de Santa Cec\u00edlia"},"content":{"rendered":"<figure id=\"attachment_77549\" aria-describedby=\"caption-attachment-77549\" style=\"width: 710px\" class=\"wp-caption alignnone\"><img loading=\"lazy\" decoding=\"async\" class=\" wp-image-77549\" src=\"http:\/\/www.tucomarca.com\/wordpress\/segunda\/wp-content\/uploads\/2018\/11\/15.-ChesteLaLira.jpg\" alt=\"Entrega de instrumentos y conciertos conmemorativos de Santa Cecilia 2018 en Cheste.\" width=\"710\" height=\"532\" srcset=\"https:\/\/tucomarca.whitekongsoftware.com\/wp-content\/uploads\/2018\/11\/15.-ChesteLaLira.jpg 1600w, https:\/\/tucomarca.whitekongsoftware.com\/wp-content\/uploads\/2018\/11\/15.-ChesteLaLira-300x225.jpg 300w, https:\/\/tucomarca.whitekongsoftware.com\/wp-content\/uploads\/2018\/11\/15.-ChesteLaLira-768x576.jpg 768w, https:\/\/tucomarca.whitekongsoftware.com\/wp-content\/uploads\/2018\/11\/15.-ChesteLaLira-1024x768.jpg 1024w\" sizes=\"auto, (max-width: 710px) 100vw, 710px\" \/><figcaption id=\"caption-attachment-77549\" class=\"wp-caption-text\">Entrega de instrumentos y conciertos conmemorativos de Santa Cecilia 2018 en Cheste.<\/figcaption><\/figure>\n<p>L&#8217;Associaci\u00f3 Musical La Lira de Xest va celebrar el passat cap de setmana la festivitat de Santa Cec\u00edlia, patrona dels m\u00fasics i m\u00fasiques, amb dos concerts, la cercavila de recollida de les noves incorporacions, la missa en honor a Santa Cec\u00edlia i el dinar de germanor. A aquesta celebraci\u00f3 es va unir la coral Cant\u00e1bile, que va interpretar, al costat de la banda i les corals de SIUM de Montserrat, Mare de D\u00e9u del Castell de Xiva i Vicent Ribes de Tur\u00eds, una selecci\u00f3 de sarsueles; dissabte passat, 10 de novembre, al teatre Liceu.<\/p>\n<p><strong>Lliurament d&#8217;instruments, noves incorporacions i primer concert<\/strong><\/p>\n<p>El cap de setmana es va obrir el 9 de novembre amb l&#8217;acte de lliurament d&#8217;instruments i les actuacions de les agrupacions benjamines de l&#8217;associaci\u00f3; el conjunt instrumental, dirigit per Rub\u00e9n Albarrac\u00edn, i la banda juvenil, a c\u00e0rrec de Francisco Gin\u00e9s Mart\u00ednez.<\/p>\n<p>&#8220;Un any m\u00e9s vull ressaltar el valor, la import\u00e0ncia social, cultural i educativa, que l&#8217;associaci\u00f3 Banda La Lira t\u00e9 per al conjunt de la poblaci\u00f3 chestana&#8221;, manifestava la regidora de Cultura en el seu discurs. &#8220;Tamb\u00e9 vull felicitar els m\u00fasics i m\u00fasiques de tots les agrupacions; la Banda Simf\u00f2nica, la Banda Juvenil, el Conjunt Instrumental, Bibrass D&#8217;Or i l&#8217;Ensemble d&#8217;adults; a l&#8217;escola, que en aquest moment compta amb 127 alumnes i alumnes de totes les edats. A totes aquestes persones que es dediquen a la m\u00fasica i que omplen d&#8217;alegria, sensibilitat i emoci\u00f3 els nostres cors, dedicant hores del seu oci a crear i recrear la bellesa. Igualment felicito al professorat, als directors i la directora, perqu\u00e8, sens dubte, gaudeixen del privilegi de viure d&#8217;all\u00f2 que els agrada. Ensenyar, dirigir, no \u00e9s tasca f\u00e0cil, requereix de moltes hores de preparaci\u00f3, d&#8217;autoritat que emana de la feina ben feta, d&#8217;acceptaci\u00f3 de l&#8217;alumnat i d&#8217;afecte. Tamb\u00e9 felicitats a la junta directiva, per atrevir-se, per exposar-se a l&#8217;opini\u00f3 p\u00fablica sense por, pel treball desinteressat que realitza i per posar en la hist\u00f2ria de Xest el seu granet de sorra. Finalment, felicitats a les fam\u00edlies que col\u00b7laboren dia rere dia amb la banda en les activitats que es realitzen. I, sobretot en el dia d&#8217;avui, felicitats i enhorabona a les noves incorporacions i els alumnes i les alumnes que reben un instrument &#8220;.<\/p>\n<p>En total es van lliurar 13 instruments i l&#8217;escola va donar la benvinguda a 6 alumnes i alumnes de piano. Van participar en el lliurament l&#8217;alcalde de Xest, Jos\u00e9 Morell, la regidora de Cultura, M\u00aa \u00c1ngeles Llorente, el president de la Caixa Rural de Xest, Rafael Lozano i representants de la Cooperativa Xest Agr\u00e0ria i dels partits pol\u00edtics locals. &#8220;L&#8217;instrument que he triat \u00e9s el saxofon&#8221;, afirmava Alejandra Ib\u00e1\u00f1ez, una de les alumnes de l&#8217;escola de m\u00fasica que rebia el seu instrument. &#8220;M&#8217;agrada molt com sona i tamb\u00e9 que \u00e9s daurat. Estic molt contenta perqu\u00e8 m&#8217;encanta tocar. De gran m&#8217;agradaria ser m\u00fasica i estar a la banda &#8220;.<\/p>\n<p>Despr\u00e9s del lliurament d&#8217;instruments es va donar la benvinguda a les noves incorporacions del Conjunt Instrumental i de la Banda Juvenil i les dues agrupacions van oferir una actuaci\u00f3.<\/p>\n<p>&#8220;La Lira porta la seva m\u00fasica a tots els actes que se celebren a Xest, ens acompanya en les festivitats i participa activament en la promoci\u00f3 de la cultura i les tradicions locals. La m\u00fasica i La Lira s\u00f3n senyals d&#8217;identitat de Xest i de la Comunitat Valenciana i per aix\u00f2 s\u00f3n i han de ser una de les millors cartes de presentaci\u00f3 del nostre poble &#8220;, apuntava Morell. &#8220;A la Comunitat Valenciana hi ha unes 1.000 bandes, 170 orquestres, 230 cors, 130 grups de cambra, 52 big bands i 550 societats musicals; sumant 40.000 m\u00fasics, 60.000 alumnes i 200.000 socis. Ni m\u00e9s ni menys que la meitat dels m\u00fasics de tot Espanya s\u00f3n de la Comunitat Valenciana i no hi ha res semblant a tot el m\u00f3n. Els beneficis de la m\u00fasica no nom\u00e9s es redueixen a aquests n\u00fameros, tamb\u00e9 estan en l&#8217;educaci\u00f3; en el refor\u00e7 de la concentraci\u00f3, el desenvolupament de la creativitat i habilitats socials, entre d&#8217;altres aspectes. Parlar de La Lira \u00e9s parlar de tot aix\u00f2: de m\u00fasica. Per\u00f2 tamb\u00e9 \u00e9s parlar de companyonia, treball, const\u00e0ncia i de valors que es transmeten als seus membres i a totes i tots nosaltres &#8220;.<\/p>\n<p><strong>Concert de Santa Cec\u00edlia<\/strong><\/p>\n<p>Dissabte a la tarda arribava el torn de la Banda Simf\u00f2nica, agrupaci\u00f3 que, al costat de la coral Cant\u00e1bile de Xest i les corals de SIUM de Montserrat, Mare de D\u00e9u del Castell de Xiva i Vicent Ribes de Tur\u00eds, va oferir un repertori sarsuel\u00edstic en qu\u00e8 van sonar coneguts fragments d&#8217;obres com La del Manojo de Roses, Les Noces de Luis Alonso o La Revoltosa, entre altres; sota la direcci\u00f3 de Marta M\u00e1rmol Garc\u00eda i Javier Engu\u00eddanos Morat\u00f3. A m\u00e9s, sobre l&#8217;escenari, les corals van estar acompanyades de la bailaora Neus Blanc Ortega.<\/p>\n<p><strong>Cercavila i dinar de germanor<\/strong><\/p>\n<p>El diumenge al mat\u00ed arrencava la cercavila de recollida als nous m\u00fasics i m\u00fasiques, que van ser unint-se a la desfilada fins arribar a l&#8217;esgl\u00e9sia, on la Banda Simf\u00f2nica i la Coral Sant Lluc Evangelista van participar en la missa en honor a Santa Cec\u00edlia, a la que es van intercalar diverses peces musicals. A mig dia, m\u00fasics, m\u00fasiques, socis, s\u00f2cies i simpatitzants es van reunir en el dinar de germanor.<\/p>\n<p>Nous m\u00fasics i m\u00fasiques de la Banda Juvenil i la Banda Simf\u00f2nica La Lira<\/p>\n<p><strong>BANDA JUVENIL<\/strong><\/p>\n<p>Berta Viadel Sancho &#8211; Bombardino<\/p>\n<p>Mart\u00edn Carb\u00f3 Ayll\u00f3n &#8211; Violoncello<\/p>\n<p>Nerea P\u00e9rez Montero &#8211; Violoncello<\/p>\n<p>Paula Montesinos S\u00e1nchez &#8211; Violoncello<\/p>\n<p>Pablo Carrascosa Lamparero &#8211; Violoncello<\/p>\n<p>Sergio Mu\u00f1oz Palop &#8211; Clarinete<\/p>\n<p>Mario Barber\u00e1 Gim\u00e9nez &#8211; Percusi\u00f3n<\/p>\n<p>Candela Llorens Bele\u00f1a &#8211; Percusi\u00f3n<\/p>\n<p>David Dom\u00e9nech Bele\u00f1a &#8211; Tuba<\/p>\n<p>Eloy Mart\u00ednez De La Cruz &#8211; Tuba<\/p>\n<p>Leo Mart\u00ednez Cort\u00e9s &#8211; Saxof\u00f3n<\/p>\n<p>Diana G\u00f3mez Mirasol &#8211; Trompa<\/p>\n<p><b>BANDA SIMF\u00d2NICA \u00a0<\/b><\/p>\n<p>Sof\u00eda Suay Ceballos &#8211; Fagot<\/p>\n<p>Llanos Barroso Prats &#8211; Fagot<\/p>\n<p>Carlos Ochando Cort\u00e9s\u00a0 &#8211; Tuba<\/p>\n<p>Daniela Barroso Prats &#8211; Oboe<\/p>\n<p>Nerea Cr\u00fa Tar\u00edn &#8211; Oboe<\/p>\n<p>Ariadna Crespo Gamir &#8211; Oboe<\/p>\n<p>Violeta Moral Vega &#8211; Flauta<\/p>\n<p>Julia S\u00e1nchez M\u00e1\u00f1ez\u00a0 &#8211; Flauta<\/p>\n<p>Eva Cort\u00e9s Moreno &#8211; Flauta<\/p>\n<p>Lorena M\u00e1s Rodrigo &#8211; Percusi\u00f3n<\/p>\n<p>Dar\u00edo P\u00e9rez Montero &#8211; Percusi\u00f3n<\/p>\n<div id='gallery-1' class='gallery galleryid-77552 gallery-columns-3 gallery-size-medium'><figure class='gallery-item'>\n\t\t\t<div class='gallery-icon landscape'>\n\t\t\t\t<a href='https:\/\/tucomarca.whitekongsoftware.com\/ca\/fotogaleria-xest-viu-un-cap-de-setmana-ple-dactes-amb-motiu-de-la-celebracio-de-santa-cecilia\/01-chestelalira-2\/'><img loading=\"lazy\" decoding=\"async\" width=\"300\" height=\"200\" src=\"https:\/\/tucomarca.whitekongsoftware.com\/wp-content\/uploads\/2018\/11\/01.-ChesteLaLira-300x200.jpg\" class=\"attachment-medium size-medium\" alt=\"Entrega de instrumentos y conciertos conmemorativos de Santa Cecilia 2018 en Cheste.\" aria-describedby=\"gallery-1-77522\" srcset=\"https:\/\/tucomarca.whitekongsoftware.com\/wp-content\/uploads\/2018\/11\/01.-ChesteLaLira-300x200.jpg 300w, https:\/\/tucomarca.whitekongsoftware.com\/wp-content\/uploads\/2018\/11\/01.-ChesteLaLira-768x512.jpg 768w, https:\/\/tucomarca.whitekongsoftware.com\/wp-content\/uploads\/2018\/11\/01.-ChesteLaLira-1024x683.jpg 1024w\" sizes=\"auto, (max-width: 300px) 100vw, 300px\" \/><\/a>\n\t\t\t<\/div>\n\t\t\t\t<figcaption class='wp-caption-text gallery-caption' id='gallery-1-77522'>\n\t\t\t\tEntrega de instrumentos y conciertos conmemorativos de Santa Cecilia 2018 en Cheste.\n\t\t\t\t<\/figcaption><\/figure><figure class='gallery-item'>\n\t\t\t<div class='gallery-icon landscape'>\n\t\t\t\t<a href='https:\/\/tucomarca.whitekongsoftware.com\/ca\/fotogaleria-xest-viu-un-cap-de-setmana-ple-dactes-amb-motiu-de-la-celebracio-de-santa-cecilia\/02-chestelalira-2\/'><img loading=\"lazy\" decoding=\"async\" width=\"300\" height=\"200\" src=\"https:\/\/tucomarca.whitekongsoftware.com\/wp-content\/uploads\/2018\/11\/02.-ChesteLaLira-300x200.jpg\" class=\"attachment-medium size-medium\" alt=\"\" srcset=\"https:\/\/tucomarca.whitekongsoftware.com\/wp-content\/uploads\/2018\/11\/02.-ChesteLaLira-300x200.jpg 300w, https:\/\/tucomarca.whitekongsoftware.com\/wp-content\/uploads\/2018\/11\/02.-ChesteLaLira-768x512.jpg 768w, https:\/\/tucomarca.whitekongsoftware.com\/wp-content\/uploads\/2018\/11\/02.-ChesteLaLira-1024x683.jpg 1024w\" sizes=\"auto, (max-width: 300px) 100vw, 300px\" \/><\/a>\n\t\t\t<\/div><\/figure><figure class='gallery-item'>\n\t\t\t<div class='gallery-icon landscape'>\n\t\t\t\t<a href='https:\/\/tucomarca.whitekongsoftware.com\/ca\/fotogaleria-xest-viu-un-cap-de-setmana-ple-dactes-amb-motiu-de-la-celebracio-de-santa-cecilia\/03-chestelalira-2\/'><img loading=\"lazy\" decoding=\"async\" width=\"300\" height=\"200\" src=\"https:\/\/tucomarca.whitekongsoftware.com\/wp-content\/uploads\/2018\/11\/03.-ChesteLaLira-300x200.jpg\" class=\"attachment-medium size-medium\" alt=\"\" srcset=\"https:\/\/tucomarca.whitekongsoftware.com\/wp-content\/uploads\/2018\/11\/03.-ChesteLaLira-300x200.jpg 300w, https:\/\/tucomarca.whitekongsoftware.com\/wp-content\/uploads\/2018\/11\/03.-ChesteLaLira-768x512.jpg 768w, https:\/\/tucomarca.whitekongsoftware.com\/wp-content\/uploads\/2018\/11\/03.-ChesteLaLira-1024x683.jpg 1024w\" sizes=\"auto, (max-width: 300px) 100vw, 300px\" \/><\/a>\n\t\t\t<\/div><\/figure><figure class='gallery-item'>\n\t\t\t<div class='gallery-icon landscape'>\n\t\t\t\t<a href='https:\/\/tucomarca.whitekongsoftware.com\/ca\/fotogaleria-xest-viu-un-cap-de-setmana-ple-dactes-amb-motiu-de-la-celebracio-de-santa-cecilia\/04-chestelalira-2\/'><img loading=\"lazy\" decoding=\"async\" width=\"300\" height=\"200\" src=\"https:\/\/tucomarca.whitekongsoftware.com\/wp-content\/uploads\/2018\/11\/04.-ChesteLaLira-300x200.jpg\" class=\"attachment-medium size-medium\" alt=\"\" srcset=\"https:\/\/tucomarca.whitekongsoftware.com\/wp-content\/uploads\/2018\/11\/04.-ChesteLaLira-300x200.jpg 300w, https:\/\/tucomarca.whitekongsoftware.com\/wp-content\/uploads\/2018\/11\/04.-ChesteLaLira-768x512.jpg 768w, https:\/\/tucomarca.whitekongsoftware.com\/wp-content\/uploads\/2018\/11\/04.-ChesteLaLira-1024x683.jpg 1024w\" sizes=\"auto, (max-width: 300px) 100vw, 300px\" \/><\/a>\n\t\t\t<\/div><\/figure><figure class='gallery-item'>\n\t\t\t<div class='gallery-icon landscape'>\n\t\t\t\t<a href='https:\/\/tucomarca.whitekongsoftware.com\/ca\/fotogaleria-xest-viu-un-cap-de-setmana-ple-dactes-amb-motiu-de-la-celebracio-de-santa-cecilia\/05-chestelalira-2\/'><img loading=\"lazy\" decoding=\"async\" width=\"300\" height=\"200\" src=\"https:\/\/tucomarca.whitekongsoftware.com\/wp-content\/uploads\/2018\/11\/05.-ChesteLaLira-300x200.jpg\" class=\"attachment-medium size-medium\" alt=\"\" srcset=\"https:\/\/tucomarca.whitekongsoftware.com\/wp-content\/uploads\/2018\/11\/05.-ChesteLaLira-300x200.jpg 300w, https:\/\/tucomarca.whitekongsoftware.com\/wp-content\/uploads\/2018\/11\/05.-ChesteLaLira-768x512.jpg 768w, https:\/\/tucomarca.whitekongsoftware.com\/wp-content\/uploads\/2018\/11\/05.-ChesteLaLira-1024x683.jpg 1024w\" sizes=\"auto, (max-width: 300px) 100vw, 300px\" \/><\/a>\n\t\t\t<\/div><\/figure><figure class='gallery-item'>\n\t\t\t<div class='gallery-icon landscape'>\n\t\t\t\t<a href='https:\/\/tucomarca.whitekongsoftware.com\/ca\/fotogaleria-xest-viu-un-cap-de-setmana-ple-dactes-amb-motiu-de-la-celebracio-de-santa-cecilia\/06-chestelalira-2\/'><img loading=\"lazy\" decoding=\"async\" width=\"300\" height=\"200\" src=\"https:\/\/tucomarca.whitekongsoftware.com\/wp-content\/uploads\/2018\/11\/06.-ChesteLaLira-300x200.jpg\" class=\"attachment-medium size-medium\" alt=\"\" srcset=\"https:\/\/tucomarca.whitekongsoftware.com\/wp-content\/uploads\/2018\/11\/06.-ChesteLaLira-300x200.jpg 300w, https:\/\/tucomarca.whitekongsoftware.com\/wp-content\/uploads\/2018\/11\/06.-ChesteLaLira-768x512.jpg 768w, https:\/\/tucomarca.whitekongsoftware.com\/wp-content\/uploads\/2018\/11\/06.-ChesteLaLira-1024x683.jpg 1024w\" sizes=\"auto, (max-width: 300px) 100vw, 300px\" \/><\/a>\n\t\t\t<\/div><\/figure><figure class='gallery-item'>\n\t\t\t<div class='gallery-icon landscape'>\n\t\t\t\t<a href='https:\/\/tucomarca.whitekongsoftware.com\/ca\/fotogaleria-xest-viu-un-cap-de-setmana-ple-dactes-amb-motiu-de-la-celebracio-de-santa-cecilia\/07-chestelalira-2\/'><img loading=\"lazy\" decoding=\"async\" width=\"300\" height=\"200\" src=\"https:\/\/tucomarca.whitekongsoftware.com\/wp-content\/uploads\/2018\/11\/07.-ChesteLaLira-300x200.jpg\" class=\"attachment-medium size-medium\" alt=\"\" srcset=\"https:\/\/tucomarca.whitekongsoftware.com\/wp-content\/uploads\/2018\/11\/07.-ChesteLaLira-300x200.jpg 300w, https:\/\/tucomarca.whitekongsoftware.com\/wp-content\/uploads\/2018\/11\/07.-ChesteLaLira-768x512.jpg 768w, https:\/\/tucomarca.whitekongsoftware.com\/wp-content\/uploads\/2018\/11\/07.-ChesteLaLira-1024x683.jpg 1024w\" sizes=\"auto, (max-width: 300px) 100vw, 300px\" \/><\/a>\n\t\t\t<\/div><\/figure><figure class='gallery-item'>\n\t\t\t<div class='gallery-icon landscape'>\n\t\t\t\t<a href='https:\/\/tucomarca.whitekongsoftware.com\/ca\/fotogaleria-xest-viu-un-cap-de-setmana-ple-dactes-amb-motiu-de-la-celebracio-de-santa-cecilia\/08-chestelalira-2\/'><img loading=\"lazy\" decoding=\"async\" width=\"300\" height=\"200\" src=\"https:\/\/tucomarca.whitekongsoftware.com\/wp-content\/uploads\/2018\/11\/08.-ChesteLaLira-300x200.jpg\" class=\"attachment-medium size-medium\" alt=\"\" srcset=\"https:\/\/tucomarca.whitekongsoftware.com\/wp-content\/uploads\/2018\/11\/08.-ChesteLaLira-300x200.jpg 300w, https:\/\/tucomarca.whitekongsoftware.com\/wp-content\/uploads\/2018\/11\/08.-ChesteLaLira-768x512.jpg 768w, https:\/\/tucomarca.whitekongsoftware.com\/wp-content\/uploads\/2018\/11\/08.-ChesteLaLira-1024x683.jpg 1024w\" sizes=\"auto, (max-width: 300px) 100vw, 300px\" \/><\/a>\n\t\t\t<\/div><\/figure><figure class='gallery-item'>\n\t\t\t<div class='gallery-icon landscape'>\n\t\t\t\t<a href='https:\/\/tucomarca.whitekongsoftware.com\/ca\/fotogaleria-xest-viu-un-cap-de-setmana-ple-dactes-amb-motiu-de-la-celebracio-de-santa-cecilia\/09-chestelalira-2\/'><img loading=\"lazy\" decoding=\"async\" width=\"300\" height=\"200\" src=\"https:\/\/tucomarca.whitekongsoftware.com\/wp-content\/uploads\/2018\/11\/09.-ChesteLaLira-300x200.jpg\" class=\"attachment-medium size-medium\" alt=\"\" srcset=\"https:\/\/tucomarca.whitekongsoftware.com\/wp-content\/uploads\/2018\/11\/09.-ChesteLaLira-300x200.jpg 300w, https:\/\/tucomarca.whitekongsoftware.com\/wp-content\/uploads\/2018\/11\/09.-ChesteLaLira-768x512.jpg 768w, https:\/\/tucomarca.whitekongsoftware.com\/wp-content\/uploads\/2018\/11\/09.-ChesteLaLira-1024x683.jpg 1024w\" sizes=\"auto, (max-width: 300px) 100vw, 300px\" \/><\/a>\n\t\t\t<\/div><\/figure><figure class='gallery-item'>\n\t\t\t<div class='gallery-icon landscape'>\n\t\t\t\t<a href='https:\/\/tucomarca.whitekongsoftware.com\/ca\/fotogaleria-xest-viu-un-cap-de-setmana-ple-dactes-amb-motiu-de-la-celebracio-de-santa-cecilia\/10-chestelalira-2\/'><img loading=\"lazy\" decoding=\"async\" width=\"300\" height=\"200\" src=\"https:\/\/tucomarca.whitekongsoftware.com\/wp-content\/uploads\/2018\/11\/10.-ChesteLaLira-300x200.jpg\" class=\"attachment-medium size-medium\" alt=\"\" srcset=\"https:\/\/tucomarca.whitekongsoftware.com\/wp-content\/uploads\/2018\/11\/10.-ChesteLaLira-300x200.jpg 300w, https:\/\/tucomarca.whitekongsoftware.com\/wp-content\/uploads\/2018\/11\/10.-ChesteLaLira-768x512.jpg 768w, https:\/\/tucomarca.whitekongsoftware.com\/wp-content\/uploads\/2018\/11\/10.-ChesteLaLira-1024x683.jpg 1024w\" sizes=\"auto, (max-width: 300px) 100vw, 300px\" \/><\/a>\n\t\t\t<\/div><\/figure><figure class='gallery-item'>\n\t\t\t<div class='gallery-icon landscape'>\n\t\t\t\t<a href='https:\/\/tucomarca.whitekongsoftware.com\/ca\/fotogaleria-xest-viu-un-cap-de-setmana-ple-dactes-amb-motiu-de-la-celebracio-de-santa-cecilia\/11-chestelaliral-2\/'><img loading=\"lazy\" decoding=\"async\" width=\"300\" height=\"200\" src=\"https:\/\/tucomarca.whitekongsoftware.com\/wp-content\/uploads\/2018\/11\/11.-ChesteLaLiral-300x200.jpg\" class=\"attachment-medium size-medium\" alt=\"\" srcset=\"https:\/\/tucomarca.whitekongsoftware.com\/wp-content\/uploads\/2018\/11\/11.-ChesteLaLiral-300x200.jpg 300w, https:\/\/tucomarca.whitekongsoftware.com\/wp-content\/uploads\/2018\/11\/11.-ChesteLaLiral-768x512.jpg 768w, https:\/\/tucomarca.whitekongsoftware.com\/wp-content\/uploads\/2018\/11\/11.-ChesteLaLiral-1024x683.jpg 1024w\" sizes=\"auto, (max-width: 300px) 100vw, 300px\" \/><\/a>\n\t\t\t<\/div><\/figure><figure class='gallery-item'>\n\t\t\t<div class='gallery-icon landscape'>\n\t\t\t\t<a href='https:\/\/tucomarca.whitekongsoftware.com\/ca\/fotogaleria-xest-viu-un-cap-de-setmana-ple-dactes-amb-motiu-de-la-celebracio-de-santa-cecilia\/12-chestelalira-2\/'><img loading=\"lazy\" decoding=\"async\" width=\"300\" height=\"225\" src=\"https:\/\/tucomarca.whitekongsoftware.com\/wp-content\/uploads\/2018\/11\/12.-ChesteLaLira-300x225.jpg\" class=\"attachment-medium size-medium\" alt=\"\" srcset=\"https:\/\/tucomarca.whitekongsoftware.com\/wp-content\/uploads\/2018\/11\/12.-ChesteLaLira-300x225.jpg 300w, https:\/\/tucomarca.whitekongsoftware.com\/wp-content\/uploads\/2018\/11\/12.-ChesteLaLira-768x576.jpg 768w, https:\/\/tucomarca.whitekongsoftware.com\/wp-content\/uploads\/2018\/11\/12.-ChesteLaLira-1024x768.jpg 1024w, https:\/\/tucomarca.whitekongsoftware.com\/wp-content\/uploads\/2018\/11\/12.-ChesteLaLira.jpg 1600w\" sizes=\"auto, (max-width: 300px) 100vw, 300px\" \/><\/a>\n\t\t\t<\/div><\/figure><figure class='gallery-item'>\n\t\t\t<div class='gallery-icon landscape'>\n\t\t\t\t<a href='https:\/\/tucomarca.whitekongsoftware.com\/ca\/fotogaleria-xest-viu-un-cap-de-setmana-ple-dactes-amb-motiu-de-la-celebracio-de-santa-cecilia\/13-chestelalira-2\/'><img loading=\"lazy\" decoding=\"async\" width=\"300\" height=\"225\" src=\"https:\/\/tucomarca.whitekongsoftware.com\/wp-content\/uploads\/2018\/11\/13.-ChesteLaLira-300x225.jpg\" class=\"attachment-medium size-medium\" alt=\"\" srcset=\"https:\/\/tucomarca.whitekongsoftware.com\/wp-content\/uploads\/2018\/11\/13.-ChesteLaLira-300x225.jpg 300w, https:\/\/tucomarca.whitekongsoftware.com\/wp-content\/uploads\/2018\/11\/13.-ChesteLaLira-768x576.jpg 768w, https:\/\/tucomarca.whitekongsoftware.com\/wp-content\/uploads\/2018\/11\/13.-ChesteLaLira-1024x768.jpg 1024w, https:\/\/tucomarca.whitekongsoftware.com\/wp-content\/uploads\/2018\/11\/13.-ChesteLaLira.jpg 1600w\" sizes=\"auto, (max-width: 300px) 100vw, 300px\" \/><\/a>\n\t\t\t<\/div><\/figure><figure class='gallery-item'>\n\t\t\t<div class='gallery-icon landscape'>\n\t\t\t\t<a href='https:\/\/tucomarca.whitekongsoftware.com\/ca\/fotogaleria-xest-viu-un-cap-de-setmana-ple-dactes-amb-motiu-de-la-celebracio-de-santa-cecilia\/14-chestelalira-2\/'><img loading=\"lazy\" decoding=\"async\" width=\"300\" height=\"225\" src=\"https:\/\/tucomarca.whitekongsoftware.com\/wp-content\/uploads\/2018\/11\/14.-ChesteLaLira-300x225.jpg\" class=\"attachment-medium size-medium\" alt=\"\" srcset=\"https:\/\/tucomarca.whitekongsoftware.com\/wp-content\/uploads\/2018\/11\/14.-ChesteLaLira-300x225.jpg 300w, https:\/\/tucomarca.whitekongsoftware.com\/wp-content\/uploads\/2018\/11\/14.-ChesteLaLira-768x576.jpg 768w, https:\/\/tucomarca.whitekongsoftware.com\/wp-content\/uploads\/2018\/11\/14.-ChesteLaLira-1024x768.jpg 1024w, https:\/\/tucomarca.whitekongsoftware.com\/wp-content\/uploads\/2018\/11\/14.-ChesteLaLira.jpg 1600w\" sizes=\"auto, (max-width: 300px) 100vw, 300px\" \/><\/a>\n\t\t\t<\/div><\/figure><figure class='gallery-item'>\n\t\t\t<div class='gallery-icon landscape'>\n\t\t\t\t<a href='https:\/\/tucomarca.whitekongsoftware.com\/ca\/fotogaleria-xest-viu-un-cap-de-setmana-ple-dactes-amb-motiu-de-la-celebracio-de-santa-cecilia\/15-chestelalira-2\/'><img loading=\"lazy\" decoding=\"async\" width=\"300\" height=\"225\" src=\"https:\/\/tucomarca.whitekongsoftware.com\/wp-content\/uploads\/2018\/11\/15.-ChesteLaLira-300x225.jpg\" class=\"attachment-medium size-medium\" alt=\"Entrega de instrumentos y conciertos conmemorativos de Santa Cecilia 2018 en Cheste.\" aria-describedby=\"gallery-1-77550\" srcset=\"https:\/\/tucomarca.whitekongsoftware.com\/wp-content\/uploads\/2018\/11\/15.-ChesteLaLira-300x225.jpg 300w, https:\/\/tucomarca.whitekongsoftware.com\/wp-content\/uploads\/2018\/11\/15.-ChesteLaLira-768x576.jpg 768w, https:\/\/tucomarca.whitekongsoftware.com\/wp-content\/uploads\/2018\/11\/15.-ChesteLaLira-1024x768.jpg 1024w, https:\/\/tucomarca.whitekongsoftware.com\/wp-content\/uploads\/2018\/11\/15.-ChesteLaLira.jpg 1600w\" sizes=\"auto, (max-width: 300px) 100vw, 300px\" \/><\/a>\n\t\t\t<\/div>\n\t\t\t\t<figcaption class='wp-caption-text gallery-caption' id='gallery-1-77550'>\n\t\t\t\tEntrega de instrumentos y conciertos conmemorativos de Santa Cecilia 2018 en Cheste.\n\t\t\t\t<\/figcaption><\/figure>\n\t\t<\/div>\n\n","protected":false},"excerpt":{"rendered":"<div class=\"mh-excerpt\">L&#8217;Associaci\u00f3 Musical La Lira de Xest va celebrar el passat cap de setmana la festivitat de Santa Cec\u00edlia, patrona dels m\u00fasics i m\u00fasiques, amb dos concerts, la cercavila de recollida de les noves incorporacions, la <a class=\"mh-excerpt-more\" href=\"https:\/\/tucomarca.whitekongsoftware.com\/ca\/fotogaleria-xest-viu-un-cap-de-setmana-ple-dactes-amb-motiu-de-la-celebracio-de-santa-cecilia\/\" title=\"Fotogaleria: Xest viu un cap de setmana ple d&#8217;actes amb motiu de la celebraci\u00f3 de Santa Cec\u00edlia\">[+] <\/a><\/div>\n","protected":false},"author":1,"featured_media":77550,"comment_status":"open","ping_status":"open","sticky":false,"template":"","format":"standard","meta":{"footnotes":""},"categories":[11005,10898,10912,11007,10896,10974],"tags":[11109],"class_list":["post-77552","post","type-post","status-publish","format-standard","has-post-thumbnail","category-canal-musica","category-ventana-ca","category-la-hoya-ca","category-ocio-y-cultura-ca","category-seccion-ca","category-cheste-ca","tag-xest"],"_links":{"self":[{"href":"https:\/\/tucomarca.whitekongsoftware.com\/ca\/wp-json\/wp\/v2\/posts\/77552","targetHints":{"allow":["GET"]}}],"collection":[{"href":"https:\/\/tucomarca.whitekongsoftware.com\/ca\/wp-json\/wp\/v2\/posts"}],"about":[{"href":"https:\/\/tucomarca.whitekongsoftware.com\/ca\/wp-json\/wp\/v2\/types\/post"}],"author":[{"embeddable":true,"href":"https:\/\/tucomarca.whitekongsoftware.com\/ca\/wp-json\/wp\/v2\/users\/1"}],"replies":[{"embeddable":true,"href":"https:\/\/tucomarca.whitekongsoftware.com\/ca\/wp-json\/wp\/v2\/comments?post=77552"}],"version-history":[{"count":0,"href":"https:\/\/tucomarca.whitekongsoftware.com\/ca\/wp-json\/wp\/v2\/posts\/77552\/revisions"}],"wp:featuredmedia":[{"embeddable":true,"href":"https:\/\/tucomarca.whitekongsoftware.com\/ca\/wp-json\/wp\/v2\/media\/77550"}],"wp:attachment":[{"href":"https:\/\/tucomarca.whitekongsoftware.com\/ca\/wp-json\/wp\/v2\/media?parent=77552"}],"wp:term":[{"taxonomy":"category","embeddable":true,"href":"https:\/\/tucomarca.whitekongsoftware.com\/ca\/wp-json\/wp\/v2\/categories?post=77552"},{"taxonomy":"post_tag","embeddable":true,"href":"https:\/\/tucomarca.whitekongsoftware.com\/ca\/wp-json\/wp\/v2\/tags?post=77552"}],"curies":[{"name":"wp","href":"https:\/\/api.w.org\/{rel}","templated":true}]}}