{"id":77451,"date":"2018-11-11T22:02:38","date_gmt":"2018-11-11T20:02:38","guid":{"rendered":"http:\/\/www.tucomarca.com\/wordpress\/segunda\/?p=77451"},"modified":"2018-11-11T22:02:38","modified_gmt":"2018-11-11T20:02:38","slug":"les-femines-de-la-ud-iatova-segueixen-consolidant-se-com-aspirants-i-coliders-despres-de-vencer-al-monte-sion-2-4","status":"publish","type":"post","link":"https:\/\/tucomarca.whitekongsoftware.com\/ca\/les-femines-de-la-ud-iatova-segueixen-consolidant-se-com-aspirants-i-coliders-despres-de-vencer-al-monte-sion-2-4\/","title":{"rendered":"Les f\u00e8mines de la UD I\u00e0tova segueixen consolidant-se com aspirants i col\u00edders despr\u00e9s de v\u00e8ncer al Monte Si\u00f3n (2-4)"},"content":{"rendered":"<div dir=\"auto\">\n<p>Les locals van ser les primeres a colpejar, per mediaci\u00f3 de Sara al minut 11, per\u00f2 la resposta per a la UD Y\u00e1tova femen\u00ed va arribar al 28 gr\u00e0cies a l&#8217;Elena.<\/p>\n<p>La Muntanya Si\u00f3 continuava portant el partit, jugant a casa era dif\u00edcil el contrari; i Alba tornaria a posar a les locals per davant. No obstant aix\u00f2, al l\u00edmit del descans, Andrea aconseguia el 2-2 per anar-se&#8217;n a iguals al descans.<\/p>\n<p>La segona meitat seria definitiva per a la vict\u00f2ria yatovera, ja que van arribar els gols d&#8217;Ainhoa Clementen al 58 i l&#8217;\u00faltim i definitiu cop de Jennifer al 80 &#8216;que posaria el 2-4 final.<\/p>\n<p>Les yatoveras de Borja segueixen terceres amb 9 punts, compartint xifra amb les altres dues plantilles dalt lluitant pel liderat. Informa, Ra\u00fal Miralles Lacalle @raulmks<\/p>\n<\/div>\n","protected":false},"excerpt":{"rendered":"<div class=\"mh-excerpt\">Les locals van ser les primeres a colpejar, per mediaci\u00f3 de Sara al minut 11, per\u00f2 la resposta per a la UD Y\u00e1tova femen\u00ed va arribar al 28 gr\u00e0cies a l&#8217;Elena. La Muntanya Si\u00f3 continuava <a class=\"mh-excerpt-more\" href=\"https:\/\/tucomarca.whitekongsoftware.com\/ca\/les-femines-de-la-ud-iatova-segueixen-consolidant-se-com-aspirants-i-coliders-despres-de-vencer-al-monte-sion-2-4\/\" title=\"Les f\u00e8mines de la UD I\u00e0tova segueixen consolidant-se com aspirants i col\u00edders despr\u00e9s de v\u00e8ncer al Monte Si\u00f3n (2-4)\">[+] <\/a><\/div>\n","protected":false},"author":1,"featured_media":77452,"comment_status":"open","ping_status":"open","sticky":false,"template":"","format":"standard","meta":{"footnotes":""},"categories":[11015,11003,10898,10980,10912,10896],"tags":[11264],"class_list":["post-77451","post","type-post","status-publish","format-standard","has-post-thumbnail","category-canal-futbol","category-sports","category-ventana-ca","category-yatova-ca","category-la-hoya-ca","category-seccion-ca","tag-esports-ca"],"_links":{"self":[{"href":"https:\/\/tucomarca.whitekongsoftware.com\/ca\/wp-json\/wp\/v2\/posts\/77451","targetHints":{"allow":["GET"]}}],"collection":[{"href":"https:\/\/tucomarca.whitekongsoftware.com\/ca\/wp-json\/wp\/v2\/posts"}],"about":[{"href":"https:\/\/tucomarca.whitekongsoftware.com\/ca\/wp-json\/wp\/v2\/types\/post"}],"author":[{"embeddable":true,"href":"https:\/\/tucomarca.whitekongsoftware.com\/ca\/wp-json\/wp\/v2\/users\/1"}],"replies":[{"embeddable":true,"href":"https:\/\/tucomarca.whitekongsoftware.com\/ca\/wp-json\/wp\/v2\/comments?post=77451"}],"version-history":[{"count":0,"href":"https:\/\/tucomarca.whitekongsoftware.com\/ca\/wp-json\/wp\/v2\/posts\/77451\/revisions"}],"wp:featuredmedia":[{"embeddable":true,"href":"https:\/\/tucomarca.whitekongsoftware.com\/ca\/wp-json\/wp\/v2\/media\/77452"}],"wp:attachment":[{"href":"https:\/\/tucomarca.whitekongsoftware.com\/ca\/wp-json\/wp\/v2\/media?parent=77451"}],"wp:term":[{"taxonomy":"category","embeddable":true,"href":"https:\/\/tucomarca.whitekongsoftware.com\/ca\/wp-json\/wp\/v2\/categories?post=77451"},{"taxonomy":"post_tag","embeddable":true,"href":"https:\/\/tucomarca.whitekongsoftware.com\/ca\/wp-json\/wp\/v2\/tags?post=77451"}],"curies":[{"name":"wp","href":"https:\/\/api.w.org\/{rel}","templated":true}]}}