{"id":77368,"date":"2018-11-10T04:45:05","date_gmt":"2018-11-10T02:45:05","guid":{"rendered":"http:\/\/www.tucomarca.com\/wordpress\/segunda\/?p=77368"},"modified":"2018-11-10T04:45:05","modified_gmt":"2018-11-10T02:45:05","slug":"xest-participa-en-un-projecte-europeu-que-persegueix-connectar-a-la-ciutadania-de-diferents-paisos-i-frenar-el-euroesceptiscismo","status":"publish","type":"post","link":"https:\/\/tucomarca.whitekongsoftware.com\/ca\/xest-participa-en-un-projecte-europeu-que-persegueix-connectar-a-la-ciutadania-de-diferents-paisos-i-frenar-el-euroesceptiscismo\/","title":{"rendered":"Xest participa en un projecte europeu que persegueix connectar a la ciutadania de diferents pa\u00efsos i frenar el euroesceptiscismo"},"content":{"rendered":"<div class=\"\">\n<figure id=\"attachment_77364\" aria-describedby=\"caption-attachment-77364\" style=\"width: 305px\" class=\"wp-caption alignleft\"><img loading=\"lazy\" decoding=\"async\" class=\" wp-image-77364\" src=\"http:\/\/www.tucomarca.com\/wordpress\/segunda\/wp-content\/uploads\/2018\/11\/ProyectoEuropeoRumania.jpg\" alt=\"Los pr\u00f3ximos encuentros se ir\u00e1n celebrado durante 2019 en las diferentes poblaciones participantes en el proyecto.\" width=\"305\" height=\"172\" srcset=\"https:\/\/tucomarca.whitekongsoftware.com\/wp-content\/uploads\/2018\/11\/ProyectoEuropeoRumania.jpg 4128w, https:\/\/tucomarca.whitekongsoftware.com\/wp-content\/uploads\/2018\/11\/ProyectoEuropeoRumania-300x169.jpg 300w, https:\/\/tucomarca.whitekongsoftware.com\/wp-content\/uploads\/2018\/11\/ProyectoEuropeoRumania-768x432.jpg 768w, https:\/\/tucomarca.whitekongsoftware.com\/wp-content\/uploads\/2018\/11\/ProyectoEuropeoRumania-1024x576.jpg 1024w\" sizes=\"auto, (max-width: 305px) 100vw, 305px\" \/><figcaption id=\"caption-attachment-77364\" class=\"wp-caption-text\">Els propers trobades s&#8217;aniran celebrat durant 2019 en les diferents poblacions participants en el projecte.<\/figcaption><\/figure>\n<p>Una delegaci\u00f3 de Xest est\u00e0 participant en un projecte europeu de llarg recorregut emmarcat dins el programa &#8220;Europa per als ciutadans i ciutadanes&#8221;, a proposta de la regidoria de Benestar Social de l&#8217;Ajuntament, a c\u00e0rrec de M\u00aa \u00c1ngeles Llorente. Sota el lema &#8220;Vells problemes, noves solucions&#8221;, representants de set poblacions europees treballen per posar en marxa iniciatives capaces de combatre l&#8217;euroescepticisme. Aquestes ciutats s\u00f3n Xest (Espanya), Alimos (Gr\u00e8cia), San Cassiano (It\u00e0lia), Lisboa (Portugal), Gharb (Malta), Novo Mesto (Eslov\u00e8nia) i Iasi (Romania).<\/p>\n<p>A la primera trobada del projecte, celebrat recentment a la ciutat de Iasi, assistir quatre chestanos: Desir\u00e9 Cort\u00e9s, en representaci\u00f3 del Centre de Formaci\u00f3 de Persones Adultes; Rom\u00e1n S\u00e1ez, educador social de l&#8217;Ajuntament; Jos\u00e9 Casas, per part de la Fundaci\u00f3 cajacheste i Laura Cub\u00ed, directora de l&#8217;escola de m\u00fasica de l&#8217;Associaci\u00f3 Musical La Lira. Durant tres dies s&#8217;han celebrat diferents sessions de treball per crear una xarxa de cooperaci\u00f3 sostenible entre els pa\u00efsos i una estrat\u00e8gia d&#8217;actuaci\u00f3, amb objectius com remetre algunes idees negatives sobre la UE esteses entre la poblaci\u00f3 i crear consci\u00e8ncia sobre els processos de presa de decisions.<\/p>\n<p>Els participants de cada poblaci\u00f3 van tenir l&#8217;oportunitat de presentar a l&#8217;entitat a de la qual formen part i exposar les tasques que realitzen per a la poblaci\u00f3. A m\u00e9s, els quatre representants de Xest van destacar que aquesta primera trobada ha suposat &#8220;una gran oportunitat per compartir experi\u00e8ncies i informaci\u00f3 entre pa\u00efsos que pugui servir per posar en marxa noves iniciatives en la poblaci\u00f3&#8221;.<\/p>\n<p>Rom\u00e1n S\u00e1ez valorava la trobada com a &#8220;molt \u00fatil per aconseguir crear un canal de comunicaci\u00f3 bidireccional en qu\u00e8 els ciutadans puguin expressar quin \u00e9s la seva idea de la Uni\u00f3 Europea, qu\u00e8 esperen d&#8217;ella o quines necessitats tenen i, alhora, rebre informaci\u00f3 \u00fatil i ver\u00eddica sobre els objectius i el treball que es realitza en el seu si &#8220;.<\/p>\n<p>&#8220;Hem pogut fer nombrosos contactes i ja hem comen\u00e7at a forjar algunes noves iniciatives interculturals entre pa\u00efsos al marge del projecte; tamb\u00e9 hem descobert quantitat de projectes europeus i fins i tot organismes de la UE que tenen oficina a Val\u00e8ncia i que desconeix\u00edem &#8220;, destacava Laura Cub\u00ed.<\/p>\n<p>Per la seva banda, Desir\u00e9 Cort\u00e9s posava l&#8217;accent en les possibilitats que poden tenir &#8220;la mobilitzaci\u00f3 de professorat i alumnat per a participar en les diferents iniciatives i projectes que vagin sorgint&#8221; i Jos\u00e9 Cases destacava la import\u00e0ncia de treballar en aquest projecte &#8220;per tenir informaci\u00f3 de primera m\u00e0 sobre vies de finan\u00e7ament europeu i subvencions i fins i tot per signar convenis &#8220;.<\/p>\n<p>Els propers trobades s&#8217;aniran celebrat durant 2019 en les diferents poblacions participants en el projecte, sent Xest la qual rebr\u00e0 a la resta de pa\u00efsos en novembre de l&#8217;any que ve.<\/p>\n<p>&#8220;Va sorgir la possibilitat que Xest particip\u00e9s en aquest projecte europeu, totalment subvencionat, amb molt poc marge de temps. Vaig contactar amb diferents perfils que sabia que podrien espr\u00e9mer al m\u00e0xim aquesta oportunitat i la seva resposta va ser fabulosa, aix\u00ed que ens vam posar a treballar per portar la nostra participaci\u00f3 &#8220;, apuntava la regidora.<\/p>\n<\/div>\n","protected":false},"excerpt":{"rendered":"<div class=\"mh-excerpt\">Una delegaci\u00f3 de Xest est\u00e0 participant en un projecte europeu de llarg recorregut emmarcat dins el programa &#8220;Europa per als ciutadans i ciutadanes&#8221;, a proposta de la regidoria de Benestar Social de l&#8217;Ajuntament, a c\u00e0rrec <a class=\"mh-excerpt-more\" href=\"https:\/\/tucomarca.whitekongsoftware.com\/ca\/xest-participa-en-un-projecte-europeu-que-persegueix-connectar-a-la-ciutadania-de-diferents-paisos-i-frenar-el-euroesceptiscismo\/\" title=\"Xest participa en un projecte europeu que persegueix connectar a la ciutadania de diferents pa\u00efsos i frenar el euroesceptiscismo\">[+] <\/a><\/div>\n","protected":false},"author":2,"featured_media":77365,"comment_status":"open","ping_status":"open","sticky":false,"template":"","format":"standard","meta":{"footnotes":""},"categories":[10898,10894,10912,10896,10974],"tags":[10914,11109],"class_list":["post-77368","post","type-post","status-publish","format-standard","has-post-thumbnail","category-ventana-ca","category-la-comarca-ca","category-la-hoya-ca","category-seccion-ca","category-cheste-ca","tag-la-hoya-de-bunol-chiva-ca","tag-xest"],"_links":{"self":[{"href":"https:\/\/tucomarca.whitekongsoftware.com\/ca\/wp-json\/wp\/v2\/posts\/77368","targetHints":{"allow":["GET"]}}],"collection":[{"href":"https:\/\/tucomarca.whitekongsoftware.com\/ca\/wp-json\/wp\/v2\/posts"}],"about":[{"href":"https:\/\/tucomarca.whitekongsoftware.com\/ca\/wp-json\/wp\/v2\/types\/post"}],"author":[{"embeddable":true,"href":"https:\/\/tucomarca.whitekongsoftware.com\/ca\/wp-json\/wp\/v2\/users\/2"}],"replies":[{"embeddable":true,"href":"https:\/\/tucomarca.whitekongsoftware.com\/ca\/wp-json\/wp\/v2\/comments?post=77368"}],"version-history":[{"count":0,"href":"https:\/\/tucomarca.whitekongsoftware.com\/ca\/wp-json\/wp\/v2\/posts\/77368\/revisions"}],"wp:featuredmedia":[{"embeddable":true,"href":"https:\/\/tucomarca.whitekongsoftware.com\/ca\/wp-json\/wp\/v2\/media\/77365"}],"wp:attachment":[{"href":"https:\/\/tucomarca.whitekongsoftware.com\/ca\/wp-json\/wp\/v2\/media?parent=77368"}],"wp:term":[{"taxonomy":"category","embeddable":true,"href":"https:\/\/tucomarca.whitekongsoftware.com\/ca\/wp-json\/wp\/v2\/categories?post=77368"},{"taxonomy":"post_tag","embeddable":true,"href":"https:\/\/tucomarca.whitekongsoftware.com\/ca\/wp-json\/wp\/v2\/tags?post=77368"}],"curies":[{"name":"wp","href":"https:\/\/api.w.org\/{rel}","templated":true}]}}