{"id":77298,"date":"2018-11-09T13:47:02","date_gmt":"2018-11-09T11:47:02","guid":{"rendered":"http:\/\/www.tucomarca.com\/wordpress\/segunda\/?p=77298"},"modified":"2018-11-09T13:47:02","modified_gmt":"2018-11-09T11:47:02","slug":"el-xest-es-porta-finalment-el-partit-contra-el-alaquas-que-va-haver-de-ser-ajornat-pel-temporal-2-1","status":"publish","type":"post","link":"https:\/\/tucomarca.whitekongsoftware.com\/ca\/el-xest-es-porta-finalment-el-partit-contra-el-alaquas-que-va-haver-de-ser-ajornat-pel-temporal-2-1\/","title":{"rendered":"El Xest es porta finalment el partit contra el Alaqu\u00e0s que va haver de ser ajornat pel temporal (2-1)"},"content":{"rendered":"<div dir=\"auto\">\n<p>Com es recordar\u00e0, la jornada sisena a Primera Regional es va suspendre pel temporal; el que va provocar que el partit del Club Esportiu Xest arrib\u00e9s nom\u00e9s fins al descans. Per tant, va caldre suspendre i en la jornada d&#8217;aquest dijous, dia 8, s&#8217;ha disputat la segona meitat restant.<\/p>\n<p>Aix\u00ed, el Alaqu\u00e0s aconseguia empatar al minut 67, per\u00f2 a tocar del agonitzant final, els de Juan S\u00e1nchez aconseguien fer el 2-1 final al minut 89, obra d&#8217;Espurna, per aconseguir la vict\u00f2ria dels aduladors.<\/p>\n<p>D&#8217;aquesta manera el CD Xest queda set\u00e8 amb 11 punts. Informa, Ra\u00fal Miralles Lacalle @raulmks<\/p>\n<\/div>\n","protected":false},"excerpt":{"rendered":"<div class=\"mh-excerpt\">Com es recordar\u00e0, la jornada sisena a Primera Regional es va suspendre pel temporal; el que va provocar que el partit del Club Esportiu Xest arrib\u00e9s nom\u00e9s fins al descans. Per tant, va caldre suspendre <a class=\"mh-excerpt-more\" href=\"https:\/\/tucomarca.whitekongsoftware.com\/ca\/el-xest-es-porta-finalment-el-partit-contra-el-alaquas-que-va-haver-de-ser-ajornat-pel-temporal-2-1\/\" title=\"El Xest es porta finalment el partit contra el Alaqu\u00e0s que va haver de ser ajornat pel temporal (2-1)\">[+] <\/a><\/div>\n","protected":false},"author":1,"featured_media":77299,"comment_status":"open","ping_status":"open","sticky":false,"template":"","format":"standard","meta":{"footnotes":""},"categories":[11015,11003,10898,10912,10896,10974],"tags":[11298,11109],"class_list":["post-77298","post","type-post","status-publish","format-standard","has-post-thumbnail","category-canal-futbol","category-sports","category-ventana-ca","category-la-hoya-ca","category-seccion-ca","category-cheste-ca","tag-sports-ca","tag-xest"],"_links":{"self":[{"href":"https:\/\/tucomarca.whitekongsoftware.com\/ca\/wp-json\/wp\/v2\/posts\/77298","targetHints":{"allow":["GET"]}}],"collection":[{"href":"https:\/\/tucomarca.whitekongsoftware.com\/ca\/wp-json\/wp\/v2\/posts"}],"about":[{"href":"https:\/\/tucomarca.whitekongsoftware.com\/ca\/wp-json\/wp\/v2\/types\/post"}],"author":[{"embeddable":true,"href":"https:\/\/tucomarca.whitekongsoftware.com\/ca\/wp-json\/wp\/v2\/users\/1"}],"replies":[{"embeddable":true,"href":"https:\/\/tucomarca.whitekongsoftware.com\/ca\/wp-json\/wp\/v2\/comments?post=77298"}],"version-history":[{"count":0,"href":"https:\/\/tucomarca.whitekongsoftware.com\/ca\/wp-json\/wp\/v2\/posts\/77298\/revisions"}],"wp:featuredmedia":[{"embeddable":true,"href":"https:\/\/tucomarca.whitekongsoftware.com\/ca\/wp-json\/wp\/v2\/media\/77299"}],"wp:attachment":[{"href":"https:\/\/tucomarca.whitekongsoftware.com\/ca\/wp-json\/wp\/v2\/media?parent=77298"}],"wp:term":[{"taxonomy":"category","embeddable":true,"href":"https:\/\/tucomarca.whitekongsoftware.com\/ca\/wp-json\/wp\/v2\/categories?post=77298"},{"taxonomy":"post_tag","embeddable":true,"href":"https:\/\/tucomarca.whitekongsoftware.com\/ca\/wp-json\/wp\/v2\/tags?post=77298"}],"curies":[{"name":"wp","href":"https:\/\/api.w.org\/{rel}","templated":true}]}}