{"id":77265,"date":"2018-11-09T17:04:10","date_gmt":"2018-11-09T15:04:10","guid":{"rendered":"http:\/\/www.tucomarca.com\/wordpress\/segunda\/?p=77265"},"modified":"2018-11-09T17:05:11","modified_gmt":"2018-11-09T15:05:11","slug":"xest-iniciara-les-celebracions-del-gp-de-motociclisme-amb-la-benvinguda-a-laficio-i-un-homenatge-al-pilot-dani-pedrosa","status":"publish","type":"post","link":"https:\/\/tucomarca.whitekongsoftware.com\/ca\/xest-iniciara-les-celebracions-del-gp-de-motociclisme-amb-la-benvinguda-a-laficio-i-un-homenatge-al-pilot-dani-pedrosa\/","title":{"rendered":"Xest iniciar\u00e0 les celebracions del GP de Motociclisme amb la benvinguda a l&#8217;afici\u00f3 i un homenatge al pilot Dani Pedrosa"},"content":{"rendered":"<figure id=\"attachment_62315\" aria-describedby=\"caption-attachment-62315\" style=\"width: 314px\" class=\"wp-caption alignleft\"><img loading=\"lazy\" decoding=\"async\" class=\" wp-image-62315\" src=\"http:\/\/www.tucomarca.com\/wordpress\/segunda\/wp-content\/uploads\/2017\/11\/ChesteMundial17.jpg\" alt=\"La plaza del Doctor Cajal de Cheste durante el recibimiento a los moteros.\" width=\"314\" height=\"209\" srcset=\"https:\/\/tucomarca.whitekongsoftware.com\/wp-content\/uploads\/2017\/11\/ChesteMundial17.jpg 5184w, https:\/\/tucomarca.whitekongsoftware.com\/wp-content\/uploads\/2017\/11\/ChesteMundial17-300x200.jpg 300w, https:\/\/tucomarca.whitekongsoftware.com\/wp-content\/uploads\/2017\/11\/ChesteMundial17-768x512.jpg 768w, https:\/\/tucomarca.whitekongsoftware.com\/wp-content\/uploads\/2017\/11\/ChesteMundial17-1024x683.jpg 1024w\" sizes=\"auto, (max-width: 314px) 100vw, 314px\" \/><figcaption id=\"caption-attachment-62315\" class=\"wp-caption-text\">La pla\u00e7a del Doctor Cajal de Cheste durant la rebuda als motoristes.<\/figcaption><\/figure>\n<p>El divendres 16 de novembre Xest celebrar\u00e0 l&#8217;acte de benvinguda a l&#8217;afici\u00f3, amb motiu del Gran Premi de Motociclisme 2018.<\/p>\n<p>A les 19:30 hores una concentraci\u00f3 de motards desfilar\u00e0 des de l&#8217;entrada del municipi fins a la pla\u00e7a Doctor Cajal, on, a partir de les 20 hores, els pilots i l&#8217;alcalde de Xest, Jos\u00e9 Morell, saludaran i donaran la benvinguda a l&#8217;afici\u00f3 . Tot seguit comen\u00e7ar\u00e0 l&#8217;homenatge al tres vegades campi\u00f3 del m\u00f3n en motociclisme en diferents categories, Dani Pedrosa.<\/p>\n<p>A les 20:45 hores es projectar\u00e0 un videomapping sobre la fa\u00e7ana de l&#8217;Ajuntament, a la mateixa pla\u00e7a Doctor Cajal. Per tancar l&#8217;esdeveniment, a les 21 hores, es disparar\u00e0 un castell de focs artificials, a c\u00e0rrec de la Pirotencia Ricardo Caballer, des de la pla\u00e7a del mercat ia partir de les 21:15 hores, l&#8217;afici\u00f3 podr\u00e0 gaudir de la degustaci\u00f3 d&#8217;una paella gegant, elaborada per Galbis a la pla\u00e7a Doctor Cajal.<\/p>\n<p>A m\u00e9s, durant els dies 16, 17 i 18 de novembre, l&#8217;Ajuntament de Xest ha organitzat activitats paral\u00b7leles a la celebraci\u00f3 del GP de Motociclisme que comen\u00e7aran el mateix divendres, 16 de novembre, amb un espectacle musical al p\u00e0rquing de la carretera de Ll\u00edria que comptar\u00e0 amb l&#8217;actuaci\u00f3 de diversos DJs. &#8220;I, un any m\u00e9s, tornarem a comptar amb una pantalla LED gegant instal\u00b7lada a la pla\u00e7a Doctor Cajal, des d&#8217;on oferirem la retransmissi\u00f3 d&#8217;entrenaments en directe el dia 17 i de les carreres el dia 18&#8221;, ha anunciat la regidora Carmen Prim.<\/p>\n<p><strong>Acreditaci\u00f3 de mitjans de comunicaci\u00f3 per assistir a l&#8217;acte de benvinguda a l&#8217;afici\u00f3:<\/strong><\/p>\n<p>En cheste_pre@gva.es abans del dijous 15 de novembre.<\/p>\n<p>Imprescindible indicar nom i cognom de la persones que assistiran a l&#8217;acte, DNI, tel\u00e8fon i correu electr\u00f2nic de contacte, mitj\u00e0 de comunicaci\u00f3 i necessitats t\u00e8cniques.<\/p>\n<p><strong>Recollida d&#8217;acreditacions:<\/strong><\/p>\n<p>Divendres 16 de novembre de 9 a 14 hores i de 16 a 19 ha l&#8217;Ajuntament de Xest.<\/p>\n<p>Tel\u00e8fon de contacte: 690.168.162.<\/p>\n<p>Dep. De Comunicaci\u00f3 \u00b7 Ajuntament de Xest<\/p>\n<p>Helena Alonso \/ Gada Azizieh<\/p>\n<p><strong>Programa d&#8217;actes paral\u00b7lels a la celebraci\u00f3 del Gran Premi de Motociclisme 2018<\/strong><\/p>\n<p><img loading=\"lazy\" decoding=\"async\" class=\"alignleft size-full wp-image-77262\" src=\"http:\/\/www.tucomarca.com\/wordpress\/segunda\/wp-content\/uploads\/2018\/11\/graficoCheste.jpg\" alt=\"\" width=\"428\" height=\"724\" srcset=\"https:\/\/tucomarca.whitekongsoftware.com\/wp-content\/uploads\/2018\/11\/graficoCheste.jpg 428w, https:\/\/tucomarca.whitekongsoftware.com\/wp-content\/uploads\/2018\/11\/graficoCheste-177x300.jpg 177w\" sizes=\"auto, (max-width: 428px) 100vw, 428px\" \/><\/p>\n","protected":false},"excerpt":{"rendered":"<div class=\"mh-excerpt\">El divendres 16 de novembre Xest celebrar\u00e0 l&#8217;acte de benvinguda a l&#8217;afici\u00f3, amb motiu del Gran Premi de Motociclisme 2018. A les 19:30 hores una concentraci\u00f3 de motards desfilar\u00e0 des de l&#8217;entrada del municipi fins <a class=\"mh-excerpt-more\" href=\"https:\/\/tucomarca.whitekongsoftware.com\/ca\/xest-iniciara-les-celebracions-del-gp-de-motociclisme-amb-la-benvinguda-a-laficio-i-un-homenatge-al-pilot-dani-pedrosa\/\" title=\"Xest iniciar\u00e0 les celebracions del GP de Motociclisme amb la benvinguda a l&#8217;afici\u00f3 i un homenatge al pilot Dani Pedrosa\">[+] <\/a><\/div>\n","protected":false},"author":2,"featured_media":77263,"comment_status":"open","ping_status":"open","sticky":false,"template":"","format":"standard","meta":{"footnotes":""},"categories":[11003,10898,10912,11011,10896,10974],"tags":[11222,11326,10914],"class_list":["post-77265","post","type-post","status-publish","format-standard","has-post-thumbnail","category-sports","category-ventana-ca","category-la-hoya-ca","category-motociclismo-ca","category-seccion-ca","category-cheste-ca","tag-ayuntamiento-de-cheste-ca","tag-gp-de-motociclismo-cheste-ca","tag-la-hoya-de-bunol-chiva-ca"],"_links":{"self":[{"href":"https:\/\/tucomarca.whitekongsoftware.com\/ca\/wp-json\/wp\/v2\/posts\/77265","targetHints":{"allow":["GET"]}}],"collection":[{"href":"https:\/\/tucomarca.whitekongsoftware.com\/ca\/wp-json\/wp\/v2\/posts"}],"about":[{"href":"https:\/\/tucomarca.whitekongsoftware.com\/ca\/wp-json\/wp\/v2\/types\/post"}],"author":[{"embeddable":true,"href":"https:\/\/tucomarca.whitekongsoftware.com\/ca\/wp-json\/wp\/v2\/users\/2"}],"replies":[{"embeddable":true,"href":"https:\/\/tucomarca.whitekongsoftware.com\/ca\/wp-json\/wp\/v2\/comments?post=77265"}],"version-history":[{"count":0,"href":"https:\/\/tucomarca.whitekongsoftware.com\/ca\/wp-json\/wp\/v2\/posts\/77265\/revisions"}],"wp:featuredmedia":[{"embeddable":true,"href":"https:\/\/tucomarca.whitekongsoftware.com\/ca\/wp-json\/wp\/v2\/media\/77263"}],"wp:attachment":[{"href":"https:\/\/tucomarca.whitekongsoftware.com\/ca\/wp-json\/wp\/v2\/media?parent=77265"}],"wp:term":[{"taxonomy":"category","embeddable":true,"href":"https:\/\/tucomarca.whitekongsoftware.com\/ca\/wp-json\/wp\/v2\/categories?post=77265"},{"taxonomy":"post_tag","embeddable":true,"href":"https:\/\/tucomarca.whitekongsoftware.com\/ca\/wp-json\/wp\/v2\/tags?post=77265"}],"curies":[{"name":"wp","href":"https:\/\/api.w.org\/{rel}","templated":true}]}}