{"id":76855,"date":"2018-11-02T15:06:16","date_gmt":"2018-11-02T13:06:16","guid":{"rendered":"http:\/\/www.tucomarca.com\/wordpress\/segunda\/?p=76855"},"modified":"2018-11-02T15:09:58","modified_gmt":"2018-11-02T13:09:58","slug":"el-pleno-de-bunol-aprueba-comenzar-los-tramites-para-solicitar-a-la-unesco-que-el-municipio-forme-parte-de-la-red-de-ciudades-creativas-de-la-musica","status":"publish","type":"post","link":"https:\/\/tucomarca.whitekongsoftware.com\/ca\/el-pleno-de-bunol-aprueba-comenzar-los-tramites-para-solicitar-a-la-unesco-que-el-municipio-forme-parte-de-la-red-de-ciudades-creativas-de-la-musica\/","title":{"rendered":"El Ple de Bunyol aprova comen\u00e7ar els tr\u00e0mits per sol\u00b7licitar a la UNESCO que el municipi formi part de la Xarxa de Ciutats Creatives de la M\u00fasica"},"content":{"rendered":"<figure id=\"attachment_76860\" aria-describedby=\"caption-attachment-76860\" style=\"width: 310px\" class=\"wp-caption alignleft\"><img loading=\"lazy\" decoding=\"async\" class=\" wp-image-76860\" src=\"http:\/\/www.tucomarca.com\/wordpress\/segunda\/wp-content\/uploads\/2018\/11\/ayuntamiento-bunol.jpg\" alt=\"En el pleno del pasado lunes se aprobaron otras dos mociones, una dirigida a la Conselleria de Econom\u00eda para solicitar una ampliaci\u00f3n del plazo de justificaci\u00f3n de la subvenci\u00f3n del IVACE a los pol\u00edgonos de la localidad, y otra para proteger la seguridad de los ciclistas en nuestras carreteras.\" width=\"310\" height=\"221\" srcset=\"https:\/\/tucomarca.whitekongsoftware.com\/wp-content\/uploads\/2018\/11\/ayuntamiento-bunol.jpg 3579w, https:\/\/tucomarca.whitekongsoftware.com\/wp-content\/uploads\/2018\/11\/ayuntamiento-bunol-300x214.jpg 300w, https:\/\/tucomarca.whitekongsoftware.com\/wp-content\/uploads\/2018\/11\/ayuntamiento-bunol-768x547.jpg 768w, https:\/\/tucomarca.whitekongsoftware.com\/wp-content\/uploads\/2018\/11\/ayuntamiento-bunol-1024x730.jpg 1024w\" sizes=\"auto, (max-width: 310px) 100vw, 310px\" \/><figcaption id=\"caption-attachment-76860\" class=\"wp-caption-text\">En el pleno del pasado lunes se aprobaron otras dos mociones, una dirigida a la Conselleria de Econom\u00eda para solicitar una ampliaci\u00f3n del plazo de justificaci\u00f3n de la subvenci\u00f3n del IVACE a los pol\u00edgonos de la localidad, y otra para proteger la seguridad de los ciclistas en nuestras carreteras.<\/figcaption><\/figure>\n<p>El Ayuntamiento de Bu\u00f1ol ha aprobado\u00a0en la \u00faltima sesi\u00f3n plenaria ordinaria, celebrada este pasado lunes 29 de octubre por unanimidad de todos los partidos con representaci\u00f3n en el consistorio tres mociones de gran calado para la poblaci\u00f3n.<\/p>\n<p>Por parte del Partido Socialista, Juncal Carrascosa, alcaldesa del Ayuntamiento, defendi\u00f3 una moci\u00f3n sobre la adhesi\u00f3n a la Red de Ciudades Creativas de UNESCO. En ella se compromete a todos los Grupos Municipales a realizar los tr\u00e1mites necesarios para la adhesi\u00f3n de Bu\u00f1ol a la Red de Ciudades Creativas, en la modalidad de Ciudad Creativa de la M\u00fasica en la pr\u00f3xima convocatoria de la UNESCO.<\/p>\n<p>Tambi\u00e9n la concejal socialista, Marta P\u00e9rez, responsable de Deportes, inst\u00f3 a todos los partidos pol\u00edticos la aprobaci\u00f3n por unanimidad de una moci\u00f3n para proteger la seguridad de los ciclistas en nuestras carreteras y t\u00e9rmino municipal. Adem\u00e1s, en esta moci\u00f3n se establece instar al Gobierno de Espa\u00f1a a que revise el C\u00f3digo Penal en lo referente a los delitos de homicidio imprudente, lesiones por imprudencia grave, omisi\u00f3n del deber de socorro y contra la seguridad vial cuando se haya probado la ingesta de alcohol o drogas del causante del accidente. Tambi\u00e9n se aprueba la colocaci\u00f3n de carteles informativos en grandes avenidas, mantenimiento de carreteras y creaci\u00f3n de espacios habilitados para entrenamiento y disfrute de los ciclistas, especialmente para ni\u00f1os y ni\u00f1as, e incrementar el aparcamiento de bicicletas. Bu\u00f1ol es una localidad donde la pr\u00e1ctica del ciclismo est\u00e1 muy arraigada y a pesar de contar con una orograf\u00eda compleja para el uso de la bicicleta como medio de transporte, \u201cel Ayuntamiento se une a esta reclamaci\u00f3n que numerosos municipios y grandes ciudades han elevado a pleno\u201d, destaca la primer edil.<\/p>\n<p>Por \u00faltimo, Rafael P\u00e9rez, primer teniente de Alcalde, y concejal de IU, elev\u00f3 una moci\u00f3n para su aprobaci\u00f3n en la que se solicita a la Conselleria de Econom\u00eda que permita ampliar el plazo de justificaci\u00f3n del 45% del proyecto en tres meses pudi\u00e9ndolo justificar hasta 31 de diciembre como en la actual regulaci\u00f3n. Tambi\u00e9n se solicita en la moci\u00f3n a esta conselleria que todas las subvenciones promovidas por \u00e9sta pasen a ser plurianuales. Seguidamente, solicita al Presidente de la Generalitat que medie en este asunto y as\u00ed dar conocimiento de esta moci\u00f3n a los grupos pol\u00edticos de Les Corts y a las Consellerias de Econom\u00eda y Hacienda.<\/p>\n<p>Y es que, seg\u00fan informa Juncal Carrascosa, tras la concesi\u00f3n por parte del IVACE superior a los 500.000 euros para la mejora y acondicionamiento de los dos pol\u00edgonos industriales de la poblaci\u00f3n (El Rinc\u00f3n y El Llano), los plazos impuestos por la Conselleria de Econom\u00eda de arranque de las obras deb\u00eda ser antes de finalizaci\u00f3n de este a\u00f1o, \u201calgo que es imposible teniendo en cuenta el funcionamiento de este Ayuntamiento, de gran trabajo para nuestros t\u00e9cnicos y que es algo extensible a municipios y ciudades de la Comunitat, por lo que entendemos que es una reclamaci\u00f3n justa\u201d. Se aprob\u00f3 por unanimidad y, Carrascosa ha confirmado que tras la aprobaci\u00f3n de esta moci\u00f3n la Conselleria se ha puesto en contacto con este Ayuntamiento para tratar este tema.<\/p>\n","protected":false},"excerpt":{"rendered":"<div class=\"mh-excerpt\">El Ayuntamiento de Bu\u00f1ol ha aprobado\u00a0en la \u00faltima sesi\u00f3n plenaria ordinaria, celebrada este pasado lunes 29 de octubre por unanimidad de todos los partidos con representaci\u00f3n en el consistorio tres mociones de gran calado para <a class=\"mh-excerpt-more\" href=\"https:\/\/tucomarca.whitekongsoftware.com\/ca\/el-pleno-de-bunol-aprueba-comenzar-los-tramites-para-solicitar-a-la-unesco-que-el-municipio-forme-parte-de-la-red-de-ciudades-creativas-de-la-musica\/\" title=\"El Ple de Bunyol aprova comen\u00e7ar els tr\u00e0mits per sol\u00b7licitar a la UNESCO que el municipi formi part de la Xarxa de Ciutats Creatives de la M\u00fasica\">[+] <\/a><\/div>\n","protected":false},"author":1,"featured_media":76860,"comment_status":"open","ping_status":"open","sticky":false,"template":"","format":"standard","meta":{"footnotes":""},"categories":[10911,10948,10894,10912,10947,10896],"tags":[9906],"class_list":["post-76855","post","type-post","status-publish","format-standard","has-post-thumbnail","category-bunol-ca","category-infraestructuras-ca","category-la-comarca-ca","category-la-hoya-ca","category-politica","category-seccion-ca","tag-bunyol"],"_links":{"self":[{"href":"https:\/\/tucomarca.whitekongsoftware.com\/ca\/wp-json\/wp\/v2\/posts\/76855","targetHints":{"allow":["GET"]}}],"collection":[{"href":"https:\/\/tucomarca.whitekongsoftware.com\/ca\/wp-json\/wp\/v2\/posts"}],"about":[{"href":"https:\/\/tucomarca.whitekongsoftware.com\/ca\/wp-json\/wp\/v2\/types\/post"}],"author":[{"embeddable":true,"href":"https:\/\/tucomarca.whitekongsoftware.com\/ca\/wp-json\/wp\/v2\/users\/1"}],"replies":[{"embeddable":true,"href":"https:\/\/tucomarca.whitekongsoftware.com\/ca\/wp-json\/wp\/v2\/comments?post=76855"}],"version-history":[{"count":0,"href":"https:\/\/tucomarca.whitekongsoftware.com\/ca\/wp-json\/wp\/v2\/posts\/76855\/revisions"}],"wp:featuredmedia":[{"embeddable":true,"href":"https:\/\/tucomarca.whitekongsoftware.com\/ca\/wp-json\/wp\/v2\/media\/76860"}],"wp:attachment":[{"href":"https:\/\/tucomarca.whitekongsoftware.com\/ca\/wp-json\/wp\/v2\/media?parent=76855"}],"wp:term":[{"taxonomy":"category","embeddable":true,"href":"https:\/\/tucomarca.whitekongsoftware.com\/ca\/wp-json\/wp\/v2\/categories?post=76855"},{"taxonomy":"post_tag","embeddable":true,"href":"https:\/\/tucomarca.whitekongsoftware.com\/ca\/wp-json\/wp\/v2\/tags?post=76855"}],"curies":[{"name":"wp","href":"https:\/\/api.w.org\/{rel}","templated":true}]}}