{"id":76816,"date":"2018-11-02T14:17:51","date_gmt":"2018-11-02T12:17:51","guid":{"rendered":"http:\/\/www.tucomarca.com\/wordpress\/segunda\/?p=76816"},"modified":"2018-11-02T14:17:51","modified_gmt":"2018-11-02T12:17:51","slug":"la-comissio-de-medi-ambient-de-la-femp-visita-les-instal%c2%b7lacions-del-consorci-valencia-interior-a-caudete-de-les-fonts","status":"publish","type":"post","link":"https:\/\/tucomarca.whitekongsoftware.com\/ca\/la-comissio-de-medi-ambient-de-la-femp-visita-les-instal%c2%b7lacions-del-consorci-valencia-interior-a-caudete-de-les-fonts\/","title":{"rendered":"La Comissi\u00f3 de Medi Ambient de la FEMP visita les instal\u00b7lacions del Consorci Val\u00e8ncia Interior a Caudete de les Fonts"},"content":{"rendered":"<figure id=\"attachment_76813\" aria-describedby=\"caption-attachment-76813\" style=\"width: 388px\" class=\"wp-caption alignleft\"><img loading=\"lazy\" decoding=\"async\" class=\" wp-image-76813\" src=\"http:\/\/www.tucomarca.com\/wordpress\/segunda\/wp-content\/uploads\/2018\/11\/foto6.jpg\" alt=\"La Comisi\u00f3n de Medio Ambiente de la FEMP en las instalaciones del CVI en Caudete de las Fuentes.\" width=\"388\" height=\"190\" \/><figcaption id=\"caption-attachment-76813\" class=\"wp-caption-text\">La Comissi\u00f3 de Medi Ambient de la FEMP a les instal\u00b7lacions del CVI a Caudete de les Fonts.<\/figcaption><\/figure>\n<p><strong>Alcaldes i regidors de tot Espanya coneixen de primera m\u00e0 la planta de tractament de residus i l&#8217;abocador com a referents per la seva tecnologia, el seu rendiment i la seua integraci\u00f3 en l&#8217;entorn<\/strong><\/p>\n<p>Els membres de la Comissi\u00f3 de Medi Ambient de la Federaci\u00f3 Espanyola de Municipis i Prov\u00edncies (FEMP) han visitat les instal\u00b7lacions del Consorci Val\u00e8ncia Interior a Caudete de les Fonts. Un total de dotze alcaldes i regidors arribats de diversos punts d&#8217;Espanya van poder con\u00e8ixer de primera m\u00e0 la planta de tractament de residus de Caudete de les Fonts i l&#8217;abocador, referents pel seu rendiment de recuperaci\u00f3 de materials aprofitables, per la seva integraci\u00f3 en l&#8217;entorn, per la seva l\u00ednia \u00fanica de recuperaci\u00f3 de vidre, alumini i \u00e0rids despr\u00e9s el compostatge i per la seva depuradora de lixiviats.<\/p>\n<p>El president del CVI, Manuel Civera, membre de la comissi\u00f3 de Medi Ambient de la FEMP, ha exercit d&#8217;amfitri\u00f3 i ha agra\u00eft la pres\u00e8ncia dels membres d&#8217;aquesta comissi\u00f3 que s&#8217;ha despla\u00e7at per celebrar la seva reuni\u00f3 a Ll\u00edria. Els assistents han agra\u00eft l&#8217;acollida rebuda i han pogut departir sobre q\u00fcestions mediambientals. Menci\u00f3 especial va tenir el dip\u00f2sit de depuraci\u00f3 per ultrafiltraci\u00f3 de les aig\u00fces de proc\u00e9s i els lixiviats de l&#8217;abocador, on van comprovar que gr\u00e0cies a aquest proc\u00e9s, els lixiviats passen de ser un residu contaminant a transformar-se en aigua neta. \u00c9s a dir, passa de ser un residu problem\u00e0tic a un recurs valu\u00f3s.<\/p>\n<p>Els alcaldes i regidors es van interessar tamb\u00e9 per l&#8217;eina pionera del CVI, meu compte Ambiental, gr\u00e0cies a la qual es bonifica a les persones usu\u00e0ries que tinguin un bon comportament ciutad\u00e0 amb el reciclatge. Aquest aspecte va ser lloat pels assistents, els quals fins i tot van parlar de poder importar aquest servei als seus llocs de proced\u00e8ncia.<\/p>\n<p>A m\u00e9s, van poder veure la l\u00ednia de recuperaci\u00f3 de fragments de vidre despr\u00e9s del compostatge a la planta, que ha possibilitat una millora en l&#8217;efici\u00e8ncia global de recuperaci\u00f3. Aquest sistema \u00e9s el primer d&#8217;aquestes caracter\u00edstiques que s&#8217;ha implantat a la Comunitat Valenciana i amb ell augmenta un 4% m\u00e9s la quantitat de materials recuperats a les instal\u00b7lacions del Consorci.<\/p>\n<p>Civera ha manifestat que el Consorci Val\u00e8ncia Interior &#8220;\u00e9s una entitat compromesa amb el medi ambient i que, des de l&#8217;inici i abans fins i tot de la construcci\u00f3 de les instal\u00b7lacions, va dissenyar les mateixes comptant amb l&#8217;\u00faltima tecnologia per obtenir els millors resultats mediambientals&#8221; i va recalcar que el Consorci que presideix &#8220;t\u00e9 com a objectiu convertir-se en l&#8217;entitat referent en l&#8217;\u00e0mbit de la gesti\u00f3 de residus i la lluita contra el canvi clim\u00e0tic&#8221;.<\/p>\n","protected":false},"excerpt":{"rendered":"<div class=\"mh-excerpt\">Alcaldes i regidors de tot Espanya coneixen de primera m\u00e0 la planta de tractament de residus i l&#8217;abocador com a referents per la seva tecnologia, el seu rendiment i la seua integraci\u00f3 en l&#8217;entorn Els <a class=\"mh-excerpt-more\" href=\"https:\/\/tucomarca.whitekongsoftware.com\/ca\/la-comissio-de-medi-ambient-de-la-femp-visita-les-instal%c2%b7lacions-del-consorci-valencia-interior-a-caudete-de-les-fonts\/\" title=\"La Comissi\u00f3 de Medi Ambient de la FEMP visita les instal\u00b7lacions del Consorci Val\u00e8ncia Interior a Caudete de les Fonts\">[+] <\/a><\/div>\n","protected":false},"author":2,"featured_media":76814,"comment_status":"open","ping_status":"open","sticky":false,"template":"","format":"standard","meta":{"footnotes":""},"categories":[11032,10898,10904,10903,10909,10896],"tags":[11304,11117,11305],"class_list":["post-76816","post","type-post","status-publish","format-standard","has-post-thumbnail","category-caudete-ca","category-ventana-ca","category-sin-categorizar-ca","category-medio-ambiente-la-comarca-ca","category-requena-utiel-ca","category-seccion-ca","tag-caudete-de-la-fuentes-ca","tag-consorcio-valencia-interior-ca","tag-cvi-ca"],"_links":{"self":[{"href":"https:\/\/tucomarca.whitekongsoftware.com\/ca\/wp-json\/wp\/v2\/posts\/76816","targetHints":{"allow":["GET"]}}],"collection":[{"href":"https:\/\/tucomarca.whitekongsoftware.com\/ca\/wp-json\/wp\/v2\/posts"}],"about":[{"href":"https:\/\/tucomarca.whitekongsoftware.com\/ca\/wp-json\/wp\/v2\/types\/post"}],"author":[{"embeddable":true,"href":"https:\/\/tucomarca.whitekongsoftware.com\/ca\/wp-json\/wp\/v2\/users\/2"}],"replies":[{"embeddable":true,"href":"https:\/\/tucomarca.whitekongsoftware.com\/ca\/wp-json\/wp\/v2\/comments?post=76816"}],"version-history":[{"count":0,"href":"https:\/\/tucomarca.whitekongsoftware.com\/ca\/wp-json\/wp\/v2\/posts\/76816\/revisions"}],"wp:featuredmedia":[{"embeddable":true,"href":"https:\/\/tucomarca.whitekongsoftware.com\/ca\/wp-json\/wp\/v2\/media\/76814"}],"wp:attachment":[{"href":"https:\/\/tucomarca.whitekongsoftware.com\/ca\/wp-json\/wp\/v2\/media?parent=76816"}],"wp:term":[{"taxonomy":"category","embeddable":true,"href":"https:\/\/tucomarca.whitekongsoftware.com\/ca\/wp-json\/wp\/v2\/categories?post=76816"},{"taxonomy":"post_tag","embeddable":true,"href":"https:\/\/tucomarca.whitekongsoftware.com\/ca\/wp-json\/wp\/v2\/tags?post=76816"}],"curies":[{"name":"wp","href":"https:\/\/api.w.org\/{rel}","templated":true}]}}