{"id":76704,"date":"2018-10-30T21:53:18","date_gmt":"2018-10-30T19:53:18","guid":{"rendered":"http:\/\/www.tucomarca.com\/wordpress\/segunda\/?p=76704"},"modified":"2018-10-30T21:53:18","modified_gmt":"2018-10-30T19:53:18","slug":"la-unitat-de-neurorehabilitacio-infantil-de-lhospital-de-manises-aten-26-joves-amb-dany-cerebral","status":"publish","type":"post","link":"https:\/\/tucomarca.whitekongsoftware.com\/ca\/la-unitat-de-neurorehabilitacio-infantil-de-lhospital-de-manises-aten-26-joves-amb-dany-cerebral\/","title":{"rendered":"La Unitat de Neurorehabilitaci\u00f3 Infantil de l&#8217;Hospital de Manises at\u00e9n 26 joves amb dany cerebral."},"content":{"rendered":"<figure id=\"attachment_76700\" aria-describedby=\"caption-attachment-76700\" style=\"width: 232px\" class=\"wp-caption alignleft\"><img loading=\"lazy\" decoding=\"async\" class=\" wp-image-76700\" src=\"http:\/\/www.tucomarca.com\/wordpress\/segunda\/wp-content\/uploads\/2018\/10\/Neurorrehab_Infantil.jpg\" alt=\"La Unidad de Neurorrehabilitaci\u00f3n Infantil del Hospital de Manises atiende a 26 j\u00f3venes con da\u00f1o cerebral.\" width=\"232\" height=\"174\" srcset=\"https:\/\/tucomarca.whitekongsoftware.com\/wp-content\/uploads\/2018\/10\/Neurorrehab_Infantil.jpg 3264w, https:\/\/tucomarca.whitekongsoftware.com\/wp-content\/uploads\/2018\/10\/Neurorrehab_Infantil-300x225.jpg 300w, https:\/\/tucomarca.whitekongsoftware.com\/wp-content\/uploads\/2018\/10\/Neurorrehab_Infantil-768x576.jpg 768w, https:\/\/tucomarca.whitekongsoftware.com\/wp-content\/uploads\/2018\/10\/Neurorrehab_Infantil-1024x768.jpg 1024w\" sizes=\"auto, (max-width: 232px) 100vw, 232px\" \/><figcaption id=\"caption-attachment-76700\" class=\"wp-caption-text\">L&#8217;Hospital de Manises at\u00e9n 26 joves amb dany cerebral.<\/figcaption><\/figure>\n<p><strong>El centre hospitalari \u00e9s l&#8217;\u00fanic de la xarxa d&#8217;hospitals p\u00fablics de la Comunitat Valenciana que compta amb una unitat integrada d&#8217;aquestes caracter\u00edstiques<\/strong><\/p>\n<p><strong>Els tractaments a poblaci\u00f3 infantil amb dany cerebral van dirigits a minimitzar i compensar les alteracions funcionals associades a la lesi\u00f3 que s&#8217;ha produ\u00eft en el petit<\/strong><\/p>\n<p><strong>&#8220;Les ter\u00e0pies que desenvolupem a la Unitat s\u00f3n multidisciplinars i compten amb la participaci\u00f3 activa de les fam\u00edlies&#8221;, explica la seua coordinadora Virginia P\u00e9rez<\/strong><\/p>\n<p>L&#8217;Hospital de Manises, a trav\u00e9s de la seva Unitat de Neurorehabilitaci\u00f3 Infantil, est\u00e0 atenent a dia d&#8217;avui a 26 nens i nenes amb lesions cerebrals. Juntament amb aquests joves, d&#8217;edats que van des dels zero fins als quinze anys, treballa un equip multidisciplinari compost per neuropediatres, neuropsic\u00f2legs, logopedes, terapeutes ocupacionals, metges rehabilitadors, fisioterapeutes i treballadors socials que ofereixen tractament individualitzat i grupal a cada un d&#8217;ells , encaminat a millorar la qualitat de vida dels pacients i aconseguir la major independ\u00e8ncia possible.<\/p>\n<p>La Unitat, que compleix sis anys des de la seua posada en marxa, ha fet balan\u00e7 de la seva tasca amb motiu del Dia Mundial del Dany Cerebral Adquirit com l&#8217;\u00fanic hospital p\u00fablic valenci\u00e0 que compta amb un servei integrat d&#8217;aquestes caracter\u00edstiques.<\/p>\n<p>El tipus de tractament que reben els pacients \u00e9s doble: individualitzat i grupal, i va en funci\u00f3 dels objectius que cal treballar, personalitzats per a cada un d&#8217;ells.<\/p>\n<p><strong>Tractaments espec\u00edfics<\/strong><\/p>\n<p>D&#8217;aquesta manera, es tra\u00e7a un pla d&#8217;intervenci\u00f3 individualitzat juntament amb les fam\u00edlies, establint els objectius que ambdues parts consideren m\u00e9s \u00fatils per al desenvolupament del xiquet\u00a0o la xiqueta. I en el cas dels pacients m\u00e9s grans, aquests poden participar en l&#8217;elaboraci\u00f3 del pla individualitzat.<\/p>\n<p>Sobre aix\u00f2, la coordinadora de la Unitat de Neurorehabilitaci\u00f3 Infantil de l&#8217;Hospital de Manises, Virginia P\u00e9rez, assenyala que &#8220;per als pacients de fins a 3 anys hi ha una major intensitat de ter\u00e0pies, si b\u00e9 a partir d&#8217;aquesta edat es redueix el nombre de ter\u00e0pies perqu\u00e8 es compagina amb el suport escolar, cosa que resulta fonamental &#8220;.<\/p>\n<p>Els tractaments van dirigits a minimitzar i compensar les alteracions funcionals associades a la lesi\u00f3 que s&#8217;ha produ\u00eft en el petit. Tamb\u00e9 comporta un proc\u00e9s d&#8217;aprenentatge i adaptaci\u00f3 a les limitacions f\u00edsiques o cognitives que pateix. &#8220;Els tractaments que duem a terme a Manises s\u00f3n sempre multidisciplinaris i demanem a les fam\u00edlies que s&#8217;impliquin directament, continuant a casa les activitats que marquen els especialistes&#8221;, segons la coordinadora de la Unitat.<\/p>\n<p><strong>Causes de les lesions cerebrals<\/strong><\/p>\n<p>En aquest sentit, els responsables del centre hospitalari han abordat les causes que motiven el dany cerebral, que es classifiquen segons l&#8217;etapa en la qual ocorre la lesi\u00f3, ja siga amb un cervell en formaci\u00f3, en creixement o en desenvolupament. En els prenatals, que suposen un 32% dels casos, es donen factors gen\u00e8tics, hip\u00f2xia-isqu\u00e8mia, hemorr\u00e0gia cerebral prenatal, infeccions intrauterines, traumatismes, efectes de t\u00f2xics o malformacions. En els perinatals, que aglutinen el 50% dels casos, les causes se centren en prematuritat, creixement intrauter\u00ed retardat, asf\u00edxia perinatal, hip\u00f2xia isqu\u00e8mica, traumatismes, hemorr\u00e0gia cerebral o infeccions greus. En canvi, els postnatals suposen el 12% dels casos de dany cerebral, amb causes tan dispars com traumatismes cranioencef\u00e0lics greus, ictus, intoxicacions, encefalopatia epil\u00e8ptica o infeccions com meningitis.<\/p>\n<p>Actualment s&#8217;estima que entre el 1,5 i el 2,5 per cada 1.000 nounats poden patir algun dany cerebral adquirit, una incid\u00e8ncia que augmenta en els nadons pret\u00e9rminos i de baix pes al 40-100 per cada 1.000 naixements.<\/p>\n<p>Aquests pacients pedi\u00e0trics presenten alteracions del desenvolupament del moviment i de la postura que causa limitaci\u00f3 en l&#8217;activitat. Tamb\u00e9 poden presentar epil\u00e8psia, d\u00e8ficit cognitiu, alteracions del llenguatge, anomalies oftalmol\u00f2giques i auditives, trastorns psiqui\u00e0trics i problemes som\u00e0tics com reflux gastroesof\u00e0gic, restrenyiment, trastorns del son, complicacions respirat\u00f2ries o osteop\u00e8nia.<\/p>\n<p><strong>La Unitat de Neurorehabilitaci\u00f3 Infantil, pionera<\/strong><\/p>\n<p>El Departament de Salut de Manises va posar en marxa el 2012 la primera Unitat de Neurorrehabilirtaci\u00f3n Infantil especialitzada en trastorns del desenvolupament integrada en un hospital p\u00fablic valenci\u00e0. Es tracta d&#8217;un servei multidisciplinari que ofereix tractaments a nens amb Dany Cerebral i Trastorn de l&#8217;espectre autista, a m\u00e9s de realitzar diagn\u00f2stic diferencial de TEA. L&#8217;\u00e0rea va comen\u00e7ar treballant amb 22 nens amb autisme i 13 amb dany cerebral i actualment desenvolupa ter\u00e0pies amb 70 nens amb autisme i 26 amb dany cerebral.<\/p>\n<p>La unitat est\u00e0 ubicada al Centre d&#8217;Especialitats de Mislata, a l&#8217;edifici de Consultes Externes, dins del complex de l&#8217;Hospital Militar. La unitat disposa d&#8217;una \u00e0rea de 250 m\u00b2 totalment adaptats a les necessitats dels petits. Es tracta d&#8217;una zona reformada que inclou sales de ter\u00e0pia i joc, aix\u00ed com a equipament adequat a les necessitats de la intervenci\u00f3 segons tots els manuals de bones pr\u00e0ctiques de AETAPI i l&#8217;Institut Carlos III.<\/p>\n","protected":false},"excerpt":{"rendered":"<div class=\"mh-excerpt\">El centre hospitalari \u00e9s l&#8217;\u00fanic de la xarxa d&#8217;hospitals p\u00fablics de la Comunitat Valenciana que compta amb una unitat integrada d&#8217;aquestes caracter\u00edstiques Els tractaments a poblaci\u00f3 infantil amb dany cerebral van dirigits a minimitzar i <a class=\"mh-excerpt-more\" href=\"https:\/\/tucomarca.whitekongsoftware.com\/ca\/la-unitat-de-neurorehabilitacio-infantil-de-lhospital-de-manises-aten-26-joves-amb-dany-cerebral\/\" title=\"La Unitat de Neurorehabilitaci\u00f3 Infantil de l&#8217;Hospital de Manises at\u00e9n 26 joves amb dany cerebral.\">[+] <\/a><\/div>\n","protected":false},"author":2,"featured_media":76701,"comment_status":"open","ping_status":"open","sticky":false,"template":"","format":"standard","meta":{"footnotes":""},"categories":[11010,10912,10896],"tags":[11092],"class_list":["post-76704","post","type-post","status-publish","format-standard","has-post-thumbnail","category-canal-salud","category-la-hoya-ca","category-seccion-ca","tag-hospital-de-manises-ca"],"_links":{"self":[{"href":"https:\/\/tucomarca.whitekongsoftware.com\/ca\/wp-json\/wp\/v2\/posts\/76704","targetHints":{"allow":["GET"]}}],"collection":[{"href":"https:\/\/tucomarca.whitekongsoftware.com\/ca\/wp-json\/wp\/v2\/posts"}],"about":[{"href":"https:\/\/tucomarca.whitekongsoftware.com\/ca\/wp-json\/wp\/v2\/types\/post"}],"author":[{"embeddable":true,"href":"https:\/\/tucomarca.whitekongsoftware.com\/ca\/wp-json\/wp\/v2\/users\/2"}],"replies":[{"embeddable":true,"href":"https:\/\/tucomarca.whitekongsoftware.com\/ca\/wp-json\/wp\/v2\/comments?post=76704"}],"version-history":[{"count":0,"href":"https:\/\/tucomarca.whitekongsoftware.com\/ca\/wp-json\/wp\/v2\/posts\/76704\/revisions"}],"wp:featuredmedia":[{"embeddable":true,"href":"https:\/\/tucomarca.whitekongsoftware.com\/ca\/wp-json\/wp\/v2\/media\/76701"}],"wp:attachment":[{"href":"https:\/\/tucomarca.whitekongsoftware.com\/ca\/wp-json\/wp\/v2\/media?parent=76704"}],"wp:term":[{"taxonomy":"category","embeddable":true,"href":"https:\/\/tucomarca.whitekongsoftware.com\/ca\/wp-json\/wp\/v2\/categories?post=76704"},{"taxonomy":"post_tag","embeddable":true,"href":"https:\/\/tucomarca.whitekongsoftware.com\/ca\/wp-json\/wp\/v2\/tags?post=76704"}],"curies":[{"name":"wp","href":"https:\/\/api.w.org\/{rel}","templated":true}]}}