{"id":76683,"date":"2018-10-28T23:42:20","date_gmt":"2018-10-28T21:42:20","guid":{"rendered":"http:\/\/www.tucomarca.com\/wordpress\/segunda\/?p=76683"},"modified":"2018-10-28T23:42:20","modified_gmt":"2018-10-28T21:42:20","slug":"el-xiva-cf-es-reforca-al-cap-de-la-taula-amb-la-seva-victoria-a-domicili-enfront-del-paiporta-0-3","status":"publish","type":"post","link":"https:\/\/tucomarca.whitekongsoftware.com\/ca\/el-xiva-cf-es-reforca-al-cap-de-la-taula-amb-la-seva-victoria-a-domicili-enfront-del-paiporta-0-3\/","title":{"rendered":"El Xiva CF es refor\u00e7a al cap de la taula amb la seva vict\u00f2ria a domicili enfront del Paiporta (0-3)"},"content":{"rendered":"<div dir=\"auto\">\n<figure id=\"attachment_76680\" aria-describedby=\"caption-attachment-76680\" style=\"width: 395px\" class=\"wp-caption alignleft\"><img loading=\"lazy\" decoding=\"async\" class=\" wp-image-76680\" src=\"http:\/\/www.tucomarca.com\/wordpress\/segunda\/wp-content\/uploads\/2018\/10\/chivacf.jpg\" alt=\"El Chiva CF se encuentra en puesto de honor de Segunda Regional. foto: Ra\u00fal Miralles.\" width=\"395\" height=\"263\" srcset=\"https:\/\/tucomarca.whitekongsoftware.com\/wp-content\/uploads\/2018\/10\/chivacf.jpg 567w, https:\/\/tucomarca.whitekongsoftware.com\/wp-content\/uploads\/2018\/10\/chivacf-300x200.jpg 300w\" sizes=\"auto, (max-width: 395px) 100vw, 395px\" \/><figcaption id=\"caption-attachment-76680\" class=\"wp-caption-text\">El Chiva CF se encuentra en puesto de honor de Segunda Regional. foto: Ra\u00fal Miralles.<\/figcaption><\/figure>\n<p>La primera part es va desenvolupar sota una intensa pluja de manera que als jugadors els va costar adaptar-se al partit i al terreny de joc, com \u00e9s habitual en el nostre territori \u00faltimament.<\/p>\n<p>Van tenir els locals 20 minuts de domini del partit i esf\u00e8ric, generant als chivanos una ocasi\u00f3 clara i manifesta de gol que el porter chivano va resoldre de manera magn\u00edfica; i a partir d&#8217;aqu\u00ed el conjunt chivano va ser amo i senyor del partit, generant fins a tres o quatre ocasions en els \u00faltims sospirs previs al descans aconseguint aix\u00ed un avantatge de 0-1 gr\u00e0cies al gol d&#8217;Albert Medina.<\/p>\n<p>A la segona part van sortir amb la mateixa mentalitat i al minut 50 de partit els van fer un penal clar\u00edssim sobre l&#8217;\u00c0lex, que ho van aconseguir materialitzar des dels onze metres, posant el 0-2 al marcador i deixant molt tocat a l&#8217;Paiporta, que es va tirar amunt per veure si podia retallar dist\u00e0ncies.<\/p>\n<p>Per\u00f2 l&#8217;equip es va mostrar molt segur durant el gruix del partit i va aguantar per aconseguir mantenir la porteria a zero i ampliar el marcador fins al 0-3 al minut 80, gr\u00e0cies a Javi, podent haver aconseguit una major avantatge de no ser pel porter rival.<\/p>\n<p>Conclusi\u00f3 final segons el t\u00e8cnic, Germ\u00e1n: &#8220;una vict\u00f2ria merescud\u00edssima en un camp molt dif\u00edcil i amb un rival que estar\u00e0 a la part alta de la classificaci\u00f3. Ara a seguir treballant per preparar el derbi d&#8217;aquesta setmana amb el Godelleta&#8221;.<\/p>\n<\/div>\n","protected":false},"excerpt":{"rendered":"<div class=\"mh-excerpt\">La primera part es va desenvolupar sota una intensa pluja de manera que als jugadors els va costar adaptar-se al partit i al terreny de joc, com \u00e9s habitual en el nostre territori \u00faltimament. Van <a class=\"mh-excerpt-more\" href=\"https:\/\/tucomarca.whitekongsoftware.com\/ca\/el-xiva-cf-es-reforca-al-cap-de-la-taula-amb-la-seva-victoria-a-domicili-enfront-del-paiporta-0-3\/\" title=\"El Xiva CF es refor\u00e7a al cap de la taula amb la seva vict\u00f2ria a domicili enfront del Paiporta (0-3)\">[+] <\/a><\/div>\n","protected":false},"author":1,"featured_media":76681,"comment_status":"open","ping_status":"open","sticky":false,"template":"","format":"standard","meta":{"footnotes":""},"categories":[11015,11003,10898,10912,10896,10975],"tags":[11074],"class_list":["post-76683","post","type-post","status-publish","format-standard","has-post-thumbnail","category-canal-futbol","category-sports","category-ventana-ca","category-la-hoya-ca","category-seccion-ca","category-chiva-ca","tag-deportes-ca"],"_links":{"self":[{"href":"https:\/\/tucomarca.whitekongsoftware.com\/ca\/wp-json\/wp\/v2\/posts\/76683","targetHints":{"allow":["GET"]}}],"collection":[{"href":"https:\/\/tucomarca.whitekongsoftware.com\/ca\/wp-json\/wp\/v2\/posts"}],"about":[{"href":"https:\/\/tucomarca.whitekongsoftware.com\/ca\/wp-json\/wp\/v2\/types\/post"}],"author":[{"embeddable":true,"href":"https:\/\/tucomarca.whitekongsoftware.com\/ca\/wp-json\/wp\/v2\/users\/1"}],"replies":[{"embeddable":true,"href":"https:\/\/tucomarca.whitekongsoftware.com\/ca\/wp-json\/wp\/v2\/comments?post=76683"}],"version-history":[{"count":0,"href":"https:\/\/tucomarca.whitekongsoftware.com\/ca\/wp-json\/wp\/v2\/posts\/76683\/revisions"}],"wp:featuredmedia":[{"embeddable":true,"href":"https:\/\/tucomarca.whitekongsoftware.com\/ca\/wp-json\/wp\/v2\/media\/76681"}],"wp:attachment":[{"href":"https:\/\/tucomarca.whitekongsoftware.com\/ca\/wp-json\/wp\/v2\/media?parent=76683"}],"wp:term":[{"taxonomy":"category","embeddable":true,"href":"https:\/\/tucomarca.whitekongsoftware.com\/ca\/wp-json\/wp\/v2\/categories?post=76683"},{"taxonomy":"post_tag","embeddable":true,"href":"https:\/\/tucomarca.whitekongsoftware.com\/ca\/wp-json\/wp\/v2\/tags?post=76683"}],"curies":[{"name":"wp","href":"https:\/\/api.w.org\/{rel}","templated":true}]}}