{"id":76521,"date":"2018-10-24T10:57:27","date_gmt":"2018-10-24T08:57:27","guid":{"rendered":"http:\/\/www.tucomarca.com\/wordpress\/segunda\/?p=76521"},"modified":"2018-10-24T10:57:27","modified_gmt":"2018-10-24T08:57:27","slug":"xest-posa-a-punt-el-dispositiu-de-seguretat-per-al-gran-premi-de-motociclisme-2018","status":"publish","type":"post","link":"https:\/\/tucomarca.whitekongsoftware.com\/ca\/xest-posa-a-punt-el-dispositiu-de-seguretat-per-al-gran-premi-de-motociclisme-2018\/","title":{"rendered":"Xest posa a punt el dispositiu de seguretat per al Gran Premi de Motociclisme 2018"},"content":{"rendered":"<figure id=\"attachment_76517\" aria-describedby=\"caption-attachment-76517\" style=\"width: 325px\" class=\"wp-caption alignleft\"><img loading=\"lazy\" decoding=\"async\" class=\" wp-image-76517\" src=\"http:\/\/www.tucomarca.com\/wordpress\/segunda\/wp-content\/uploads\/2018\/10\/2JuntaSeguridad.jpg\" alt=\"Representantes de todos los dispositivos implicados en garantizar la seguridad durante los d\u00edas en los que se celebrar\u00e1 el Gran Premio de Motociclismo.\" width=\"325\" height=\"217\" srcset=\"https:\/\/tucomarca.whitekongsoftware.com\/wp-content\/uploads\/2018\/10\/2JuntaSeguridad.jpg 5472w, https:\/\/tucomarca.whitekongsoftware.com\/wp-content\/uploads\/2018\/10\/2JuntaSeguridad-300x200.jpg 300w, https:\/\/tucomarca.whitekongsoftware.com\/wp-content\/uploads\/2018\/10\/2JuntaSeguridad-768x512.jpg 768w, https:\/\/tucomarca.whitekongsoftware.com\/wp-content\/uploads\/2018\/10\/2JuntaSeguridad-1024x683.jpg 1024w\" sizes=\"auto, (max-width: 325px) 100vw, 325px\" \/><figcaption id=\"caption-attachment-76517\" class=\"wp-caption-text\"><span title=\"\">Junta<\/span> <span title=\"\">de seguretat durant<\/span> <span title=\"\">per al Gran<\/span> <span title=\"\">Premi<\/span> <span title=\"\">de Motociclisme<\/span> <span class=\"\" title=\"\">2018<\/span>.<\/figcaption><\/figure>\n<p><strong><span title=\"\">Com a novetat<\/span><span title=\"\">, l&#8217;Ajuntament de<\/span> <span title=\"\">Xest<\/span> <span title=\"\">comptar\u00e0<\/span> <span title=\"\">amb un<\/span> <span title=\"\">dron<\/span> <span title=\"\">per fer tasques de<\/span> <span title=\"\">vigil\u00e0ncia<\/span> <span title=\"\">amb<\/span> <span title=\"\">la<\/span> <span title=\"\">finalitat<\/span> <span title=\"\">de millorar la<\/span> <span title=\"\">seguretat<\/span> <span class=\"\" title=\"\">ciutadana<\/span><\/strong><\/p>\n<p><span title=\"\">L&#8217;alcalde de<\/span> <span title=\"\">Xest<\/span><span title=\"\">, Jos\u00e9<\/span> <span title=\"\">Morell,<\/span> <span title=\"\">i<\/span> <span title=\"\">la regidora<\/span> <span title=\"\">de Festes,<\/span> <span title=\"\">Carmen<\/span> <span title=\"\">Delgado<\/span><span title=\"\">, van rebre<\/span> <span title=\"\">esta setmana<\/span>\u00a0<span title=\"\">a<\/span> <span title=\"\">representants<\/span> <span title=\"\">de tots<\/span> <span title=\"\">els<\/span> <span title=\"\">dispositius<\/span> <span title=\"\">implicats en<\/span> <span title=\"\">garantir la<\/span> <span title=\"\">seguretat<\/span> <span title=\"\">durant<\/span> <span title=\"\">els<\/span> <span title=\"\">dies en qu\u00e8<\/span> <span title=\"\">se celebrar\u00e0 el<\/span> <span class=\"\" title=\"\">Gran Premi<\/span> <span class=\"\" title=\"\">de Motociclisme<\/span><span title=\"\">, els propers<\/span> <span title=\"\">16<\/span><span title=\"\">, 17 i<\/span> <span class=\"\" title=\"\">18 de novembre.<\/span><\/p>\n<p>A la reuni\u00f3 van assistir el subdelegat del Govern a la Comunitat Valenciana, Jos\u00e9 Roberto Gonz\u00e1lez Cadell; la cap provincial de tr\u00e0nsit, Pilar Funez Asensio; el director general del Circuit de la Comunitat Valenciana Ricardo Tormo, Gonzalo Gobert; el cap provincial de l&#8217;Ag\u00e8ncia de Seguretat i Resposta a les Emerg\u00e8ncies de la Presid\u00e8ncia de la Generalitat, C\u00e9sar Ochoa Carrillo; la cap de planificaci\u00f3, Merc\u00e8 Trull\u00e9n Gas i l&#8217;inspector de la unitat d&#8217;CNP, Luis Mart\u00ednez Curto.\u00a0A m\u00e9s, han participat en aquesta junta l&#8217;inspector en cap de la Policia Local de Xest, Daniel Gallardo, i representants de la Prefectura Provincial de Tr\u00e0nsit, la Gu\u00e0rdia Civil, la Policia Nacional, Protecci\u00f3 Civil, del Centre de Salut de Xest i de Renfe.<\/p>\n<p>&#8220;Un any m\u00e9s vam fer aquesta reuni\u00f3 per planificar i estructurar la seguretat de cara als dies en qu\u00e8 se celebri el Gran Premi de Motociclisme, partint de la valoraci\u00f3 d&#8217;anys anteriors i comptant amb aquesta experi\u00e8ncia passada&#8221;, explicava Morell a l&#8217;inici de la reuni\u00f3. &#8220;Aquest any, haurem de tenir en compte que hauran tres carrers en obres: Doctor Zamenhoff, Manuel de Falla i La Verge i estaran en marxa les obres del Parc Empresarial Circuit de Xest. Per la resta, en principi tindrem un dispositiu similar al de l&#8217;any passat, amb la novetat que aquest any l&#8217;Ajuntament de Xest comptar\u00e0 amb un dron per fer tasques de vigil\u00e0ncia, amb la finalitat de millorar la seguretat ciutadana en aquests dies de tanta aflu\u00e8ncia de gent &#8220;.<\/p>\n<p>El dron que ha adquirit l&#8217;Ajuntament \u00e9s de mida xicoteta, de menys d&#8217;1 kg de massa m\u00e0xima a l&#8217;enlairament, dotat d&#8217;una tecnologia puntera que aporta una gran seguretat operacional, amb un risc molt baix, i prove\u00eft d&#8217;una c\u00e0mera amb zoom \u00f2ptic. &#8220;S&#8217;utilitzar\u00e0 a la zona perimetral exterior de la poblaci\u00f3, especialment per intensificar la vigil\u00e0ncia en els aparcaments dels pol\u00edgons Castilla i Pino Blay i a la zona d&#8217;acampada, i estar\u00e0 dirigit per la Policia Local de Xest, que ha estat degudament formada&#8221; , explicava l&#8217;inspector en cap de la Policia Local de Xest.<\/p>\n<p>Pel que fa a aquest tema, Gu\u00e0rdia Civil de Tr\u00e0nsit ha posat \u00e8mfasi que &#8220;hi ha d&#8217;haver bona coordinaci\u00f3, perqu\u00e8 en cap cas pot haver-hi un dron si hi ha un helic\u00f2pter treballant a la zona&#8221;.<\/p>\n<p>&#8220;Amb l&#8217;experi\u00e8ncia de diversos anys est\u00e0 tot ben controlat, per\u00f2 tamb\u00e9 el Lloc de Comandament Avan\u00e7at ha de permetre certa flexibilitat per prendre decisions en el moment oport\u00fa i que tant la Policia Local com la Gu\u00e0rdia Civil de Tr\u00e0nsit treballin de forma coordinada&#8221;, afegia el subdelegat del Govern. Per la seva banda, Gu\u00e0rdia Civil ha fet la petici\u00f3 de tallar completament el tr\u00e0nsit a l&#8217;avinguda Castella, un dels carrers de m\u00e9s aflu\u00e8ncia de gent i que fa vulnerable la seguretat amb la pres\u00e8ncia de vehicles.<\/p>\n<p>&#8220;L&#8217;Ajuntament intenta que la gent no es concentri en aquesta zona oferint espectacles en altres carrers; per\u00f2 \u00e9s en aquesta zona on hi ha la majoria dels locals i \u00e9s on els motoristes volen estar i volen tenir la seva moto amb ells &#8220;, explicava la regidora de Festes, Carmen Delgado.<\/p>\n<p><span class=\"\" title=\"\">&#8220;<\/span><span title=\"\">Cal<\/span> <span title=\"\">reduir aquesta<\/span> <span class=\"\" title=\"\">circulaci\u00f3<\/span> <span title=\"\">de motos que<\/span> <span title=\"\">va passant<\/span> <span title=\"\">per<\/span> <span title=\"\">mitj\u00e0<\/span> <span title=\"\">de la gent<\/span><span title=\"\">;<\/span> <span class=\"\" title=\"\">quan el carrer<\/span> <span title=\"\">ja<\/span> <span class=\"\" title=\"\">est\u00e0 plena de<\/span> <span title=\"\">motos no<\/span> <span title=\"\">t\u00e9<\/span> <span class=\"\" title=\"\">sentit<\/span> <span title=\"\">tallar<\/span> <span title=\"\">&#8220;<\/span><span title=\"\">, argumentava<\/span> <span title=\"\">el subdelegat<\/span><span title=\"\">.<\/span> <span title=\"\">&#8220;<\/span><span class=\"\" title=\"\">El dispositiu<\/span> <span class=\"\" title=\"\">de tancament<\/span> <span title=\"\">de l&#8217;avinguda<\/span> <span title=\"\">Castella<\/span> <span title=\"\">podria comen\u00e7ar<\/span> <span title=\"\">aquest<\/span> <span class=\"\" title=\"\">any almenys<\/span> <span title=\"\">un parell<\/span> <span title=\"\">d&#8217;hores<\/span> <span title=\"\">abans<\/span> <span class=\"\" title=\"\">del que \u00e9s habitual<\/span> <span title=\"\">per intentar<\/span> <span title=\"\">reduir aquest<\/span> <span title=\"\">perill<\/span><span title=\"\">&#8220;<\/span><span title=\"\">.<\/span><\/p>\n<p><span class=\"\" title=\"\">Finalment la<\/span> <span class=\"\" title=\"\">junta de<\/span> <span title=\"\">seguretat<\/span> <span title=\"\">ha<\/span> <span title=\"\">acordat<\/span> <span class=\"\" title=\"\">restringir el pas<\/span> <span title=\"\">de vehicles<\/span> <span title=\"\">a partir de les<\/span> <span title=\"\">17<\/span> <span class=\"\" title=\"\">hores, una<\/span> <span class=\"\" title=\"\">hora abans<\/span> <span class=\"\" title=\"\">que l&#8217;any<\/span> <span class=\"\" title=\"\">passat.<\/span><\/p>\n<p><strong><span class=\"\" title=\"\">Mesures<\/span> <span class=\"\" title=\"\">antiterroristes<\/span><\/strong><\/p>\n<p><span class=\"\" title=\"\">Igual que en<\/span> <span title=\"\">la passada<\/span> <span title=\"\">edici\u00f3,<\/span> <span title=\"\">es<\/span> <span title=\"\">mantindran<\/span> <span title=\"\">les<\/span> <span title=\"\">mesures<\/span> <span title=\"\">antiterroristes.<\/span> <span title=\"\">Es<\/span> <span class=\"\" title=\"\">col\u00b7locaran<\/span> <span title=\"\">barreres<\/span> <span title=\"\">de formig\u00f3 de<\/span> <span title=\"\">tipus New Jersey<\/span> <span title=\"\">en ambd\u00f3s<\/span> <span title=\"\">extrems<\/span> <span class=\"\" title=\"\">de l&#8217;avinguda<\/span> <span title=\"\">Castella<\/span><span title=\"\">, des de les<\/span> <span title=\"\">17<\/span> <span title=\"\">fins a les 6<\/span> <span title=\"\">hores, els<\/span> <span title=\"\">dies<\/span> <span title=\"\">16<\/span> <span title=\"\">i<\/span> <span title=\"\">17<\/span> <span title=\"\">de novembre.<\/span> <span title=\"\">&#8220;<\/span><span class=\"\" title=\"\">De la mateixa manera<\/span> <span title=\"\">es<\/span> <span title=\"\">muntar\u00e0<\/span> <span title=\"\">un dispositiu<\/span> <span title=\"\">de seguretat<\/span> <span title=\"\">per evitar la<\/span> <span class=\"\" title=\"\">circulaci\u00f3<\/span> <span class=\"\" title=\"\">de turismes<\/span> <span title=\"\">i<\/span> <span title=\"\">motocicletes<\/span> <span title=\"\">al carrer<\/span> X<span title=\"\">iva<\/span><span title=\"\">&#8220;<\/span><span title=\"\">, apuntava<\/span> <span title=\"\">Gallardo.<\/span> <span title=\"\">Aix\u00ed<\/span><span title=\"\">, tal<\/span> <span title=\"\">com ha<\/span> <span class=\"\" title=\"\">explicat<\/span> <span class=\"\" title=\"\">l&#8217;inspector<\/span> <span title=\"\">cap de la Policia<\/span> <span title=\"\">Local<\/span><span title=\"\">, es procedir\u00e0 a<\/span> <span title=\"\">la col\u00b7locaci\u00f3 de<\/span> <span title=\"\">blocs<\/span> <span title=\"\">de formig\u00f3<\/span> <span title=\"\">al carrer<\/span> <span title=\"\">Xiva i<\/span> <span title=\"\">es<\/span> <span title=\"\">col\u00b7locar\u00e0<\/span> <span title=\"\">tanca<\/span> <span title=\"\">alt<\/span> <span title=\"\">amb base de<\/span> <span title=\"\">formig\u00f3 en<\/span> <span title=\"\">carrers secundaris<\/span> <span title=\"\">que donen<\/span> <span title=\"\">acc\u00e9s a la zona<\/span> <span title=\"\">de llocs de<\/span> <span title=\"\">venda<\/span> <span title=\"\">ambulant.<\/span><\/p>\n<p><b>Colaboraci\u00f3 de Protecci\u00f3 Civil<\/b><\/p>\n<p><span class=\"\" title=\"\">Com \u00e9s habitual<\/span><span title=\"\">, l&#8217;Ajuntament de<\/span> <span title=\"\">Xest<\/span> <span title=\"\">ha sol\u00b7licitat la<\/span> <span title=\"\">col\u00b7laboraci\u00f3 de l&#8217;Associaci\u00f3<\/span> <span class=\"\" title=\"\">d&#8217;Agrupacions<\/span> <span title=\"\">de Voluntaris de<\/span> <span title=\"\">Protecci\u00f3<\/span> <span title=\"\">Civil de la<\/span> <span title=\"\">Comunitat<\/span> <span title=\"\">Valenciana<\/span><span class=\"\" title=\"\">, que aportar\u00e0<\/span> <span title=\"\">un total de<\/span> <span title=\"\">130<\/span> <span title=\"\">efectius de<\/span> <span title=\"\">diferents<\/span> <span title=\"\">punts<\/span> <span title=\"\">de tota<\/span> <span title=\"\">la geografia<\/span> <span class=\"\" title=\"\">espanyola,<\/span> <span title=\"\">8 ambul\u00e0ncies<\/span> <span title=\"\">de Suport Vital<\/span> <span title=\"\">B\u00e0sic<\/span> <span title=\"\">, 2 de<\/span> <span title=\"\">Suport Vital<\/span> <span title=\"\">Avan\u00e7at<\/span><span title=\"\">,<\/span> <span title=\"\">18<\/span> <span class=\"\" title=\"\">vehicles<\/span> <span title=\"\">d&#8217;Intervenci\u00f3<\/span> <span title=\"\">R\u00e0pida<\/span><span title=\"\">, 2 vehicles<\/span> <span title=\"\">log\u00edstics<\/span> <span title=\"\">i una<\/span> <span title=\"\">acte bomba<\/span> <span title=\"\">lleugera.<\/span><\/p>\n<p><span title=\"\">A m\u00e9s del<\/span> <span class=\"\" title=\"\">servei<\/span> <span title=\"\">de patrulles<\/span> <span title=\"\">a peu<\/span> <span title=\"\">i<\/span> <span title=\"\">amb<\/span> <span title=\"\">vehicles<\/span> <span title=\"\">a l&#8217;extraradi<\/span><span title=\"\">,<\/span> <span title=\"\">a petici\u00f3 de la<\/span> <span class=\"\" title=\"\">Direcci\u00f3 de Policia Local<\/span> <span title=\"\">de Xest<\/span><span title=\"\">, voluntaris<\/span> <span title=\"\">i<\/span> <span title=\"\">volunt\u00e0ries<\/span> <span title=\"\">de Protecci\u00f3<\/span> <span title=\"\">Civil<\/span> <span title=\"\">prestaran<\/span> <span title=\"\">suport en els<\/span> <span title=\"\">talls<\/span> <span title=\"\">realitzats<\/span> <span title=\"\">amb<\/span> <span title=\"\">barreres<\/span> <span title=\"\">de formig\u00f3<\/span> <span title=\"\">tancant<\/span> <span title=\"\">el pas<\/span> <span title=\"\">amb els seus vehicles<\/span> <span title=\"\">perqu\u00e8 puguin<\/span> <span title=\"\">ser<\/span> <span title=\"\">retirat<\/span> <span title=\"\">per a l&#8217;acc\u00e9s<\/span> <span title=\"\">de qualsevol vehicle<\/span> <span title=\"\">d&#8217;emerg\u00e8ncia, en<\/span> <span title=\"\">cas<\/span> <span title=\"\">necessari.<\/span><\/p>\n<p>Vies d&#8217;acc\u00e9s<\/p>\n<p>Durant les jornades del 16 i 17 de novembre, a partir de les 17 hores aproximadament es procedir\u00e0 a restringir l&#8217;acc\u00e9s als turismes i motocicletes en l&#8217;itinerari principal, deixant aix\u00ed la CV-378 nom\u00e9s d&#8217;acc\u00e9s a serveis sanitaris, d&#8217;urg\u00e8ncia i emerg\u00e8ncia , forces i cossos de seguretat i personal que acrediti que accedeix per motius de treball o resid\u00e8ncia. Dissabte aquest horari de tall al tr\u00e0nsit pot variar en funci\u00f3 de les necessitats del moment.<\/p>\n<p>A m\u00e9s, s&#8217;ha recomanat a la poblaci\u00f3 que haja d&#8217;entrar o sortir del municipi que ho faci utilitzant la CV 50. Com en altres edicions, la Gu\u00e0rdia Civil comprovar\u00e0 el DNI de les persones que intentin entrar a la localitat quan l&#8217;acc\u00e9s estigui saturat per determinar si se&#8217;ls permet el pas.<\/p>\n<p>L&#8217;Ajuntament de Xest, igual que en la passada edici\u00f3, disposar\u00e0 d&#8217;un servei de 4 grues els dies 16, 17 i 18 de novembre, augmentant la seva activitat durant les hores nocturnes. Tots els vehicles immobilitzats, retirats, aix\u00ed com el material requisat, seran dipositats a les depend\u00e8ncies de la Prefectura de Policia Local.<\/p>\n<p>Pel que fa als itineraris d&#8217;emerg\u00e8ncies, s&#8217;ha recordat la import\u00e0ncia que aquests vials es trobin lliures de circulaci\u00f3 perqu\u00e8 els vehicles d&#8217;emerg\u00e8ncies puguin despla\u00e7ar-se amb m\u00e9s rapidesa a atendre les possibles urg\u00e8ncies que es produeixin, aix\u00ed com realitzar els trasllats necessaris.<\/p>\n<p><b>Zones de acampada i\u00a0venda<\/b><\/p>\n<p><span class=\"\" title=\"\">Com a novetat<\/span><span title=\"\">,<\/span> <span title=\"\">aquest<\/span> <span title=\"\">any l&#8217;obertura<\/span> <span title=\"\">de la zona d&#8217;<\/span><span title=\"\">acampada a<\/span> <span title=\"\">l&#8217;arbreda<\/span> <span class=\"\" title=\"\">del poliesportiu<\/span> <span title=\"\">municipal<\/span> <span title=\"\">Mat\u00edas<\/span> <span title=\"\">Morell<\/span> <span title=\"\">s&#8217;avan\u00e7a al<\/span> <span title=\"\">dijous 15<\/span> <span title=\"\">de novembre.<\/span> <span title=\"\">Aquesta zona<\/span><span title=\"\">,<\/span> <span class=\"\" title=\"\">amb<\/span> <span class=\"\" title=\"\">una extensi\u00f3 de<\/span> <span title=\"\">20.000<\/span> <span title=\"\">metres<\/span> <span title=\"\">quadrats<\/span> <span title=\"\">i<\/span> <span title=\"\">unes<\/span> <span title=\"\">2.500<\/span> <span title=\"\">places<\/span> <span class=\"\" title=\"\">d&#8217;acampada<\/span><span title=\"\">, disposa<\/span> <span title=\"\">de serveis<\/span> <span title=\"\">de dutxes,<\/span> <span title=\"\">bany<\/span> <span title=\"\">i<\/span> <span title=\"\">p\u00e0rquing.<\/span> <span title=\"\">La gesti\u00f3 de la<\/span> <span title=\"\">zona d&#8217;acampada<\/span> <span class=\"\" title=\"\">es porta<\/span> <span title=\"\">a terme<\/span> <span title=\"\">per la UTE<\/span><span title=\"\">, composta<\/span> <span title=\"\">per associacions<\/span> <span title=\"\">del municipi.<\/span><\/p>\n<p><span title=\"\">L&#8217;Ajuntament ha<\/span> <span class=\"\" title=\"\">establert<\/span> <span title=\"\">tamb\u00e9 una zona<\/span> <span title=\"\">de c\u00e0mping<\/span> <span title=\"\">amb<\/span> <span title=\"\">caravanes<\/span> <span title=\"\">davant del<\/span> <span title=\"\">poliesportiu<\/span> <span class=\"\" title=\"\">municipal, amb una<\/span> <span title=\"\">capacitat<\/span> <span title=\"\">per a prop de<\/span> <span title=\"\">100<\/span> <span class=\"\" title=\"\">autocaravanes<\/span><span title=\"\">.<\/span><\/p>\n<p><span title=\"\">Pel que fa als<\/span> <span class=\"\" title=\"\">punts<\/span> <span title=\"\">de venda<\/span> <span class=\"\" title=\"\">d&#8217;alimentaci\u00f3<\/span> <span title=\"\">i<\/span> <span class=\"\" title=\"\">begudes<\/span><span title=\"\">, l&#8217;Ajuntament<\/span> <span title=\"\">nom\u00e9s<\/span> <span class=\"\" title=\"\">autoritzar\u00e0<\/span> <span class=\"\" title=\"\">la venda<\/span> <span class=\"\" title=\"\">als<\/span> <span class=\"\" title=\"\">locals<\/span> <span class=\"\" title=\"\">establerts a la<\/span> <span title=\"\">poblaci\u00f3<\/span><span title=\"\">, prohibint la<\/span> <span title=\"\">venda<\/span> <span title=\"\">ambulant<\/span> <span title=\"\">de menjar<\/span> <span title=\"\">i<\/span> <span title=\"\">beguda.<\/span> <span title=\"\">Els<\/span> <span title=\"\">llocs de<\/span> <span title=\"\">venda<\/span> <span title=\"\">ambulant<\/span> <span title=\"\">de productes<\/span> <span title=\"\">motards<\/span><span title=\"\">, grans<\/span> <span title=\"\">i<\/span> <span title=\"\">artesania<\/span> <span title=\"\">tindran una<\/span> <span class=\"\" title=\"\">zona habilitada<\/span> <span title=\"\">als carrers<\/span> <span title=\"\">Federico<\/span> <span title=\"\">Garc\u00eda<\/span> <span title=\"\">Lorca<\/span><span title=\"\">, Blasco<\/span> <span title=\"\">Ib\u00e1\u00f1ez<\/span><span title=\"\">, Xiva<\/span> <span title=\"\">i Avinguda<\/span> <span title=\"\">Vicente<\/span> <span class=\"\" title=\"\">Navarro.<\/span><\/p>\n<p><b>Comunicaci\u00f3 i\u00a0transport<\/b><\/p>\n<p><span class=\"\" title=\"\">Com en<\/span> <span title=\"\">anys<\/span> <span title=\"\">anteriors<\/span><span title=\"\">,<\/span> <span title=\"\">estar\u00e0<\/span> <span title=\"\">habilitat un<\/span> <span title=\"\">servici<\/span>\u00a0<span title=\"\">d&#8217;autob\u00fas<\/span> <span title=\"\">llan\u00e7adora<\/span> <span title=\"\">amb<\/span> <span class=\"\" title=\"\">capacitat<\/span> <span title=\"\">per a 150<\/span> <span title=\"\">persones<\/span> <span title=\"\">els dies<\/span> <span title=\"\">16<\/span> <span title=\"\">i 17 de<\/span> <span title=\"\">novembre, amb la<\/span> <span title=\"\">finalitat<\/span> <span title=\"\">d&#8217;evitar<\/span> <span class=\"\" title=\"\">embussos<\/span> <span title=\"\">i descongestionar<\/span> <span title=\"\">de vehicles<\/span> <span title=\"\">al municipi.<\/span> <span title=\"\">La freq\u00fc\u00e8ncia<\/span> <span title=\"\">de les<\/span> <span title=\"\">parades<\/span> <span class=\"\" title=\"\">ser\u00e0 de<\/span> <span title=\"\">20 a 30<\/span> <span title=\"\">minuts<\/span> <span title=\"\">aproximadament<\/span> <span title=\"\">en tots dos<\/span> <span title=\"\">sentits<\/span> <span title=\"\">i<\/span> <span title=\"\">hi haur\u00e0 servei<\/span> <span class=\"\" title=\"\">nocturn<\/span> <span title=\"\">de divendres fins<\/span> <span title=\"\">les 4<\/span> <span title=\"\">hores i<\/span> <span title=\"\">el dissabte<\/span> <span title=\"\">fins a les 5<\/span> <span title=\"\">hores,<\/span> <span title=\"\">amb<\/span> <span title=\"\">parades a la<\/span> <span class=\"\" title=\"\">rotonda<\/span> <span title=\"\">del circuit<\/span><span title=\"\">, al pol\u00edgon<\/span> <span title=\"\">industrial<\/span> <span title=\"\">Castilla<\/span>\u00a0<span title=\"\">(davant del<\/span> <span title=\"\">Complex<\/span> <span title=\"\">educatiu<\/span> <span title=\"\">Xest<\/span><span title=\"\">)<\/span> <span class=\"\" title=\"\">ia la pla\u00e7a<\/span> <span title=\"\">II<\/span> <span title=\"\">Rep\u00fablica<\/span> <span title=\"\">de Xest<\/span><span title=\"\">.<\/span><\/p>\n<p><span title=\"\">Pel que fa a<\/span> <span class=\"\" title=\"\">la comunicaci\u00f3<\/span> <span title=\"\">amb tren,<\/span> <span title=\"\">des de Renfe<\/span> <span title=\"\">han informat<\/span> <span title=\"\">que<\/span> <span title=\"\">s&#8217;amplien<\/span> <span title=\"\">els<\/span> <span class=\"\" title=\"\">serveis<\/span> <span title=\"\">de divendres a<\/span> <span title=\"\">diumenge i<\/span> <span title=\"\">tant<\/span> <span title=\"\">les<\/span> <span title=\"\">estacions<\/span> <span title=\"\">com<\/span> <span title=\"\">els<\/span> <span title=\"\">trens<\/span> <span title=\"\">comptaran<\/span> <span title=\"\">amb<\/span> <span title=\"\">dispositius<\/span> <span title=\"\">de seguretat,<\/span> <span title=\"\">tot i que han<\/span> <span title=\"\">sol\u00b7licitat<\/span> <span title=\"\">suport<\/span> <span title=\"\">a Protecci\u00f3 Civil,<\/span> <span title=\"\">sobretot en la<\/span> <span title=\"\">jornada de diumenge,<\/span> <span title=\"\">quan<\/span> <span title=\"\">l&#8217;aflu\u00e8ncia<\/span> <span title=\"\">de gent<\/span> <span title=\"\">\u00e9s m\u00e9s gran.<\/span><\/p>\n","protected":false},"excerpt":{"rendered":"<div class=\"mh-excerpt\">Com a novetat, l&#8217;Ajuntament de Xest comptar\u00e0 amb un dron per fer tasques de vigil\u00e0ncia amb la finalitat de millorar la seguretat ciutadana L&#8217;alcalde de Xest, Jos\u00e9 Morell, i la regidora de Festes, Carmen Delgado, <a class=\"mh-excerpt-more\" href=\"https:\/\/tucomarca.whitekongsoftware.com\/ca\/xest-posa-a-punt-el-dispositiu-de-seguretat-per-al-gran-premi-de-motociclisme-2018\/\" title=\"Xest posa a punt el dispositiu de seguretat per al Gran Premi de Motociclisme 2018\">[+] <\/a><\/div>\n","protected":false},"author":2,"featured_media":76518,"comment_status":"open","ping_status":"open","sticky":false,"template":"","format":"standard","meta":{"footnotes":""},"categories":[11003,10898,10904,10912,11011,10895,10896,10974],"tags":[11222,11278,11108,10914,11109],"class_list":["post-76521","post","type-post","status-publish","format-standard","has-post-thumbnail","category-sports","category-ventana-ca","category-sin-categorizar-ca","category-la-hoya-ca","category-motociclismo-ca","category-premsavalenciana-ca","category-seccion-ca","category-cheste-ca","tag-ayuntamiento-de-cheste-ca","tag-gran-premio-de-motociclismo-de-cheste-2018-ca","tag-la-foia-de-bunyol-xiva","tag-la-hoya-de-bunol-chiva-ca","tag-xest"],"_links":{"self":[{"href":"https:\/\/tucomarca.whitekongsoftware.com\/ca\/wp-json\/wp\/v2\/posts\/76521","targetHints":{"allow":["GET"]}}],"collection":[{"href":"https:\/\/tucomarca.whitekongsoftware.com\/ca\/wp-json\/wp\/v2\/posts"}],"about":[{"href":"https:\/\/tucomarca.whitekongsoftware.com\/ca\/wp-json\/wp\/v2\/types\/post"}],"author":[{"embeddable":true,"href":"https:\/\/tucomarca.whitekongsoftware.com\/ca\/wp-json\/wp\/v2\/users\/2"}],"replies":[{"embeddable":true,"href":"https:\/\/tucomarca.whitekongsoftware.com\/ca\/wp-json\/wp\/v2\/comments?post=76521"}],"version-history":[{"count":0,"href":"https:\/\/tucomarca.whitekongsoftware.com\/ca\/wp-json\/wp\/v2\/posts\/76521\/revisions"}],"wp:featuredmedia":[{"embeddable":true,"href":"https:\/\/tucomarca.whitekongsoftware.com\/ca\/wp-json\/wp\/v2\/media\/76518"}],"wp:attachment":[{"href":"https:\/\/tucomarca.whitekongsoftware.com\/ca\/wp-json\/wp\/v2\/media?parent=76521"}],"wp:term":[{"taxonomy":"category","embeddable":true,"href":"https:\/\/tucomarca.whitekongsoftware.com\/ca\/wp-json\/wp\/v2\/categories?post=76521"},{"taxonomy":"post_tag","embeddable":true,"href":"https:\/\/tucomarca.whitekongsoftware.com\/ca\/wp-json\/wp\/v2\/tags?post=76521"}],"curies":[{"name":"wp","href":"https:\/\/api.w.org\/{rel}","templated":true}]}}