{"id":76505,"date":"2018-10-23T15:19:34","date_gmt":"2018-10-23T13:19:34","guid":{"rendered":"http:\/\/www.tucomarca.com\/wordpress\/segunda\/?p=76505"},"modified":"2018-10-23T15:21:42","modified_gmt":"2018-10-23T13:21:42","slug":"lalcaldessa-de-bunyol-qualifica-dinsuficient-la-reubicacio-de-menors-del-centre-de-bunyol-als-provisionals-centres-de-serra-i-rotova","status":"publish","type":"post","link":"https:\/\/tucomarca.whitekongsoftware.com\/ca\/lalcaldessa-de-bunyol-qualifica-dinsuficient-la-reubicacio-de-menors-del-centre-de-bunyol-als-provisionals-centres-de-serra-i-rotova\/","title":{"rendered":"L&#8217;alcaldessa de Bunyol qualifica &#8220;d&#8217;insuficient&#8221; la reubicaci\u00f3 de menors del centre de Bunyol als provisionals centres de Serra i R\u00f2tova"},"content":{"rendered":"<figure id=\"attachment_73855\" aria-describedby=\"caption-attachment-73855\" style=\"width: 369px\" class=\"wp-caption alignleft\"><img loading=\"lazy\" decoding=\"async\" class=\" wp-image-73855\" src=\"http:\/\/www.tucomarca.com\/wordpress\/segunda\/wp-content\/uploads\/2018\/08\/CentroMenores.jpg\" alt=\"Una imagen del Centro de Menores de Bu\u00f1ol.\" width=\"369\" height=\"224\" srcset=\"https:\/\/tucomarca.whitekongsoftware.com\/wp-content\/uploads\/2018\/08\/CentroMenores.jpg 660w, https:\/\/tucomarca.whitekongsoftware.com\/wp-content\/uploads\/2018\/08\/CentroMenores-300x182.jpg 300w\" sizes=\"auto, (max-width: 369px) 100vw, 369px\" \/><figcaption id=\"caption-attachment-73855\" class=\"wp-caption-text\">Una imagen del Centro de Menores de Bu\u00f1ol.<\/figcaption><\/figure>\n<p><strong>Juncal Carrascosa assegura &#8220;mantenir converses constants amb Conselleria i Presid\u00e8ncia per reclamar que el Centre de Bunyol torni a ser de Resid\u00e8ncia i no de Recepci\u00f3&#8221;.<\/strong><\/p>\n<p>L&#8217;alcaldessa de Bunyol, Juncal Carrascosa, ha confirmat el trasllat des del passat 15 d&#8217;octubre dels menors que van sortir del centre del municipi el passat agost amb motiu de la Fira i Festes de la localitat al nou centre de Serra.<\/p>\n<p>Despr\u00e9s anunciar-se en el dia d&#8217;ahir la descongesti\u00f3 del centre de Bunyol a altres llocs com Serra o R\u00f2tova, la primer edil bu\u00f1olense ha qualificat aquesta soluci\u00f3 de &#8220;moment\u00e0nia i provisional, per\u00f2 que dista molt de la soluci\u00f3 definitiva que necessiten els menors&#8221;.<\/p>\n<p>L&#8217;alcaldessa ha assegurat &#8220;mantenir constantment reunions amb la Secretaria General d&#8217;Inf\u00e0ncia, amb la Conselleria i amb Presid\u00e8ncia de la Generalitat Valenciana traslladant el malestar de l&#8217;Ajuntament i de la ciutadania perqu\u00e8 el centre de Bunyol torni a ser una llar de resid\u00e8ncia i no de recepci\u00f3, ja que les seves instal\u00b7lacions estan preparades per albergar \u00fanicament a 30 menors, i que la llunyania amb Fiscalia de menors i amb la Policia Auton\u00f2mica, aix\u00ed com els continus problemes de conviv\u00e8ncia estan dificultant enormement la situaci\u00f3 d&#8217;aquests menors indefensos &#8220;.<\/p>\n<p>Juncal Carrascosa ent\u00e9n que no es compleix &#8220;ni el nombre de 30 menors, que \u00e9s el que pot atendre per instal\u00b7lacions i personal del centre, ni els 45 dies que marca la llei. Aix\u00ed ho transmetem des del Govern Municipal als ens auton\u00f2mics amb el fi que Bunyol torni a ser un centre de resid\u00e8ncia i no de recepci\u00f3 &#8220;, en paraules de l&#8217;alcaldessa.<\/p>\n<p>Segons Juncal Carrascosa els centres de R\u00f2tova i Serra provisionals &#8220;alleujaran la situaci\u00f3 de congesti\u00f3 que actualment pateix el centre de Bunyol, per\u00f2 seguim exigint que no \u00e9s aquesta la soluci\u00f3 definitiva ni la necess\u00e0ria ni per als menors que arriben al nostre municipi ni per als nostres ve\u00efns &#8220;.<\/p>\n","protected":false},"excerpt":{"rendered":"<div class=\"mh-excerpt\">Juncal Carrascosa assegura &#8220;mantenir converses constants amb Conselleria i Presid\u00e8ncia per reclamar que el Centre de Bunyol torni a ser de Resid\u00e8ncia i no de Recepci\u00f3&#8221;. L&#8217;alcaldessa de Bunyol, Juncal Carrascosa, ha confirmat el trasllat <a class=\"mh-excerpt-more\" href=\"https:\/\/tucomarca.whitekongsoftware.com\/ca\/lalcaldessa-de-bunyol-qualifica-dinsuficient-la-reubicacio-de-menors-del-centre-de-bunyol-als-provisionals-centres-de-serra-i-rotova\/\" title=\"L&#8217;alcaldessa de Bunyol qualifica &#8220;d&#8217;insuficient&#8221; la reubicaci\u00f3 de menors del centre de Bunyol als provisionals centres de Serra i R\u00f2tova\">[+] <\/a><\/div>\n","protected":false},"author":2,"featured_media":73856,"comment_status":"open","ping_status":"open","sticky":false,"template":"","format":"standard","meta":{"footnotes":""},"categories":[10911,10898,10894,10912,10896,10897],"tags":[11158,11193,10914],"class_list":["post-76505","post","type-post","status-publish","format-standard","has-post-thumbnail","category-bunol-ca","category-ventana-ca","category-la-comarca-ca","category-la-hoya-ca","category-seccion-ca","category-sucesos-la-comarca-ca","tag-ayuntamiento-de-bunol-ca","tag-centro-de-menores-ca","tag-la-hoya-de-bunol-chiva-ca"],"_links":{"self":[{"href":"https:\/\/tucomarca.whitekongsoftware.com\/ca\/wp-json\/wp\/v2\/posts\/76505","targetHints":{"allow":["GET"]}}],"collection":[{"href":"https:\/\/tucomarca.whitekongsoftware.com\/ca\/wp-json\/wp\/v2\/posts"}],"about":[{"href":"https:\/\/tucomarca.whitekongsoftware.com\/ca\/wp-json\/wp\/v2\/types\/post"}],"author":[{"embeddable":true,"href":"https:\/\/tucomarca.whitekongsoftware.com\/ca\/wp-json\/wp\/v2\/users\/2"}],"replies":[{"embeddable":true,"href":"https:\/\/tucomarca.whitekongsoftware.com\/ca\/wp-json\/wp\/v2\/comments?post=76505"}],"version-history":[{"count":0,"href":"https:\/\/tucomarca.whitekongsoftware.com\/ca\/wp-json\/wp\/v2\/posts\/76505\/revisions"}],"wp:featuredmedia":[{"embeddable":true,"href":"https:\/\/tucomarca.whitekongsoftware.com\/ca\/wp-json\/wp\/v2\/media\/73856"}],"wp:attachment":[{"href":"https:\/\/tucomarca.whitekongsoftware.com\/ca\/wp-json\/wp\/v2\/media?parent=76505"}],"wp:term":[{"taxonomy":"category","embeddable":true,"href":"https:\/\/tucomarca.whitekongsoftware.com\/ca\/wp-json\/wp\/v2\/categories?post=76505"},{"taxonomy":"post_tag","embeddable":true,"href":"https:\/\/tucomarca.whitekongsoftware.com\/ca\/wp-json\/wp\/v2\/tags?post=76505"}],"curies":[{"name":"wp","href":"https:\/\/api.w.org\/{rel}","templated":true}]}}