{"id":76492,"date":"2018-10-23T13:28:26","date_gmt":"2018-10-23T11:28:26","guid":{"rendered":"http:\/\/www.tucomarca.com\/wordpress\/segunda\/?p=76492"},"modified":"2018-10-23T13:28:26","modified_gmt":"2018-10-23T11:28:26","slug":"el-secretari-general-del-pp-de-sant-antoni-de-benageber-acusa-lexpresident-de-induir-lo-a-incomplir-els-estatuts","status":"publish","type":"post","link":"https:\/\/tucomarca.whitekongsoftware.com\/ca\/el-secretari-general-del-pp-de-sant-antoni-de-benageber-acusa-lexpresident-de-induir-lo-a-incomplir-els-estatuts\/","title":{"rendered":"El secretari general del PP de Sant Antoni de Benag\u00e9ber acusa l&#8217;expresident de &#8220;induir-lo a incomplir els estatuts&#8221;"},"content":{"rendered":"<div class=\"\">\n<div class=\"\" dir=\"ltr\">\n<div class=\"\">\n<figure id=\"attachment_76464\" aria-describedby=\"caption-attachment-76464\" style=\"width: 366px\" class=\"wp-caption alignleft\"><img loading=\"lazy\" decoding=\"async\" class=\" wp-image-76464\" src=\"http:\/\/www.tucomarca.com\/wordpress\/segunda\/wp-content\/uploads\/2018\/10\/sAntonioBenageber.jpg\" alt=\"El Presidente del PP San Antonio de Benag\u00e9ber J.Ram\u00f3n Conejos (izqda.) junto al Secretario General Angel Osuna (dcha.)\" width=\"366\" height=\"398\" srcset=\"https:\/\/tucomarca.whitekongsoftware.com\/wp-content\/uploads\/2018\/10\/sAntonioBenageber.jpg 540w, https:\/\/tucomarca.whitekongsoftware.com\/wp-content\/uploads\/2018\/10\/sAntonioBenageber-276x300.jpg 276w\" sizes=\"auto, (max-width: 366px) 100vw, 366px\" \/><figcaption id=\"caption-attachment-76464\" class=\"wp-caption-text\">El president del PP San Antonio de Benag\u00e9ber, J. Ram\u00f3n Conills (esq.), Al costat del secretari general \u00c0ngel Osuna (dta.)<\/figcaption><\/figure>\n<p>\u00c0ngel Osuna Exp\u00f3sito, el secretari general del Partit Popular de Sant Antoni de Benag\u00e9ber, ha acusat via comunicat a Facebook al recentment dimitit president del Partit Popular a la Prov\u00edncia de Val\u00e8ncia de &#8220;induir-lo a incomplir els procediments i estatuts marcats pel PP en una reuni\u00f3 mantinguda en Noquear &#8220;.<\/p>\n<p>Aix\u00ed mateix, esmenta en la cr\u00edtica que l&#8217;alcalde de Benaguasil, Ximo Segarra, &#8220;hagi mostrat la seva intenci\u00f3 a revalidar l&#8217;alcaldia&#8221;.<\/p>\n<p>En aquest comunicat, signat per ell mateix i dif\u00f3s a la p\u00e0gina de Facebook dels populars, Osuna justifica &#8220;les formes utilitzades per a l&#8217;elecci\u00f3 irregular de la candidata n\u00famero u pel Partit Popular de Sant Antoni de Benag\u00e9ber&#8221;.<\/p>\n<p>&#8220;La Junta Local proposa i constitueix el comit\u00e8 electoral sota la premissa que va donar el del president de la gestora D. Rub\u00e9n Moreno fa una setmana a la reuni\u00f3 de N\u00e0quera. Nosaltres no actuem deliberadament i tampoc al marge de la direcci\u00f3 provincial, tot el contrari &#8220;, ha assegurat \u00c0ngel Osuna<br \/>\nContinua dit comunicat justificant la &#8220;falta de democr\u00e0cia interna&#8221; amb els seg\u00fcents arguments: &#8220;el nostre partit no \u00e9s Podem (assemblees ciutadanes, etc.) tenim uns estatuts i s&#8217;han complert fil per randa. No cal marejar a les persones amb altres coses que no tenen a veure amb la nostra forma d&#8217;actuar o les nostres normes &#8220;.<\/p>\n<p>Finalment, en aquest escrit retreu a l&#8217;alcalde de la localitat de Camp de T\u00faria que hi hagi &#8220;mostrat la seva prefer\u00e8ncia a revalidar l&#8217;alcaldia d&#8217;aquesta localitat per justificar el procediment d&#8217;elecci\u00f3: A la prov\u00edncia de Val\u00e8ncia ja hi ha m\u00e9s de quatre municipis que tenen constitu\u00efts els comit\u00e8s electorals: Un exemple d&#8217;aix\u00f2 \u00e9s Benaguasil; que ja va anunciar fa unes setmanes que el nostre company Ximo Segarra repetiria com a candidat a l&#8217;alcaldia en el seu municipi &#8220;.<\/p>\n<\/div>\n<\/div>\n<\/div>\n<div class=\"\">\n<div class=\"\" dir=\"ltr\">\n<div id='gallery-1' class='gallery galleryid-76492 gallery-columns-3 gallery-size-full'><figure class='gallery-item'>\n\t\t\t<div class='gallery-icon landscape'>\n\t\t\t\t<a href='https:\/\/tucomarca.whitekongsoftware.com\/ca\/el-secretari-general-del-pp-de-sant-antoni-de-benageber-acusa-lexpresident-de-induir-lo-a-incomplir-els-estatuts\/3-6-2\/'><img loading=\"lazy\" decoding=\"async\" width=\"546\" height=\"443\" src=\"https:\/\/tucomarca.whitekongsoftware.com\/wp-content\/uploads\/2018\/10\/3.jpeg\" class=\"attachment-full size-full\" alt=\"\" srcset=\"https:\/\/tucomarca.whitekongsoftware.com\/wp-content\/uploads\/2018\/10\/3.jpeg 546w, https:\/\/tucomarca.whitekongsoftware.com\/wp-content\/uploads\/2018\/10\/3-300x243.jpeg 300w\" sizes=\"auto, (max-width: 546px) 100vw, 546px\" \/><\/a>\n\t\t\t<\/div><\/figure><figure class='gallery-item'>\n\t\t\t<div class='gallery-icon landscape'>\n\t\t\t\t<a href='https:\/\/tucomarca.whitekongsoftware.com\/ca\/el-secretari-general-del-pp-de-sant-antoni-de-benageber-acusa-lexpresident-de-induir-lo-a-incomplir-els-estatuts\/2-7-2\/'><img loading=\"lazy\" decoding=\"async\" width=\"537\" height=\"444\" src=\"https:\/\/tucomarca.whitekongsoftware.com\/wp-content\/uploads\/2018\/10\/2.jpg\" class=\"attachment-full size-full\" alt=\"\" srcset=\"https:\/\/tucomarca.whitekongsoftware.com\/wp-content\/uploads\/2018\/10\/2.jpg 537w, https:\/\/tucomarca.whitekongsoftware.com\/wp-content\/uploads\/2018\/10\/2-300x248.jpg 300w\" sizes=\"auto, (max-width: 537px) 100vw, 537px\" \/><\/a>\n\t\t\t<\/div><\/figure><figure class='gallery-item'>\n\t\t\t<div class='gallery-icon landscape'>\n\t\t\t\t<a href='https:\/\/tucomarca.whitekongsoftware.com\/ca\/el-secretari-general-del-pp-de-sant-antoni-de-benageber-acusa-lexpresident-de-induir-lo-a-incomplir-els-estatuts\/1-15-2\/'><img loading=\"lazy\" decoding=\"async\" width=\"493\" height=\"372\" src=\"https:\/\/tucomarca.whitekongsoftware.com\/wp-content\/uploads\/2018\/10\/1.jpg\" class=\"attachment-full size-full\" alt=\"\" srcset=\"https:\/\/tucomarca.whitekongsoftware.com\/wp-content\/uploads\/2018\/10\/1.jpg 493w, https:\/\/tucomarca.whitekongsoftware.com\/wp-content\/uploads\/2018\/10\/1-300x226.jpg 300w\" sizes=\"auto, (max-width: 493px) 100vw, 493px\" \/><\/a>\n\t\t\t<\/div><\/figure>\n\t\t<\/div>\n\n<\/div>\n<\/div>\n","protected":false},"excerpt":{"rendered":"<div class=\"mh-excerpt\">\u00c0ngel Osuna Exp\u00f3sito, el secretari general del Partit Popular de Sant Antoni de Benag\u00e9ber, ha acusat via comunicat a Facebook al recentment dimitit president del Partit Popular a la Prov\u00edncia de Val\u00e8ncia de &#8220;induir-lo a <a class=\"mh-excerpt-more\" href=\"https:\/\/tucomarca.whitekongsoftware.com\/ca\/el-secretari-general-del-pp-de-sant-antoni-de-benageber-acusa-lexpresident-de-induir-lo-a-incomplir-els-estatuts\/\" title=\"El secretari general del PP de Sant Antoni de Benag\u00e9ber acusa l&#8217;expresident de &#8220;induir-lo a incomplir els estatuts&#8221;\">[+] <\/a><\/div>\n","protected":false},"author":2,"featured_media":76465,"comment_status":"open","ping_status":"open","sticky":false,"template":"","format":"standard","meta":{"footnotes":""},"categories":[10892,10947,10934,10896],"tags":[10899,11147],"class_list":["post-76492","post","type-post","status-publish","format-standard","has-post-thumbnail","category-camp-de-turia-ca","category-politica","category-san-antonio-de-benageber-ca","category-seccion-ca","tag-camp-de-turia-ca","tag-san-antoni-de-benageber"],"_links":{"self":[{"href":"https:\/\/tucomarca.whitekongsoftware.com\/ca\/wp-json\/wp\/v2\/posts\/76492","targetHints":{"allow":["GET"]}}],"collection":[{"href":"https:\/\/tucomarca.whitekongsoftware.com\/ca\/wp-json\/wp\/v2\/posts"}],"about":[{"href":"https:\/\/tucomarca.whitekongsoftware.com\/ca\/wp-json\/wp\/v2\/types\/post"}],"author":[{"embeddable":true,"href":"https:\/\/tucomarca.whitekongsoftware.com\/ca\/wp-json\/wp\/v2\/users\/2"}],"replies":[{"embeddable":true,"href":"https:\/\/tucomarca.whitekongsoftware.com\/ca\/wp-json\/wp\/v2\/comments?post=76492"}],"version-history":[{"count":0,"href":"https:\/\/tucomarca.whitekongsoftware.com\/ca\/wp-json\/wp\/v2\/posts\/76492\/revisions"}],"wp:featuredmedia":[{"embeddable":true,"href":"https:\/\/tucomarca.whitekongsoftware.com\/ca\/wp-json\/wp\/v2\/media\/76465"}],"wp:attachment":[{"href":"https:\/\/tucomarca.whitekongsoftware.com\/ca\/wp-json\/wp\/v2\/media?parent=76492"}],"wp:term":[{"taxonomy":"category","embeddable":true,"href":"https:\/\/tucomarca.whitekongsoftware.com\/ca\/wp-json\/wp\/v2\/categories?post=76492"},{"taxonomy":"post_tag","embeddable":true,"href":"https:\/\/tucomarca.whitekongsoftware.com\/ca\/wp-json\/wp\/v2\/tags?post=76492"}],"curies":[{"name":"wp","href":"https:\/\/api.w.org\/{rel}","templated":true}]}}