{"id":76448,"date":"2018-10-23T12:00:29","date_gmt":"2018-10-23T10:00:29","guid":{"rendered":"http:\/\/www.tucomarca.com\/wordpress\/segunda\/?p=76448"},"modified":"2018-10-23T12:00:29","modified_gmt":"2018-10-23T10:00:29","slug":"el-turisano-guillermo-tarin-i-juan-tamarit-campions-al-viii-campionat-autonomic-de-xarnego-valencia","status":"publish","type":"post","link":"https:\/\/tucomarca.whitekongsoftware.com\/ca\/el-turisano-guillermo-tarin-i-juan-tamarit-campions-al-viii-campionat-autonomic-de-xarnego-valencia\/","title":{"rendered":"El turisano Guillermo Tar\u00edn i Juan Tamarit campions al VIII Campionat Auton\u00f2mic de Xarnego Valenci\u00e0"},"content":{"rendered":"<figure id=\"attachment_76446\" aria-describedby=\"caption-attachment-76446\" style=\"width: 333px\" class=\"wp-caption alignleft\"><img loading=\"lazy\" decoding=\"async\" class=\" wp-image-76446\" src=\"http:\/\/www.tucomarca.com\/wordpress\/segunda\/wp-content\/uploads\/2018\/10\/WhatsApp-Image-2018-10-01-at-19.57.30-1-e1540283858841.jpeg\" alt=\"Los ganadores en la Vall d'Ux\u00f3.\" width=\"333\" height=\"244\" srcset=\"https:\/\/tucomarca.whitekongsoftware.com\/wp-content\/uploads\/2018\/10\/WhatsApp-Image-2018-10-01-at-19.57.30-1-e1540283858841.jpeg 718w, https:\/\/tucomarca.whitekongsoftware.com\/wp-content\/uploads\/2018\/10\/WhatsApp-Image-2018-10-01-at-19.57.30-1-e1540283858841-300x220.jpeg 300w\" sizes=\"auto, (max-width: 333px) 100vw, 333px\" \/><figcaption id=\"caption-attachment-76446\" class=\"wp-caption-text\">Els guanyadors\u00a0a la Vall d&#8217;Ux\u00f3.<\/figcaption><\/figure>\n<p><span class=\"\" title=\"\">El<\/span> <span class=\"\" title=\"\">turisano<\/span>\u00a0<span title=\"\">Guillermo<\/span> <span title=\"\">Tar\u00edn<\/span> <span title=\"\">i Juan<\/span> <span title=\"\">Tamarit<\/span> <span title=\"\">han quedat<\/span> <span title=\"\">campions<\/span> <span title=\"\">en el VIII<\/span> <span class=\"\" title=\"\">Campionat<\/span> <span title=\"\">Auton\u00f2mic<\/span> <span title=\"\">de<\/span> <span title=\"\">Xarnego<\/span> <span title=\"\">Valenci\u00e0<\/span> <span title=\"\">celebrat<\/span> <span title=\"\">recentment<\/span> <span title=\"\">a la Vall d&#8217;<\/span><span title=\"\">Uix\u00f3<\/span><span title=\"\">.<\/span><\/p>\n<p><span class=\"\" title=\"\">Un cop<\/span> <span title=\"\">m\u00e9s<\/span> <span title=\"\">Tar\u00edn<\/span> <span title=\"\">ha demostrat<\/span> <span title=\"\">tenir<\/span> <span title=\"\">uns<\/span> <span title=\"\">fant\u00e0stics<\/span> <span title=\"\">exemplars<\/span> <span title=\"\">i ser<\/span> <span title=\"\">tot un<\/span> <span class=\"\" title=\"\">especialista<\/span> <span title=\"\">en la cria<\/span> <span title=\"\">d&#8217;aquesta<\/span> <span title=\"\">ra\u00e7a<\/span> <span title=\"\">aut\u00f2ctona<\/span> <span title=\"\">amb la qual ha<\/span> <span title=\"\">aconseguit<\/span> <span title=\"\">fer<\/span> <span title=\"\">podi<\/span> <span class=\"\" title=\"\">en aquest<\/span> <span title=\"\">concurs<\/span> <span title=\"\">en el qual ja<\/span> <span title=\"\">es va proclamar campi\u00f3<\/span> <span title=\"\">fa<\/span> <span title=\"\">dos anys.<\/span><\/p>\n","protected":false},"excerpt":{"rendered":"<div class=\"mh-excerpt\">El turisano\u00a0Guillermo Tar\u00edn i Juan Tamarit han quedat campions en el VIII Campionat Auton\u00f2mic de Xarnego Valenci\u00e0 celebrat recentment a la Vall d&#8217;Uix\u00f3. Un cop m\u00e9s Tar\u00edn ha demostrat tenir uns fant\u00e0stics exemplars i ser <a class=\"mh-excerpt-more\" href=\"https:\/\/tucomarca.whitekongsoftware.com\/ca\/el-turisano-guillermo-tarin-i-juan-tamarit-campions-al-viii-campionat-autonomic-de-xarnego-valencia\/\" title=\"El turisano Guillermo Tar\u00edn i Juan Tamarit campions al VIII Campionat Auton\u00f2mic de Xarnego Valenci\u00e0\">[+] <\/a><\/div>\n","protected":false},"author":2,"featured_media":76446,"comment_status":"open","ping_status":"open","sticky":false,"template":"","format":"standard","meta":{"footnotes":""},"categories":[10894,10902,10896,11047],"tags":[11103,11093,11271],"class_list":["post-76448","post","type-post","status-publish","format-standard","has-post-thumbnail","category-la-comarca-ca","category-la-ribera-ca","category-seccion-ca","category-turis-ca","tag-ajuntament-de-turis-ca","tag-turis-ca","tag-viii-campeonato-autonomico-de-xarnego-valenciano-ca"],"_links":{"self":[{"href":"https:\/\/tucomarca.whitekongsoftware.com\/ca\/wp-json\/wp\/v2\/posts\/76448","targetHints":{"allow":["GET"]}}],"collection":[{"href":"https:\/\/tucomarca.whitekongsoftware.com\/ca\/wp-json\/wp\/v2\/posts"}],"about":[{"href":"https:\/\/tucomarca.whitekongsoftware.com\/ca\/wp-json\/wp\/v2\/types\/post"}],"author":[{"embeddable":true,"href":"https:\/\/tucomarca.whitekongsoftware.com\/ca\/wp-json\/wp\/v2\/users\/2"}],"replies":[{"embeddable":true,"href":"https:\/\/tucomarca.whitekongsoftware.com\/ca\/wp-json\/wp\/v2\/comments?post=76448"}],"version-history":[{"count":0,"href":"https:\/\/tucomarca.whitekongsoftware.com\/ca\/wp-json\/wp\/v2\/posts\/76448\/revisions"}],"wp:featuredmedia":[{"embeddable":true,"href":"https:\/\/tucomarca.whitekongsoftware.com\/ca\/wp-json\/wp\/v2\/media\/76446"}],"wp:attachment":[{"href":"https:\/\/tucomarca.whitekongsoftware.com\/ca\/wp-json\/wp\/v2\/media?parent=76448"}],"wp:term":[{"taxonomy":"category","embeddable":true,"href":"https:\/\/tucomarca.whitekongsoftware.com\/ca\/wp-json\/wp\/v2\/categories?post=76448"},{"taxonomy":"post_tag","embeddable":true,"href":"https:\/\/tucomarca.whitekongsoftware.com\/ca\/wp-json\/wp\/v2\/tags?post=76448"}],"curies":[{"name":"wp","href":"https:\/\/api.w.org\/{rel}","templated":true}]}}