{"id":76300,"date":"2018-10-18T21:45:43","date_gmt":"2018-10-18T19:45:43","guid":{"rendered":"http:\/\/www.tucomarca.com\/wordpress\/segunda\/?p=76300"},"modified":"2018-10-18T21:45:43","modified_gmt":"2018-10-18T19:45:43","slug":"vilamarxant-suspen-les-classes-del-divendres-per-lalerta-taronja-decretada-pel-centre-demergencies","status":"publish","type":"post","link":"https:\/\/tucomarca.whitekongsoftware.com\/ca\/vilamarxant-suspen-les-classes-del-divendres-per-lalerta-taronja-decretada-pel-centre-demergencies\/","title":{"rendered":"Vilamarxant susp\u00e9n les classes del divendres per l&#8217;alerta taronja decretada pel Centre d&#8217;Emerg\u00e8ncies"},"content":{"rendered":"<figure id=\"attachment_72194\" aria-describedby=\"caption-attachment-72194\" style=\"width: 293px\" class=\"wp-caption alignleft\"><img loading=\"lazy\" decoding=\"async\" class=\" wp-image-72194\" src=\"http:\/\/www.tucomarca.com\/wordpress\/segunda\/wp-content\/uploads\/2017\/10\/VilamarxantAjuntament.jpg\" alt=\"Ajuntament de Vilamarxant.\" width=\"293\" height=\"218\" srcset=\"https:\/\/tucomarca.whitekongsoftware.com\/wp-content\/uploads\/2017\/10\/VilamarxantAjuntament.jpg 5360w, https:\/\/tucomarca.whitekongsoftware.com\/wp-content\/uploads\/2017\/10\/VilamarxantAjuntament-300x224.jpg 300w, https:\/\/tucomarca.whitekongsoftware.com\/wp-content\/uploads\/2017\/10\/VilamarxantAjuntament-768x573.jpg 768w, https:\/\/tucomarca.whitekongsoftware.com\/wp-content\/uploads\/2017\/10\/VilamarxantAjuntament-1024x764.jpg 1024w\" sizes=\"auto, (max-width: 293px) 100vw, 293px\" \/><figcaption id=\"caption-attachment-72194\" class=\"wp-caption-text\">Ajuntament de Vilamarxant.<\/figcaption><\/figure>\n<p><b>L&#8217;alcalde Jes\u00fas Montesinos fa efectiva la suspensi\u00f3 de l&#8217;activitat escolar tres una resoluci\u00f3 signada hui<\/b><\/p>\n<p>L&#8217;Ajuntament de Vilamarxant ha decidit suspendre les classes de dem\u00e0, divendres 19 d&#8217;octubre, en els centres escolars del municipi com a conseq\u00fc\u00e8ncia de l&#8217;alerta taronja decretada pel Centre d&#8217;Emerg\u00e8ncies de la Generalitat Valenciana.<\/p>\n<p>El risc existent per les fortes pluges que s&#8217;esperen en les pr\u00f2ximes hores ha fet prec\u00eds que el consistori suspenga les activitats escolars durant tota la jornada del divendres.<\/p>\n<p>L&#8217;alcalde Jes\u00fas Montesinos, \u00fanica persona amb capacitat per a la suspensi\u00f3 de l&#8217;activitat escolar, ha dut a terme aquesta determinaci\u00f3 despr\u00e9s de coordinar-se amb els equips directius dels centres i contactar amb el Centre d&#8217;Emerg\u00e8ncies de la Generalitat i la Conselleria d&#8217;Educaci\u00f3.<\/p>\n<p>D&#8217;aquesta forma, se suspenen les classes en el CEI Horta Major, CEIP La Pea, San Fransciso i Santo Domingo, L\u2019Escola Infantil Municipal i el Centre de Persones Adultes de Vilamarxant.<\/p>\n<p>El risc per les pluges torrencials desaconsella l&#8217;\u00fas del transport en els diferents serveis p\u00fablics, ja que molts dels alumnes viuen en urbanitzacions fora del nucli de la localitat.<\/p>\n<p>Jes\u00fas Montesinos, alcalde de l&#8217;Ajuntament de Vilamarxant, va explicar que s&#8217;ha pres la millor decisi\u00f3 per la seguretat dels m\u00e9s de mil escolars que acudeixen di\u00e0riament als seus centres.<\/p>\n<p>\u201cHem cregut convenient suspendre les classes en Vilamaxant davant l&#8217;alerta declarada pel Centre d&#8217;Emerg\u00e8ncies davant la intranquil\u00b7litat dels equips docents. Com no pot ser d&#8217;una altra forma, hem de garantir la seguretat de tots els alumnes i treballadors dels centres escolars a la vista de les adverses condicions meteorol\u00f2giques que s&#8217;ave\u00efnen\u201d, va indicar l&#8217;edil.<\/p>\n","protected":false},"excerpt":{"rendered":"<div class=\"mh-excerpt\">L&#8217;alcalde Jes\u00fas Montesinos fa efectiva la suspensi\u00f3 de l&#8217;activitat escolar tres una resoluci\u00f3 signada hui L&#8217;Ajuntament de Vilamarxant ha decidit suspendre les classes de dem\u00e0, divendres 19 d&#8217;octubre, en els centres escolars del municipi com <a class=\"mh-excerpt-more\" href=\"https:\/\/tucomarca.whitekongsoftware.com\/ca\/vilamarxant-suspen-les-classes-del-divendres-per-lalerta-taronja-decretada-pel-centre-demergencies\/\" title=\"Vilamarxant susp\u00e9n les classes del divendres per l&#8217;alerta taronja decretada pel Centre d&#8217;Emerg\u00e8ncies\">[+] <\/a><\/div>\n","protected":false},"author":2,"featured_media":72194,"comment_status":"open","ping_status":"open","sticky":false,"template":"","format":"standard","meta":{"footnotes":""},"categories":[10892,10894,10927],"tags":[10943,10899],"class_list":["post-76300","post","type-post","status-publish","format-standard","has-post-thumbnail","category-camp-de-turia-ca","category-la-comarca-ca","category-vilamarxant-ca","tag-ajuntament-de-vilamarxant-ca","tag-camp-de-turia-ca"],"_links":{"self":[{"href":"https:\/\/tucomarca.whitekongsoftware.com\/ca\/wp-json\/wp\/v2\/posts\/76300","targetHints":{"allow":["GET"]}}],"collection":[{"href":"https:\/\/tucomarca.whitekongsoftware.com\/ca\/wp-json\/wp\/v2\/posts"}],"about":[{"href":"https:\/\/tucomarca.whitekongsoftware.com\/ca\/wp-json\/wp\/v2\/types\/post"}],"author":[{"embeddable":true,"href":"https:\/\/tucomarca.whitekongsoftware.com\/ca\/wp-json\/wp\/v2\/users\/2"}],"replies":[{"embeddable":true,"href":"https:\/\/tucomarca.whitekongsoftware.com\/ca\/wp-json\/wp\/v2\/comments?post=76300"}],"version-history":[{"count":0,"href":"https:\/\/tucomarca.whitekongsoftware.com\/ca\/wp-json\/wp\/v2\/posts\/76300\/revisions"}],"wp:featuredmedia":[{"embeddable":true,"href":"https:\/\/tucomarca.whitekongsoftware.com\/ca\/wp-json\/wp\/v2\/media\/72194"}],"wp:attachment":[{"href":"https:\/\/tucomarca.whitekongsoftware.com\/ca\/wp-json\/wp\/v2\/media?parent=76300"}],"wp:term":[{"taxonomy":"category","embeddable":true,"href":"https:\/\/tucomarca.whitekongsoftware.com\/ca\/wp-json\/wp\/v2\/categories?post=76300"},{"taxonomy":"post_tag","embeddable":true,"href":"https:\/\/tucomarca.whitekongsoftware.com\/ca\/wp-json\/wp\/v2\/tags?post=76300"}],"curies":[{"name":"wp","href":"https:\/\/api.w.org\/{rel}","templated":true}]}}