{"id":76157,"date":"2018-10-16T19:03:40","date_gmt":"2018-10-16T17:03:40","guid":{"rendered":"http:\/\/www.tucomarca.com\/wordpress\/segunda\/?p=76157"},"modified":"2018-10-16T19:05:18","modified_gmt":"2018-10-16T17:05:18","slug":"la-conselleria-de-cultura-restaurara-part-del-cementiri-maconic-de-bunyol","status":"publish","type":"post","link":"https:\/\/tucomarca.whitekongsoftware.com\/ca\/la-conselleria-de-cultura-restaurara-part-del-cementiri-maconic-de-bunyol\/","title":{"rendered":"La Conselleria de Cultura restaurar\u00e0 part del cementeri ma\u00e7\u00f2nic de Bunyol"},"content":{"rendered":"<figure id=\"attachment_76154\" aria-describedby=\"caption-attachment-76154\" style=\"width: 360px\" class=\"wp-caption alignleft\"><img loading=\"lazy\" decoding=\"async\" class=\" wp-image-76154\" src=\"http:\/\/www.tucomarca.com\/wordpress\/segunda\/wp-content\/uploads\/2018\/10\/Cementerio.jpg\" alt=\"Una de las tumbas del cementerio de Bu\u00f1ol.\" width=\"360\" height=\"270\" srcset=\"https:\/\/tucomarca.whitekongsoftware.com\/wp-content\/uploads\/2018\/10\/Cementerio.jpg 960w, https:\/\/tucomarca.whitekongsoftware.com\/wp-content\/uploads\/2018\/10\/Cementerio-300x225.jpg 300w, https:\/\/tucomarca.whitekongsoftware.com\/wp-content\/uploads\/2018\/10\/Cementerio-768x576.jpg 768w\" sizes=\"auto, (max-width: 360px) 100vw, 360px\" \/><figcaption id=\"caption-attachment-76154\" class=\"wp-caption-text\">Una de les tombes del cementiri de Bunyol.<\/figcaption><\/figure>\n<p>La direcci\u00f3 general de Cultura i Patrimoni va a realitzar unes obres al cementiri hist\u00f2ric de Bunyol per restaurar una trentena de tombes greument deteriorades.<br \/>\nL&#8217;Ajuntament de Bunyol, a trav\u00e9s de l&#8217;alcaldessa Jonquera Carrascosa, va sol\u00b7licitar &#8220;ajuda urgent a Cultura davant el greu deteriorament d&#8217;un grup de n\u00ednxols dins del cementiri civil. Un sector de 30 n\u00ednxols amb un risc imminent de despreniment, la qual cosa provocaria la p\u00e8rdua irremeiable de les l\u00e0pides i s\u00edmbols ma\u00e7\u00f2nics que daten de finals del segle XIX.<br \/>\nEl cementiri hist\u00f2ric de Bunyol t\u00e9 la protecci\u00f3 patrimonial de B\u00e9 de Rellev\u00e0ncia Local i posseeix 435 tombes amb simbologia ma\u00e7\u00f2nica, m\u00e9s de quaranta pertanyents a mestres ma\u00e7ons &#8220;, segons han informat fonts de l&#8217;Ajuntament de la localitat.<\/p>\n<p>El cementiri va ser creat el 1886 per l&#8217;alcalde Joaquim Ballester la tomba \u00e9s la m\u00e9s antiga. La l\u00f2gia dels Onze Germans va tenir una gran implantaci\u00f3 a la comarca i en Bunyol. Una particularitat d&#8217;aquest cementiri \u00e9s que durant la dictadura va continuar com a cementiri civil. Avui \u00e9s un dels cementiris m\u00e9s singulars i visitats de la Comunitat Valenciana.<\/p>\n<p>La restauraci\u00f3 de 38 l\u00e0pides que daten del segle XIX tenen un cost de 48.395 euros i les obres comen\u00e7aran en breu, despr\u00e9s d&#8217;haver-se licitat el treball amb una empresa professional de restauraci\u00f3. Per evitar l&#8217;ensorrament es proposa actuar en tres fases: la primera i m\u00e9s urgent la protecci\u00f3 i retirada dels s\u00edmbols i l\u00e0pides que tenen un major valor patrimonial, mitjan\u00e7ant m\u00e8todes propis de conservaci\u00f3 que permetin la seva restauraci\u00f3 i recuperaci\u00f3, alhora s&#8217;ha de refor\u00e7ar els buits amb ma\u00f3 bresca per evitar el col\u00b7lapse de l&#8217;estructura dels n\u00ednxols, forjat i coberta.<\/p>\n<p>Un cop realitzada aquesta primera intervenci\u00f3 d&#8217;urg\u00e8ncia l&#8217;ajuntament procedir\u00e0 a la retirada de les restes \u00f2ssies. La intervenci\u00f3 finalitzar\u00e0 amb la consolidaci\u00f3 de l&#8217;estructura dels n\u00ednxols per aix\u00f2 s&#8217;avaluar\u00e0 una vegada realitzades les altres dues fases.<\/p>\n<p>L&#8217;alcaldessa de Bunyol, aix\u00ed com la resta de l&#8217;equip de govern municipal s&#8217;han mostrat &#8220;molt satisfets per l&#8217;atenci\u00f3 i r\u00e0pida intervenci\u00f3 de la Direcci\u00f3 general de Cultura, ja que tant la directora general Carmen Amoraga, com el sotsdirector de Patrimoni, Antonio Bravo , s&#8217;han mostrat molt receptius i interessats en recuperar aquest b\u00e9 patrimonial excepcional que t\u00e9 Bunyol. Pel que amb la lluita de Jonquera Carrascosa hem aconseguit que restaurin la zona m\u00e9s antiga del cementiri &#8220;, han finalitzat.<\/p>\n","protected":false},"excerpt":{"rendered":"<div class=\"mh-excerpt\">La direcci\u00f3 general de Cultura i Patrimoni va a realitzar unes obres al cementiri hist\u00f2ric de Bunyol per restaurar una trentena de tombes greument deteriorades. L&#8217;Ajuntament de Bunyol, a trav\u00e9s de l&#8217;alcaldessa Jonquera Carrascosa, va <a class=\"mh-excerpt-more\" href=\"https:\/\/tucomarca.whitekongsoftware.com\/ca\/la-conselleria-de-cultura-restaurara-part-del-cementiri-maconic-de-bunyol\/\" title=\"La Conselleria de Cultura restaurar\u00e0 part del cementeri ma\u00e7\u00f2nic de Bunyol\">[+] <\/a><\/div>\n","protected":false},"author":1,"featured_media":76154,"comment_status":"open","ping_status":"open","sticky":false,"template":"","format":"standard","meta":{"footnotes":""},"categories":[10911,10948,10894,10912,10947,10896],"tags":[10914],"class_list":["post-76157","post","type-post","status-publish","format-standard","has-post-thumbnail","category-bunol-ca","category-infraestructuras-ca","category-la-comarca-ca","category-la-hoya-ca","category-politica","category-seccion-ca","tag-la-hoya-de-bunol-chiva-ca"],"_links":{"self":[{"href":"https:\/\/tucomarca.whitekongsoftware.com\/ca\/wp-json\/wp\/v2\/posts\/76157","targetHints":{"allow":["GET"]}}],"collection":[{"href":"https:\/\/tucomarca.whitekongsoftware.com\/ca\/wp-json\/wp\/v2\/posts"}],"about":[{"href":"https:\/\/tucomarca.whitekongsoftware.com\/ca\/wp-json\/wp\/v2\/types\/post"}],"author":[{"embeddable":true,"href":"https:\/\/tucomarca.whitekongsoftware.com\/ca\/wp-json\/wp\/v2\/users\/1"}],"replies":[{"embeddable":true,"href":"https:\/\/tucomarca.whitekongsoftware.com\/ca\/wp-json\/wp\/v2\/comments?post=76157"}],"version-history":[{"count":0,"href":"https:\/\/tucomarca.whitekongsoftware.com\/ca\/wp-json\/wp\/v2\/posts\/76157\/revisions"}],"wp:featuredmedia":[{"embeddable":true,"href":"https:\/\/tucomarca.whitekongsoftware.com\/ca\/wp-json\/wp\/v2\/media\/76154"}],"wp:attachment":[{"href":"https:\/\/tucomarca.whitekongsoftware.com\/ca\/wp-json\/wp\/v2\/media?parent=76157"}],"wp:term":[{"taxonomy":"category","embeddable":true,"href":"https:\/\/tucomarca.whitekongsoftware.com\/ca\/wp-json\/wp\/v2\/categories?post=76157"},{"taxonomy":"post_tag","embeddable":true,"href":"https:\/\/tucomarca.whitekongsoftware.com\/ca\/wp-json\/wp\/v2\/tags?post=76157"}],"curies":[{"name":"wp","href":"https:\/\/api.w.org\/{rel}","templated":true}]}}