{"id":75716,"date":"2018-10-09T10:24:56","date_gmt":"2018-10-09T08:24:56","guid":{"rendered":"http:\/\/www.tucomarca.com\/wordpress\/segunda\/?p=75716"},"modified":"2018-10-09T10:24:56","modified_gmt":"2018-10-09T08:24:56","slug":"xest-presenta-el-documental-sobre-la-problematica-ambiental-i-de-salut-per-la-crema-de-residus-en-cemex-un-perill-invisible","status":"publish","type":"post","link":"https:\/\/tucomarca.whitekongsoftware.com\/ca\/xest-presenta-el-documental-sobre-la-problematica-ambiental-i-de-salut-per-la-crema-de-residus-en-cemex-un-perill-invisible\/","title":{"rendered":"Xest presenta el documental sobre la problem\u00e0tica ambiental i de salut per la crema de residus en Cemex &#8220;Un perill invisible&#8221;"},"content":{"rendered":"<figure id=\"attachment_75710\" aria-describedby=\"caption-attachment-75710\" style=\"width: 449px\" class=\"wp-caption alignleft\"><img loading=\"lazy\" decoding=\"async\" class=\" wp-image-75710\" src=\"http:\/\/www.tucomarca.com\/wordpress\/segunda\/wp-content\/uploads\/2018\/10\/Docu1.jpg\" alt=\"M\u00aa \u00c1ngeles Llorente, concejala de Medio Ambiente y Sanidad, y Jorgina Gil, representante de la Plataforma Aire Limpio.\" width=\"449\" height=\"299\" srcset=\"https:\/\/tucomarca.whitekongsoftware.com\/wp-content\/uploads\/2018\/10\/Docu1.jpg 5472w, https:\/\/tucomarca.whitekongsoftware.com\/wp-content\/uploads\/2018\/10\/Docu1-300x200.jpg 300w, https:\/\/tucomarca.whitekongsoftware.com\/wp-content\/uploads\/2018\/10\/Docu1-768x512.jpg 768w, https:\/\/tucomarca.whitekongsoftware.com\/wp-content\/uploads\/2018\/10\/Docu1-1024x683.jpg 1024w\" sizes=\"auto, (max-width: 449px) 100vw, 449px\" \/><figcaption id=\"caption-attachment-75710\" class=\"wp-caption-text\"><span title=\"\">M\u00aa \u00c1ngeles<\/span> <span title=\"\">Llorente,<\/span> <span title=\"\">regidora<\/span> <span title=\"\">de Medi<\/span> <span title=\"\">Ambient<\/span> <span title=\"\">i<\/span> <span title=\"\">Sanitat<\/span><span title=\"\">,<\/span> <span title=\"\">i<\/span> <span title=\"\">Jorgina<\/span> <span title=\"\">Gil<\/span><span title=\"\">, representant de<\/span> <span title=\"\">la Plataforma<\/span> Aire Limpio.<\/figcaption><\/figure>\n<p>El sal\u00f3 de plens de l&#8217;Ajuntament de Xest va acollir dijous passat, 4 d&#8217;octubre, la presentaci\u00f3 del documental &#8220;Un perill invisible&#8221;, de Manuel Rossell, produ\u00eft per V\u00eddeo Quadrat. L&#8217;acte, promogut per la regidories de Medi Ambient i Sanitat, al costat de la Plataforma Aire Net, va comptar amb la participaci\u00f3 de prop de 50 persones. M\u00aa \u00c1ngeles Llorente, regidora de Medi Ambient i Sanitat, i Jorgina Gil, representant de la Plataforma Aire Net, van ser les encarregades d&#8217;introduir la problem\u00e0tica ambiental i de salut que suposa l&#8217;activitat de la crema de residus t\u00f2xics i perillosos a la cimentera de Bunyol , tema central del documental. &#8220;Fins al 1992, la cimentera de Bunyol era una empresa valenciana i treballava com qualsevol cimentera cremant cl\u00ednquer en els seus forns. A partir d&#8217;aquest any es comencen a cremar com a combustible residus urbans i drogues confiscades a les batudes policials. I a partir del 2006 les cimenteres converteixen en negoci, no la fabricaci\u00f3 de ciment, sin\u00f3 la crema de residus; comen\u00e7ant a cremar en grans quantitats farines c\u00e0rnies, drogues i tot tipus de residus hospitalaris i residus t\u00f2xics i perillosos &#8220;, declarava la regidora. &#8220;Per donar una xifra, del 2006 al 2011 es va autoritzar la crema de 115.000 tones a l&#8217;any de residus a la cimentera de Bunyol per a produir ciment. Aquesta crema de residus t\u00e9 efectes terribles en el Medi Ambient: contaminen l&#8217;aigua, el s\u00f2l i l&#8217;aire. El m\u00e9s perill\u00f3s \u00e9s l&#8217;alliberament de dioxines i furans, elements reconeguts com cancer\u00edgens de tipus 1 per l&#8217;Organitzaci\u00f3 Mundial de la Salut, \u00e9s a dir, els de m\u00e0xim perill &#8220;.<\/p>\n<figure id=\"attachment_75713\" aria-describedby=\"caption-attachment-75713\" style=\"width: 448px\" class=\"wp-caption alignleft\"><img loading=\"lazy\" decoding=\"async\" class=\" wp-image-75713\" src=\"http:\/\/www.tucomarca.com\/wordpress\/segunda\/wp-content\/uploads\/2018\/10\/Docu3.jpg\" alt=\"El acto, promovido por la concejal\u00edas de Medio Ambiente y Sanidad, junto a la Plataforma Aire Limpio, cont\u00f3 con la participaci\u00f3n de cerca de 50 personas.\" width=\"448\" height=\"299\" srcset=\"https:\/\/tucomarca.whitekongsoftware.com\/wp-content\/uploads\/2018\/10\/Docu3.jpg 5472w, https:\/\/tucomarca.whitekongsoftware.com\/wp-content\/uploads\/2018\/10\/Docu3-300x200.jpg 300w, https:\/\/tucomarca.whitekongsoftware.com\/wp-content\/uploads\/2018\/10\/Docu3-768x512.jpg 768w, https:\/\/tucomarca.whitekongsoftware.com\/wp-content\/uploads\/2018\/10\/Docu3-1024x683.jpg 1024w\" sizes=\"auto, (max-width: 448px) 100vw, 448px\" \/><figcaption id=\"caption-attachment-75713\" class=\"wp-caption-text\"><span title=\"\">L&#8217;acte,<\/span> <span title=\"\">promogut<\/span> <span title=\"\">per la<\/span> <span title=\"\">regidories<\/span> <span title=\"\">de Medi<\/span> <span title=\"\">Ambient<\/span> <span title=\"\">i<\/span> <span title=\"\">Sanitat<\/span><span title=\"\">, al costat de<\/span> <span title=\"\">la Plataforma<\/span>\u00a0\u00ab<span class=\"\" title=\"\">Aire Limpio\u00bb<\/span><span title=\"\">, va comptar amb<\/span> <span title=\"\">la participaci\u00f3<\/span> <span title=\"\">de prop de<\/span> <span title=\"\">50<\/span> <span class=\"\" title=\"\">persones<\/span><span class=\"\" title=\"\">.<\/span><\/figcaption><\/figure>\n<p>Tal com va explicar Llorente, des de 2006 les cimenteres han anat obtenint autoritzacions ambientals integrades per cremar residus t\u00f2xics i perillosos cada vegada en majors quantitats. &#8220;A m\u00e9s, aboquen l\u00edquids contaminants procedents del rentat de gasos en combusti\u00f3 i tamb\u00e9, cada 10 tones de residus es produeixen 3 de esc\u00f2ries i de cendres que van a parar a abocadors. Aix\u00f2 \u00e9s grav\u00edssim, per\u00f2 s\u00f3n m\u00e9s greus les incid\u00e8ncies que tenen aquestes accions sobre la salut, avalades per la Conselleria de Salut P\u00fablica, perqu\u00e8 aquest tipus d&#8217;emissions, a m\u00e9s de c\u00e0ncers, provoquen malalties cardiol\u00f2giques, respirat\u00f2ries, renals, cut\u00e0nies, hormonals i de la fertilitat, entre altres &#8220;. &#8220;A m\u00e9s, est\u00e0 demostrat que les cimenteres que incineren tamb\u00e9 suposen problemes econ\u00f2mics, perqu\u00e8 esgoten els recursos financers per utilitzar un altre tipus d&#8217;alternativa de reciclatge, malgasten l&#8217;energia i soscaven la prevenci\u00f3, perjudiquen la producci\u00f3 ecol\u00f2gica, tant ramadera com agr\u00edcola i no recuperen la energia ja que produeixen la sisena part de la que consumeixen per incinerar &#8220;, enumerava Llorente. &#8220;Totes aquestes q\u00fcestions es saben des de fa molt de temps, per\u00f2 els governs del PP han anat autoritzant cremar i cremar cada vegada m\u00e9s residus t\u00f2xics i perillosos. Quan es produeix el canvi, tots els ajuntaments ens preocupem pel problema, alhora que neix a la nostra comarca la Plataforma Aire Net, que est\u00e0 realitzant una gran tasca de forma plenament gratu\u00efta &#8220;. Des de la plataforma Aire Net, amb el suport dels ajuntaments de la comarca s&#8217;ha paralitzat, mitjan\u00e7ant la presentaci\u00f3 d&#8217;al\u00b7legacions, l&#8217;\u00faltima autoritzaci\u00f3 que sol\u00b7licita Cemex, en qu\u00e8 l&#8217;empresa demana cremar m\u00e9s residus i sol\u00b7licita una autoritzaci\u00f3 per construir una planta de emmagatzematge, classificaci\u00f3 i condicionament de residus per a la incineraci\u00f3 en els seus forns de 16 tipus m\u00e9s de residus. &#8220;Cal destacar que tots els residus que es cremen a la cimentera de Bunyol procedeixen de Catalunya, Castella-la Manxa o Madrid; no es crema cap residu de la Comunitat Valenciana i aix\u00f2 \u00e9s aix\u00ed perqu\u00e8 a totes aquestes comunitats els resulta m\u00e9s econ\u00f2mic portar els residus aqu\u00ed perqu\u00e8 no s&#8217;ha establert una taxa de trasllat de residus &#8220;, exposava Llorente. &#8220;En el cas del tema de les taxes, enguany es va establir que es comen\u00e7arien a cobrar, per\u00f2 abans que s&#8217;apliqu\u00e9s l&#8217;impost, Ximo Puig es va reunir amb els representants de la Patronal per comunicar-los les rebaixes sobre aquest c\u00e0non recentment establert&#8221;, afegia Jorgina Gil. &#8220;Vam posar el crit al carrer i aquest estiu des de la Plataforma vam organitzar dos sopars reivindicatives, a m\u00e9s de comen\u00e7ar a moure el documental que avui es projecta en aquest sal\u00f3&#8221;. Gil va manifestar la intenci\u00f3 de la Plataforma d&#8217;arribar a tota la poblaci\u00f3 i va convidar a tots els ve\u00efns i ve\u00efnes a implicar-se amb la seva causa. &#8220;Hem intentat moure&#8217;ns per fer arribar a tota la ciutadania la informaci\u00f3 sobre la situaci\u00f3. Des 2015 hem realitzat mobilitzacions, hem buscat assessorament t\u00e8cnic, de la m\u00e0 del Carlos Arribas, coordinador de l&#8217;\u00c0rea Confederal de Residus d&#8217;Ecologistes en Acci\u00f3 i expert en ind\u00fastria del ciment, qui ens ha orientat en les q\u00fcestions t\u00e8cniques i ha enviat diversos comunicats a Conselleria indicant les fallades que t\u00e9 al realitzar els mesuraments l&#8217;empresa Cemex i altres irregularitats. S&#8217;han presentat a Conselleria 540 signatures individuals i 30 de col\u00b7lectius per paralitzar la nova autoritzaci\u00f3 ambiental integrada i estem a l&#8217;espera de la resposta. Per\u00f2 necessitem que col\u00b7labori m\u00e9s gent, que la poblaci\u00f3 conegui la informaci\u00f3 i es conscienci\u00ef amb el problema &#8220;, apuntava l&#8217;activista.<\/p>\n","protected":false},"excerpt":{"rendered":"<div class=\"mh-excerpt\">El sal\u00f3 de plens de l&#8217;Ajuntament de Xest va acollir dijous passat, 4 d&#8217;octubre, la presentaci\u00f3 del documental &#8220;Un perill invisible&#8221;, de Manuel Rossell, produ\u00eft per V\u00eddeo Quadrat. L&#8217;acte, promogut per la regidories de Medi <a class=\"mh-excerpt-more\" href=\"https:\/\/tucomarca.whitekongsoftware.com\/ca\/xest-presenta-el-documental-sobre-la-problematica-ambiental-i-de-salut-per-la-crema-de-residus-en-cemex-un-perill-invisible\/\" title=\"Xest presenta el documental sobre la problem\u00e0tica ambiental i de salut per la crema de residus en Cemex &#8220;Un perill invisible&#8221;\">[+] <\/a><\/div>\n","protected":false},"author":2,"featured_media":75711,"comment_status":"open","ping_status":"open","sticky":false,"template":"","format":"standard","meta":{"footnotes":""},"categories":[11010,10898,10894,10912,10903,10896,10974],"tags":[11108,11223,11109],"class_list":["post-75716","post","type-post","status-publish","format-standard","has-post-thumbnail","category-canal-salud","category-ventana-ca","category-la-comarca-ca","category-la-hoya-ca","category-medio-ambiente-la-comarca-ca","category-seccion-ca","category-cheste-ca","tag-la-foia-de-bunyol-xiva","tag-plataforma-aire-limpio-la-hoya-ca","tag-xest"],"_links":{"self":[{"href":"https:\/\/tucomarca.whitekongsoftware.com\/ca\/wp-json\/wp\/v2\/posts\/75716","targetHints":{"allow":["GET"]}}],"collection":[{"href":"https:\/\/tucomarca.whitekongsoftware.com\/ca\/wp-json\/wp\/v2\/posts"}],"about":[{"href":"https:\/\/tucomarca.whitekongsoftware.com\/ca\/wp-json\/wp\/v2\/types\/post"}],"author":[{"embeddable":true,"href":"https:\/\/tucomarca.whitekongsoftware.com\/ca\/wp-json\/wp\/v2\/users\/2"}],"replies":[{"embeddable":true,"href":"https:\/\/tucomarca.whitekongsoftware.com\/ca\/wp-json\/wp\/v2\/comments?post=75716"}],"version-history":[{"count":0,"href":"https:\/\/tucomarca.whitekongsoftware.com\/ca\/wp-json\/wp\/v2\/posts\/75716\/revisions"}],"wp:featuredmedia":[{"embeddable":true,"href":"https:\/\/tucomarca.whitekongsoftware.com\/ca\/wp-json\/wp\/v2\/media\/75711"}],"wp:attachment":[{"href":"https:\/\/tucomarca.whitekongsoftware.com\/ca\/wp-json\/wp\/v2\/media?parent=75716"}],"wp:term":[{"taxonomy":"category","embeddable":true,"href":"https:\/\/tucomarca.whitekongsoftware.com\/ca\/wp-json\/wp\/v2\/categories?post=75716"},{"taxonomy":"post_tag","embeddable":true,"href":"https:\/\/tucomarca.whitekongsoftware.com\/ca\/wp-json\/wp\/v2\/tags?post=75716"}],"curies":[{"name":"wp","href":"https:\/\/api.w.org\/{rel}","templated":true}]}}