{"id":75517,"date":"2018-10-05T21:51:43","date_gmt":"2018-10-05T19:51:43","guid":{"rendered":"http:\/\/www.tucomarca.com\/wordpress\/segunda\/?p=75517"},"modified":"2018-10-05T21:51:43","modified_gmt":"2018-10-05T19:51:43","slug":"la-diputacio-finalitza-el-nou-carril-ciclopeatonal-que-uneix-alfarp-amb-catadau-i-llombai","status":"publish","type":"post","link":"https:\/\/tucomarca.whitekongsoftware.com\/ca\/la-diputacio-finalitza-el-nou-carril-ciclopeatonal-que-uneix-alfarp-amb-catadau-i-llombai\/","title":{"rendered":"La Diputaci\u00f3 finalitza el nou carril ciclopeatonal que uneix Alfarp amb Catadau i Llombai"},"content":{"rendered":"<figure id=\"attachment_75518\" aria-describedby=\"caption-attachment-75518\" style=\"width: 639px\" class=\"wp-caption alignleft\"><img loading=\"lazy\" decoding=\"async\" class=\" wp-image-75518\" src=\"http:\/\/www.tucomarca.com\/wordpress\/segunda\/wp-content\/uploads\/2018\/10\/AlfarpLlombai.jpg\" alt=\"Pablo Segu\u00ed, responsable de Carreteres, va visitar junt als alcaldes dels tres municipis la fase final de les obres, el pressupost de les quals ha ascendit a 195.000 euros i ha millorat a m\u00e9s l'acc\u00e9s a Alfarp.\" width=\"639\" height=\"479\" srcset=\"https:\/\/tucomarca.whitekongsoftware.com\/wp-content\/uploads\/2018\/10\/AlfarpLlombai.jpg 3968w, https:\/\/tucomarca.whitekongsoftware.com\/wp-content\/uploads\/2018\/10\/AlfarpLlombai-300x225.jpg 300w, https:\/\/tucomarca.whitekongsoftware.com\/wp-content\/uploads\/2018\/10\/AlfarpLlombai-768x576.jpg 768w, https:\/\/tucomarca.whitekongsoftware.com\/wp-content\/uploads\/2018\/10\/AlfarpLlombai-1024x768.jpg 1024w\" sizes=\"auto, (max-width: 639px) 100vw, 639px\" \/><figcaption id=\"caption-attachment-75518\" class=\"wp-caption-text\">Pablo Segu\u00ed, responsable de Carreteres, va visitar junt als alcaldes dels tres municipis la fase final de les obres, el pressupost de les quals ha ascendit a 195.000 euros i ha millorat a m\u00e9s l&#8217;acc\u00e9s a Alfarp.<\/figcaption><\/figure>\n<p>Despr\u00e9s de m\u00e9s de 15 anys de reivindicacions, els municipis d&#8217;Alfarp, Catadau i Llombai compten ja amb una connexi\u00f3 segura per a la circulaci\u00f3 de ciclistes i vianants a trav\u00e9s de la CV-520, gr\u00e0cies a l&#8217;actuaci\u00f3 duta a terme per l&#8217;\u00e0rea de Carreteres de la Diputaci\u00f3 de Val\u00e8ncia, titular de la via.<\/p>\n<p>Aquest nou carril ciclopeatonal forma part del Pla de Mobilitat Ciclopeatonal impulsat per la instituci\u00f3 provincial que, tal com ha recordat el diputat de Carreteres, Pablo Segu\u00ed, \u201cest\u00e0 permetent vertebrar les comarques valencianes des de la perspectiva d&#8217;eixos altres usuaris de la carretera, i dins del que ja hem dut a terme, entre uns altres, la connexi\u00f3 entre Villanueva de Castell\u00f3n i Senyera, que inclou l&#8217;acc\u00e9s a Sant Joanet, la ruta entre El Mareny de Barraquetes i Les Palmeres i l&#8217;itinerari ciclopeatonal que uneix Fortaleny amb Sueca passant pel pont Alfonso XIII\u201d.<\/p>\n<p>Segu\u00ed ha visitat les obres en la seua fase final, acompanyat pels alcaldes d&#8217;Alfarp, Catadau i Llombai. A m\u00e9s de la construcci\u00f3 d&#8217;una via ciclopeatonal de 280 metres que connecta els tres municipis en paral\u00b7lel a la carretera, l&#8217;actuaci\u00f3 inclou la reordenaci\u00f3 de la intersecci\u00f3 d&#8217;acc\u00e9s a Alfarp des de la CV-520, mitjan\u00e7ant la inclusi\u00f3 d&#8217;un carril central per a efectuar els girs a esquerra cap al carrer Pintor Sorolla.<\/p>\n<p>En aquests moments, segons van explicar els t\u00e8cnics responsables de l&#8217;obra, \u00fanicament resta dotar el carril ciclopeatonal d&#8217;una capa de pintura i una vorada que separe la nova via visual i f\u00edsicament de la plataforma central de la carretera. Una vegada fet a\u00e7\u00f2, es podr\u00e0 posar en servei la nova infraestructura, a la qual la Diputaci\u00f3 ha destinat un pressupost de 195.000 euros.<\/p>\n<p>El Pla de Mobilitat Ciclopeatonal de la Diputaci\u00f3 de Val\u00e8ncia contempla la creaci\u00f3 al llarg dels pr\u00f2xims 8 anys de m\u00e9s de 130 quil\u00f2metres de rutes ciclopeatonals en un centenar de municipis valencians, de les quals 27 actuacions es concentren en La Ribera i aconsegueixen a pr\u00e0cticament tots els municipis de la comarca, sumant una xarxa de m\u00e9s de 37 quil\u00f2metres de vies, amb una inversi\u00f3 de 12.622.955 euros.<\/p>\n","protected":false},"excerpt":{"rendered":"<div class=\"mh-excerpt\">Despr\u00e9s de m\u00e9s de 15 anys de reivindicacions, els municipis d&#8217;Alfarp, Catadau i Llombai compten ja amb una connexi\u00f3 segura per a la circulaci\u00f3 de ciclistes i vianants a trav\u00e9s de la CV-520, gr\u00e0cies a <a class=\"mh-excerpt-more\" href=\"https:\/\/tucomarca.whitekongsoftware.com\/ca\/la-diputacio-finalitza-el-nou-carril-ciclopeatonal-que-uneix-alfarp-amb-catadau-i-llombai\/\" title=\"La Diputaci\u00f3 finalitza el nou carril ciclopeatonal que uneix Alfarp amb Catadau i Llombai\">[+] <\/a><\/div>\n","protected":false},"author":1,"featured_media":75518,"comment_status":"open","ping_status":"open","sticky":false,"template":"","format":"standard","meta":{"footnotes":""},"categories":[10982,10898,10948,10894,10904,10902,10997,10947,10896],"tags":[10421,11077,10408],"class_list":["post-75517","post","type-post","status-publish","format-standard","has-post-thumbnail","category-alfarp-ca","category-ventana-ca","category-infraestructuras-ca","category-la-comarca-ca","category-sin-categorizar-ca","category-la-ribera-ca","category-llombai-ca","category-politica","category-seccion-ca","tag-alfarp","tag-la-ribera-alta-ca","tag-llombai"],"_links":{"self":[{"href":"https:\/\/tucomarca.whitekongsoftware.com\/ca\/wp-json\/wp\/v2\/posts\/75517","targetHints":{"allow":["GET"]}}],"collection":[{"href":"https:\/\/tucomarca.whitekongsoftware.com\/ca\/wp-json\/wp\/v2\/posts"}],"about":[{"href":"https:\/\/tucomarca.whitekongsoftware.com\/ca\/wp-json\/wp\/v2\/types\/post"}],"author":[{"embeddable":true,"href":"https:\/\/tucomarca.whitekongsoftware.com\/ca\/wp-json\/wp\/v2\/users\/1"}],"replies":[{"embeddable":true,"href":"https:\/\/tucomarca.whitekongsoftware.com\/ca\/wp-json\/wp\/v2\/comments?post=75517"}],"version-history":[{"count":0,"href":"https:\/\/tucomarca.whitekongsoftware.com\/ca\/wp-json\/wp\/v2\/posts\/75517\/revisions"}],"wp:featuredmedia":[{"embeddable":true,"href":"https:\/\/tucomarca.whitekongsoftware.com\/ca\/wp-json\/wp\/v2\/media\/75518"}],"wp:attachment":[{"href":"https:\/\/tucomarca.whitekongsoftware.com\/ca\/wp-json\/wp\/v2\/media?parent=75517"}],"wp:term":[{"taxonomy":"category","embeddable":true,"href":"https:\/\/tucomarca.whitekongsoftware.com\/ca\/wp-json\/wp\/v2\/categories?post=75517"},{"taxonomy":"post_tag","embeddable":true,"href":"https:\/\/tucomarca.whitekongsoftware.com\/ca\/wp-json\/wp\/v2\/tags?post=75517"}],"curies":[{"name":"wp","href":"https:\/\/api.w.org\/{rel}","templated":true}]}}