{"id":75486,"date":"2018-10-05T11:06:01","date_gmt":"2018-10-05T09:06:01","guid":{"rendered":"http:\/\/www.tucomarca.com\/wordpress\/segunda\/?p=75486"},"modified":"2018-10-05T11:06:35","modified_gmt":"2018-10-05T09:06:35","slug":"diputacion-corta-la-cv-364-entre-pedralba-y-benaguasil-por-obras","status":"publish","type":"post","link":"https:\/\/tucomarca.whitekongsoftware.com\/ca\/diputacion-corta-la-cv-364-entre-pedralba-y-benaguasil-por-obras\/","title":{"rendered":"Diputaci\u00f3 talla la CV-364 entre Pedralba i Benaguasil per obres"},"content":{"rendered":"<p>La Diputaci\u00f3 de Val\u00e8ncia ha informat de la prolongaci\u00f3 durant aquest mes d&#8217;octubre del tall de la CV-364 amb motiu de les obres entre Pedralba i Benaguasil.<img loading=\"lazy\" decoding=\"async\" class=\"alignnone size-full wp-image-75483\" src=\"http:\/\/www.tucomarca.com\/wordpress\/segunda\/wp-content\/uploads\/2018\/10\/CorteDipu.jpg\" alt=\"\" width=\"595\" height=\"842\" srcset=\"https:\/\/tucomarca.whitekongsoftware.com\/wp-content\/uploads\/2018\/10\/CorteDipu.jpg 595w, https:\/\/tucomarca.whitekongsoftware.com\/wp-content\/uploads\/2018\/10\/CorteDipu-212x300.jpg 212w\" sizes=\"auto, (max-width: 595px) 100vw, 595px\" \/><\/p>\n","protected":false},"excerpt":{"rendered":"<div class=\"mh-excerpt\">La Diputaci\u00f3 de Val\u00e8ncia ha informat de la prolongaci\u00f3 durant aquest mes d&#8217;octubre del tall de la CV-364 amb motiu de les obres entre Pedralba i Benaguasil.<\/div>\n","protected":false},"author":1,"featured_media":75484,"comment_status":"open","ping_status":"open","sticky":false,"template":"","format":"standard","meta":{"footnotes":""},"categories":[10952,10892,11046,10898,10948,10894,11025,10947,10896],"tags":[10899,8606,11080],"class_list":["post-75486","post","type-post","status-publish","format-standard","has-post-thumbnail","category-benaguasil-ca","category-camp-de-turia-ca","category-los-serranos-ca","category-ventana-ca","category-infraestructuras-ca","category-la-comarca-ca","category-pedralba-ca","category-politica","category-seccion-ca","tag-camp-de-turia-ca","tag-els-serrans","tag-los-serranos-ca"],"_links":{"self":[{"href":"https:\/\/tucomarca.whitekongsoftware.com\/ca\/wp-json\/wp\/v2\/posts\/75486","targetHints":{"allow":["GET"]}}],"collection":[{"href":"https:\/\/tucomarca.whitekongsoftware.com\/ca\/wp-json\/wp\/v2\/posts"}],"about":[{"href":"https:\/\/tucomarca.whitekongsoftware.com\/ca\/wp-json\/wp\/v2\/types\/post"}],"author":[{"embeddable":true,"href":"https:\/\/tucomarca.whitekongsoftware.com\/ca\/wp-json\/wp\/v2\/users\/1"}],"replies":[{"embeddable":true,"href":"https:\/\/tucomarca.whitekongsoftware.com\/ca\/wp-json\/wp\/v2\/comments?post=75486"}],"version-history":[{"count":0,"href":"https:\/\/tucomarca.whitekongsoftware.com\/ca\/wp-json\/wp\/v2\/posts\/75486\/revisions"}],"wp:featuredmedia":[{"embeddable":true,"href":"https:\/\/tucomarca.whitekongsoftware.com\/ca\/wp-json\/wp\/v2\/media\/75484"}],"wp:attachment":[{"href":"https:\/\/tucomarca.whitekongsoftware.com\/ca\/wp-json\/wp\/v2\/media?parent=75486"}],"wp:term":[{"taxonomy":"category","embeddable":true,"href":"https:\/\/tucomarca.whitekongsoftware.com\/ca\/wp-json\/wp\/v2\/categories?post=75486"},{"taxonomy":"post_tag","embeddable":true,"href":"https:\/\/tucomarca.whitekongsoftware.com\/ca\/wp-json\/wp\/v2\/tags?post=75486"}],"curies":[{"name":"wp","href":"https:\/\/api.w.org\/{rel}","templated":true}]}}