{"id":75390,"date":"2018-10-02T18:09:40","date_gmt":"2018-10-02T16:09:40","guid":{"rendered":"http:\/\/www.tucomarca.com\/wordpress\/segunda\/?p=75390"},"modified":"2018-10-02T18:09:40","modified_gmt":"2018-10-02T16:09:40","slug":"la-mancomunitat-de-la-foia-comptara-amb-un-servei-digualtat-enfocat-al-desenvolupament-de-la-dona-que-atendra-els-municipis-de-la-comarca","status":"publish","type":"post","link":"https:\/\/tucomarca.whitekongsoftware.com\/ca\/la-mancomunitat-de-la-foia-comptara-amb-un-servei-digualtat-enfocat-al-desenvolupament-de-la-dona-que-atendra-els-municipis-de-la-comarca\/","title":{"rendered":"La Mancomunitat de la Foia comptar\u00e0 amb un servei d&#8217;Igualtat enfocat al desenvolupament de la dona que atendr\u00e0 els municipis de la comarca"},"content":{"rendered":"<figure id=\"attachment_75387\" aria-describedby=\"caption-attachment-75387\" style=\"width: 426px\" class=\"wp-caption alignleft\"><img loading=\"lazy\" decoding=\"async\" class=\" wp-image-75387\" src=\"http:\/\/www.tucomarca.com\/wordpress\/segunda\/wp-content\/uploads\/2018\/10\/mancomigualdad.jpg\" alt=\"Este servicio mancomunado se inserta en el marco de expansi\u00f3n prevista de la Red Valenciana de Agentes de Igualdad.\" width=\"426\" height=\"319\" srcset=\"https:\/\/tucomarca.whitekongsoftware.com\/wp-content\/uploads\/2018\/10\/mancomigualdad.jpg 1024w, https:\/\/tucomarca.whitekongsoftware.com\/wp-content\/uploads\/2018\/10\/mancomigualdad-300x225.jpg 300w, https:\/\/tucomarca.whitekongsoftware.com\/wp-content\/uploads\/2018\/10\/mancomigualdad-768x576.jpg 768w\" sizes=\"auto, (max-width: 426px) 100vw, 426px\" \/><figcaption id=\"caption-attachment-75387\" class=\"wp-caption-text\">Aquest servei mancomunat s&#8217;insereix en el marc d&#8217;expansi\u00f3 prevista de la Xarxa Valenciana d&#8217;Agents d&#8217;Igualtat.<\/figcaption><\/figure>\n<p>El passat dijous 27 de setembre, la Directora General de l&#8217;Institut Valenci\u00e0 de les Dones i per la Igualtat de G\u00e8nere, Mar\u00eda Such, va visitar la seu de la Mancomunitat de la Foia de Bunyol-Xiva per mantenir una reuni\u00f3 amb els alcaldes i regidors d&#8217;Igualtat dels municipis que conformen aquesta entitat. L&#8217;objectiu d&#8217;aquesta cita era anunciar la contractaci\u00f3 d&#8217;un perfil d&#8217;Agent d&#8217;Igualtat que prestar\u00e0 servei a la Mancomunitat.<\/p>\n<p>&#8220;La visita d&#8217;Such respon a les reivindicacions que, des de diferents pobles de la Foia, venim fent per reclamar una persona que exerceixi la funci\u00f3 d&#8217;Agent d&#8217;Igualtat a la nostra comarca&#8221;, apuntava la regidora d&#8217;Igualtat de l&#8217;Ajuntament de Xest, Ainoha Albiach. &#8220;El problema radicava que, fins ara, aquesta figura nom\u00e9s estava contemplada en mancomunitats amb municipis de m\u00e9s de 20.000 habitants, deixant fora a moltes poblacions com Xest, per\u00f2 gr\u00e0cies a les nostres peticions, la Foia de Bunyol-Xiva comptar\u00e0 amb un servei de atenci\u00f3 a les dones a partir de gener, subvencionat per Conselleria. \u00c9s una gran not\u00edcia per a la Foia i per Xest &#8220;.<\/p>\n<p>Aquest servei mancomunat s&#8217;insereix en el marc d&#8217;expansi\u00f3 prevista de la Xarxa Valenciana d&#8217;Agents d&#8217;Igualtat, impulsat per la Conselleria d&#8217;Igualtat i Pol\u00edtiques Inclusives, que concedir\u00e0 una subvenci\u00f3 de 33.400 euros per a la contractaci\u00f3 d&#8217;una persona que exerceixi la funci\u00f3 d&#8217;Agent de igualtat en la Foia de Bunyol-Xiva.<\/p>\n<p>&#8220;Estem molt agra\u00efts a la Generalitat per satisfer una reivindicaci\u00f3 de la Mancomunitat i fer arribar amb aix\u00f2 les pol\u00edtiques de promoci\u00f3 de la dona a tots els municipis de la comarca&#8221;, declarava el president de la Mancomunitat i alcalde de Xest, Jos\u00e9 Morell.<\/p>\n<p>Objectius de la iniciativa<\/p>\n<p>Aquesta iniciativa enfocada al desenvolupament de les dones comptar\u00e0 amb campanyes de sensibilitzaci\u00f3 sobre igualtat d&#8217;oportunitats, plans de suport i assessorament en la prevenci\u00f3 i detecci\u00f3 de viol\u00e8ncia de g\u00e8nere, plans d&#8217;orientaci\u00f3 per a la inserci\u00f3 en el m\u00f3n laboral, planificaci\u00f3 de projectes d&#8217;associacionisme i plans d&#8217;igualtat en l&#8217;\u00e0mbit municipal i comarcal.<\/p>\n","protected":false},"excerpt":{"rendered":"<div class=\"mh-excerpt\">El passat dijous 27 de setembre, la Directora General de l&#8217;Institut Valenci\u00e0 de les Dones i per la Igualtat de G\u00e8nere, Mar\u00eda Such, va visitar la seu de la Mancomunitat de la Foia de Bunyol-Xiva <a class=\"mh-excerpt-more\" href=\"https:\/\/tucomarca.whitekongsoftware.com\/ca\/la-mancomunitat-de-la-foia-comptara-amb-un-servei-digualtat-enfocat-al-desenvolupament-de-la-dona-que-atendra-els-municipis-de-la-comarca\/\" title=\"La Mancomunitat de la Foia comptar\u00e0 amb un servei d&#8217;Igualtat enfocat al desenvolupament de la dona que atendr\u00e0 els municipis de la comarca\">[+] <\/a><\/div>\n","protected":false},"author":1,"featured_media":75388,"comment_status":"open","ping_status":"open","sticky":false,"template":"","format":"standard","meta":{"footnotes":""},"categories":[10973,10911,10976,10898,10977,10980,10948,10894,10912,10978,10947,10896,10979,10974,10975],"tags":[11108],"class_list":["post-75390","post","type-post","status-publish","format-standard","has-post-thumbnail","category-alborache-ca","category-bunol-ca","category-dos-aguas-ca","category-ventana-ca","category-godelleta-ca","category-yatova-ca","category-infraestructuras-ca","category-la-comarca-ca","category-la-hoya-ca","category-macastre-ca","category-politica","category-seccion-ca","category-siete-aguas-ca","category-cheste-ca","category-chiva-ca","tag-la-foia-de-bunyol-xiva"],"_links":{"self":[{"href":"https:\/\/tucomarca.whitekongsoftware.com\/ca\/wp-json\/wp\/v2\/posts\/75390","targetHints":{"allow":["GET"]}}],"collection":[{"href":"https:\/\/tucomarca.whitekongsoftware.com\/ca\/wp-json\/wp\/v2\/posts"}],"about":[{"href":"https:\/\/tucomarca.whitekongsoftware.com\/ca\/wp-json\/wp\/v2\/types\/post"}],"author":[{"embeddable":true,"href":"https:\/\/tucomarca.whitekongsoftware.com\/ca\/wp-json\/wp\/v2\/users\/1"}],"replies":[{"embeddable":true,"href":"https:\/\/tucomarca.whitekongsoftware.com\/ca\/wp-json\/wp\/v2\/comments?post=75390"}],"version-history":[{"count":0,"href":"https:\/\/tucomarca.whitekongsoftware.com\/ca\/wp-json\/wp\/v2\/posts\/75390\/revisions"}],"wp:featuredmedia":[{"embeddable":true,"href":"https:\/\/tucomarca.whitekongsoftware.com\/ca\/wp-json\/wp\/v2\/media\/75388"}],"wp:attachment":[{"href":"https:\/\/tucomarca.whitekongsoftware.com\/ca\/wp-json\/wp\/v2\/media?parent=75390"}],"wp:term":[{"taxonomy":"category","embeddable":true,"href":"https:\/\/tucomarca.whitekongsoftware.com\/ca\/wp-json\/wp\/v2\/categories?post=75390"},{"taxonomy":"post_tag","embeddable":true,"href":"https:\/\/tucomarca.whitekongsoftware.com\/ca\/wp-json\/wp\/v2\/tags?post=75390"}],"curies":[{"name":"wp","href":"https:\/\/api.w.org\/{rel}","templated":true}]}}