{"id":75219,"date":"2018-09-27T11:21:57","date_gmt":"2018-09-27T09:21:57","guid":{"rendered":"http:\/\/www.tucomarca.com\/wordpress\/segunda\/?p=75219"},"modified":"2018-09-27T11:21:57","modified_gmt":"2018-09-27T09:21:57","slug":"el-pp-porta-als-tribunals-la-desnitrificadora-de-leliana","status":"publish","type":"post","link":"https:\/\/tucomarca.whitekongsoftware.com\/ca\/el-pp-porta-als-tribunals-la-desnitrificadora-de-leliana\/","title":{"rendered":"El PP porta als tribunals la desnitrificadora de l&#8217;Eliana &#8220;"},"content":{"rendered":"<p><img loading=\"lazy\" decoding=\"async\" class=\" wp-image-69458 alignleft\" src=\"http:\/\/www.tucomarca.com\/wordpress\/segunda\/wp-content\/uploads\/2018\/05\/logoPP.jpg\" alt=\"\" width=\"327\" height=\"137\" srcset=\"https:\/\/tucomarca.whitekongsoftware.com\/wp-content\/uploads\/2018\/05\/logoPP.jpg 600w, https:\/\/tucomarca.whitekongsoftware.com\/wp-content\/uploads\/2018\/05\/logoPP-300x126.jpg 300w\" sizes=\"auto, (max-width: 327px) 100vw, 327px\" \/><\/p>\n<p>La Planta desnitrificadora de l&#8217;Eliana porta constru\u00efda i llista per subministrar aigua potable als ve\u00efns des de 2011. Unes discrep\u00e0ncies entre l&#8217;Ajuntament i l&#8217;empresa p\u00fablica Acuamed sobre el pagament de la mateixa han evitat la seva posada en marxa. L&#8217;obra que es va pressupostar en 4,5 milions d&#8217;euros ha tingut un sobrecost de 12.000.000 d&#8217;euros, arribant a la xifra de 16,5 milions d &#8216;\u20ac.<\/p>\n<p>Mentrestant, els ve\u00efns disposen d&#8217;una aigua considerada com &#8220;NO APTA PER AL CONSUM HUM\u00c0&#8221; en superar la seva concentraci\u00f3 de Nitrats els 50 mg \/ litre. El Partit Popular de l&#8217;Eliana, que ha estat l&#8217;\u00fanic partit que ha q\u00fcestionat els termes del sobrecost, responsabilitza directament al Psoe del sobrecost, considera que la majoria d&#8217;increments dels sol\u00b7licitaven ells sense ser necessaris. Al municipi ve\u00ed de Benaguasil tenien el mateix problema de Nitrats i ho van solucionar construint una planta similar per menys de 400.000 euros.<\/p>\n<p>El PP de l&#8217;Eliana &#8220;fart&#8221; de les nombroses promeses incomplertes del Psoe en relaci\u00f3 a l&#8217;obertura de la Planta, ha presentat una moci\u00f3, que es debatr\u00e0 en el proper Ple, perqu\u00e8 es demani als tribunals i se sol\u00b7liciti com a mesura cautelar la &#8220;immediata posada en marxa de la Planta desnitrificadora per motius de salut p\u00fablica&#8221;.<\/p>\n<p>Cal recordar que fa diversos mesos el departament de Salut P\u00fablica de la Generalitat Valenciana va obligar a l&#8217;Ajuntament de l&#8217;Eliana a comunicar als seus ve\u00efns que no podien ingerir l&#8217;aigua subministrada per comportar un risc per a la salut, advertint que no es begu\u00e9s ni cuin\u00e9s amb ella.<\/p>\n<p>En declaracions del portaveu del PP, Sota Ib\u00e1\u00f1ez, &#8220;no podem esperar de mans creuades al fet que l&#8217;Ajuntament es decideixi a posar en marxa la planta. Portem des de 2011 amb una soluci\u00f3 llista i per la incompet\u00e8ncia dels que ens governen no tenim aigua potable. escoltem un mes rere l&#8217;altre que l&#8217;obertura \u00e9s imminent per\u00f2 la realitat \u00e9s que s&#8217;ha mantingut tancada per motius electorals i ara tenim els documents que ho demostren &#8220;.<\/p>\n<p>&nbsp;<\/p>\n","protected":false},"excerpt":{"rendered":"<div class=\"mh-excerpt\">La Planta desnitrificadora de l&#8217;Eliana porta constru\u00efda i llista per subministrar aigua potable als ve\u00efns des de 2011. Unes discrep\u00e0ncies entre l&#8217;Ajuntament i l&#8217;empresa p\u00fablica Acuamed sobre el pagament de la mateixa han evitat la <a class=\"mh-excerpt-more\" href=\"https:\/\/tucomarca.whitekongsoftware.com\/ca\/el-pp-porta-als-tribunals-la-desnitrificadora-de-leliana\/\" title=\"El PP porta als tribunals la desnitrificadora de l&#8217;Eliana &#8220;\">[+] <\/a><\/div>\n","protected":false},"author":1,"featured_media":74456,"comment_status":"open","ping_status":"open","sticky":false,"template":"","format":"standard","meta":{"footnotes":""},"categories":[10892,10894,10904,10893,10947,10896],"tags":[10899,11172],"class_list":["post-75219","post","type-post","status-publish","format-standard","has-post-thumbnail","category-camp-de-turia-ca","category-la-comarca-ca","category-sin-categorizar-ca","category-leliana-ca","category-politica","category-seccion-ca","tag-camp-de-turia-ca","tag-leliana-ca-2"],"_links":{"self":[{"href":"https:\/\/tucomarca.whitekongsoftware.com\/ca\/wp-json\/wp\/v2\/posts\/75219","targetHints":{"allow":["GET"]}}],"collection":[{"href":"https:\/\/tucomarca.whitekongsoftware.com\/ca\/wp-json\/wp\/v2\/posts"}],"about":[{"href":"https:\/\/tucomarca.whitekongsoftware.com\/ca\/wp-json\/wp\/v2\/types\/post"}],"author":[{"embeddable":true,"href":"https:\/\/tucomarca.whitekongsoftware.com\/ca\/wp-json\/wp\/v2\/users\/1"}],"replies":[{"embeddable":true,"href":"https:\/\/tucomarca.whitekongsoftware.com\/ca\/wp-json\/wp\/v2\/comments?post=75219"}],"version-history":[{"count":0,"href":"https:\/\/tucomarca.whitekongsoftware.com\/ca\/wp-json\/wp\/v2\/posts\/75219\/revisions"}],"wp:featuredmedia":[{"embeddable":true,"href":"https:\/\/tucomarca.whitekongsoftware.com\/ca\/wp-json\/wp\/v2\/media\/74456"}],"wp:attachment":[{"href":"https:\/\/tucomarca.whitekongsoftware.com\/ca\/wp-json\/wp\/v2\/media?parent=75219"}],"wp:term":[{"taxonomy":"category","embeddable":true,"href":"https:\/\/tucomarca.whitekongsoftware.com\/ca\/wp-json\/wp\/v2\/categories?post=75219"},{"taxonomy":"post_tag","embeddable":true,"href":"https:\/\/tucomarca.whitekongsoftware.com\/ca\/wp-json\/wp\/v2\/tags?post=75219"}],"curies":[{"name":"wp","href":"https:\/\/api.w.org\/{rel}","templated":true}]}}