{"id":74374,"date":"2018-09-12T09:41:09","date_gmt":"2018-09-12T07:41:09","guid":{"rendered":"http:\/\/www.tucomarca.com\/wordpress\/segunda\/?p=74374"},"modified":"2018-09-12T09:41:09","modified_gmt":"2018-09-12T07:41:09","slug":"la-comissio-informativa-rebutja-per-majoria-absoluta-debatre-en-ple-la-reprovacio-de-lalcalde-de-riba-roja-per-assumptes-ocorreguts-fa-7-anys","status":"publish","type":"post","link":"https:\/\/tucomarca.whitekongsoftware.com\/ca\/la-comissio-informativa-rebutja-per-majoria-absoluta-debatre-en-ple-la-reprovacio-de-lalcalde-de-riba-roja-per-assumptes-ocorreguts-fa-7-anys\/","title":{"rendered":"La comissi\u00f3 informativa rebutja per majoria absoluta debatre en ple la reprovaci\u00f3 de l&#8217;alcalde de Riba-roja per assumptes ocorreguts fa 7 anys"},"content":{"rendered":"<figure id=\"attachment_74375\" aria-describedby=\"caption-attachment-74375\" style=\"width: 398px\" class=\"wp-caption alignleft\"><img loading=\"lazy\" decoding=\"async\" class=\" wp-image-74375\" src=\"http:\/\/www.tucomarca.com\/wordpress\/segunda\/wp-content\/uploads\/2018\/09\/plenoRiba-roja2-2.jpg\" alt=\"Este organismo considera que los hechos pertenecen a la esfera privada.\" width=\"398\" height=\"224\" srcset=\"https:\/\/tucomarca.whitekongsoftware.com\/wp-content\/uploads\/2018\/09\/plenoRiba-roja2-2.jpg 850w, https:\/\/tucomarca.whitekongsoftware.com\/wp-content\/uploads\/2018\/09\/plenoRiba-roja2-2-300x169.jpg 300w, https:\/\/tucomarca.whitekongsoftware.com\/wp-content\/uploads\/2018\/09\/plenoRiba-roja2-2-768x432.jpg 768w\" sizes=\"auto, (max-width: 398px) 100vw, 398px\" \/><figcaption id=\"caption-attachment-74375\" class=\"wp-caption-text\">Este organismo considera que los hechos pertenecen a la esfera privada.<\/figcaption><\/figure>\n<p>La comissi\u00f3 informativa de Serveis P\u00fablics, Dona i R\u00e8gim Jur\u00eddic de l&#8217;Ajuntament de Riba-roja de T\u00faria va rebutjar per majoria absoluta dels seus components debatre en el ple municipal ordinari d&#8217;ahir dilluns una moci\u00f3 de Riba-roja Pot a la qual s&#8217;instava a reprovar el alcalde de la localitat, Robert Raga, per uns fets que es remunten a l&#8217;any 2011, pertanyents a la seva esfera privada i la sent\u00e8ncia judicial va ser p\u00fablica i, per tant, a l&#8217;abast de tots.<\/p>\n<p>La moci\u00f3 de Riba-roja Pot reprovava l&#8217;alcalde pels insults i les amenaces masclistes i xen\u00f2fobes que segons el parer d&#8217;aquesta formaci\u00f3 pol\u00edtica va realitzar contra una ve\u00efna de la localitat mentre practicava la ca\u00e7a en una partida del terme municipal al costat de dues persones a l&#8217;octubre de 2011 als que es va condemnar amb una multa de 60 euros per\u00f2 de cap manera la decisi\u00f3 estableix que l&#8217;autor dels mateixos fos Raga.<\/p>\n<p>La proposta que aquest partit de l&#8217;oposici\u00f3 intentava elevar al ple municipal per al seu posterior debat va ser analitzada detingudament en el transcurs de l&#8217;esmentada comissi\u00f3 informativa, \u00f2rgan d&#8217;obligat compliment segons la legislaci\u00f3 vigent, en la qual es va decidir amb els vots de l&#8217;equip de govern -format pel PSPV, Comprom\u00eds i Esquerra Unida i de Ciutadans mentre que Riba-roja Pot i el Partit Popular van ratificar el seu vot favorable.<\/p>\n<p>L&#8217;equip de govern considera que el debat d&#8217;aquests fets &#8220;de cap manera pertany al ple municipal ja que es tracta d&#8217;uns esdeveniments debatuts i jutjats de fa anys, que pertanyen a l&#8217;esfera privada de les persones, que mai s&#8217;han ocultat ja que totes les sent\u00e8ncies judicials tenen un car\u00e0cter p\u00fablic com no podia ser d&#8217;una altra manera, per desgr\u00e0cia, Riba-roja Pot ha entrat en una perillosa espiral en la qual tot val en pol\u00edtica per tal d&#8217;aconseguir uns vots m\u00e9s, sense importar-los el progr\u00e9s i benestar de tots els nostres ve\u00efns i ve\u00efnes &#8220;.<\/p>\n<p>L&#8217;equip de govern adverteix que els successos que es relaten en la moci\u00f3 municipal de Riba-roja Pot &#8220;contenen m\u00faltiples falsedats que han intentat manipular per tal d&#8217;obtenir un r\u00e8dit pol\u00edtic perqu\u00e8 el seu \u00fanic objectiu des de l&#8217;inici de l&#8217;actual mandat \u00e9s tacar la imatge del govern municipal i de l&#8217;alcalde, encara que per aix\u00f2 hagin de tra\u00e7ar una estrat\u00e8gia conjunta amb el Partit Popular per obtenir els seus guanys pol\u00edtics; obliden que durant aquesta legislatura hem hagut de solucionar tots els problemes i desastres que vam heretar despr\u00e9s dels 20 anys de mala gesti\u00f3 de els populars &#8220;.<\/p>\n<p>&nbsp;<\/p>\n","protected":false},"excerpt":{"rendered":"<div class=\"mh-excerpt\">La comissi\u00f3 informativa de Serveis P\u00fablics, Dona i R\u00e8gim Jur\u00eddic de l&#8217;Ajuntament de Riba-roja de T\u00faria va rebutjar per majoria absoluta dels seus components debatre en el ple municipal ordinari d&#8217;ahir dilluns una moci\u00f3 de <a class=\"mh-excerpt-more\" href=\"https:\/\/tucomarca.whitekongsoftware.com\/ca\/la-comissio-informativa-rebutja-per-majoria-absoluta-debatre-en-ple-la-reprovacio-de-lalcalde-de-riba-roja-per-assumptes-ocorreguts-fa-7-anys\/\" title=\"La comissi\u00f3 informativa rebutja per majoria absoluta debatre en ple la reprovaci\u00f3 de l&#8217;alcalde de Riba-roja per assumptes ocorreguts fa 7 anys\">[+] <\/a><\/div>\n","protected":false},"author":1,"featured_media":74375,"comment_status":"open","ping_status":"open","sticky":false,"template":"","format":"standard","meta":{"footnotes":""},"categories":[10892,10898,10948,10894,10947,10906,10896],"tags":[10899,11102],"class_list":["post-74374","post","type-post","status-publish","format-standard","has-post-thumbnail","category-camp-de-turia-ca","category-ventana-ca","category-infraestructuras-ca","category-la-comarca-ca","category-politica","category-riba-roja-ca","category-seccion-ca","tag-camp-de-turia-ca","tag-riba-roja-2-ca"],"_links":{"self":[{"href":"https:\/\/tucomarca.whitekongsoftware.com\/ca\/wp-json\/wp\/v2\/posts\/74374","targetHints":{"allow":["GET"]}}],"collection":[{"href":"https:\/\/tucomarca.whitekongsoftware.com\/ca\/wp-json\/wp\/v2\/posts"}],"about":[{"href":"https:\/\/tucomarca.whitekongsoftware.com\/ca\/wp-json\/wp\/v2\/types\/post"}],"author":[{"embeddable":true,"href":"https:\/\/tucomarca.whitekongsoftware.com\/ca\/wp-json\/wp\/v2\/users\/1"}],"replies":[{"embeddable":true,"href":"https:\/\/tucomarca.whitekongsoftware.com\/ca\/wp-json\/wp\/v2\/comments?post=74374"}],"version-history":[{"count":0,"href":"https:\/\/tucomarca.whitekongsoftware.com\/ca\/wp-json\/wp\/v2\/posts\/74374\/revisions"}],"wp:featuredmedia":[{"embeddable":true,"href":"https:\/\/tucomarca.whitekongsoftware.com\/ca\/wp-json\/wp\/v2\/media\/74375"}],"wp:attachment":[{"href":"https:\/\/tucomarca.whitekongsoftware.com\/ca\/wp-json\/wp\/v2\/media?parent=74374"}],"wp:term":[{"taxonomy":"category","embeddable":true,"href":"https:\/\/tucomarca.whitekongsoftware.com\/ca\/wp-json\/wp\/v2\/categories?post=74374"},{"taxonomy":"post_tag","embeddable":true,"href":"https:\/\/tucomarca.whitekongsoftware.com\/ca\/wp-json\/wp\/v2\/tags?post=74374"}],"curies":[{"name":"wp","href":"https:\/\/api.w.org\/{rel}","templated":true}]}}